{"id":41759,"date":"2024-03-15T10:24:10","date_gmt":"2024-03-15T08:24:10","guid":{"rendered":"https:\/\/www.ekonomit.fi\/news\/anne-delgoulet-started-as-an-international-liaison-coordinator\/"},"modified":"2024-03-15T10:28:01","modified_gmt":"2024-03-15T08:28:01","slug":"anne-delgoulet-started-as-an-international-liaison-coordinator","status":"publish","type":"post","link":"https:\/\/www.ekonomit.fi\/en\/community\/anne-delgoulet-started-as-an-international-liaison-coordinator\/","title":{"rendered":"Anne Delgoulet started as an international liaison coordinator"},"content":{"rendered":"\n<figure class=\"wp-block-image size-large\"><img decoding=\"async\" width=\"1024\" height=\"683\" src=\"https:\/\/www.ekonomit.fi\/wp-content\/uploads\/2024\/03\/Anne-Delgoulet-1024x683.jpg\" alt=\"\" class=\"wp-image-41753\" srcset=\"https:\/\/www.ekonomit.fi\/wp-content\/uploads\/2024\/03\/Anne-Delgoulet-1024x683.jpg 1024w, https:\/\/www.ekonomit.fi\/wp-content\/uploads\/2024\/03\/Anne-Delgoulet-300x200.jpg 300w, https:\/\/www.ekonomit.fi\/wp-content\/uploads\/2024\/03\/Anne-Delgoulet-768x512.jpg 768w, https:\/\/www.ekonomit.fi\/wp-content\/uploads\/2024\/03\/Anne-Delgoulet-50x33.jpg 50w, https:\/\/www.ekonomit.fi\/wp-content\/uploads\/2024\/03\/Anne-Delgoulet-1536x1024.jpg 1536w, https:\/\/www.ekonomit.fi\/wp-content\/uploads\/2024\/03\/Anne-Delgoulet-1200x800.jpg 1200w, https:\/\/www.ekonomit.fi\/wp-content\/uploads\/2024\/03\/Anne-Delgoulet.jpg 1600w\" sizes=\"(max-width: 1024px) 100vw, 1024px\" \/><\/figure>\n\n\n\n<h2 class=\"wp-block-heading\">Hi Anne,<strong> who are you and where do you come from?<\/strong><\/h2>\n\n\n\n<p>I&#8217;m Anne Delgoulet, my initials are indeed ABCD, but people just call me \u201cAnn\u201d. I am the new and first Internation Liaison Coordinator here at Suomen Ekonomit.&nbsp;&nbsp;<\/p>\n\n\n\n<p>I am native French: I had lived all my life in the same small village, Montmoreau St Cybard  \u2013 very typical countryside village \u2013 until I moved to Helsinki. Well, that is not quite true. I did live two months in Spain to learn the language and six months in Helsinki as an exchange student.&nbsp;<\/p>\n\n\n\n<p>My Dad is a jazz fan, so I grew up surrounded by music, going to concerts and festivals. Hence, I thought of making career in the cultural event industry. I helped producing a bunch of jazz\/classic music festivals and concerts, and worked for artist management companies. Once here, I found it easier to integrate the labor market by making use of my business degree working for Finnish startups.&nbsp;<\/p>\n\n\n\n<h2 class=\"wp-block-heading\"><strong>Tell us about your role at Suomen Ekonomit<\/strong><\/h2>\n\n\n\n<p>I am part of the big and multifaceted Customer Experience team, that does everything from communication, member recruitment and events to customer service, student affairs and data analytics. &nbsp;<\/p>\n\n\n\n<p>I am especially focusing on:&nbsp;<\/p>\n\n\n\n<ul class=\"wp-block-list\">\n<li>increasing the awareness of non-Finnish-speaking and foreign-born talents on what unions are and what they do for them, students and graduates alike&nbsp;<\/li>\n\n\n\n<li>ensuring that they feel welcome at Suomen Ekonomit: our services are immediately accessible and understandable to them<\/li>\n\n\n\n<li>maximizing their satisfaction with their membership<\/li>\n\n\n\n<li>developing English-friendly opportunities for all our members.&nbsp;<\/li>\n<\/ul>\n\n\n\n<h2 class=\"wp-block-heading\"><strong>What sparked your interest in this job and Suomen Ekonomit?<\/strong>&nbsp;<\/h2>\n\n\n\n<p>It is a funny story because I was receiving career search support from Suomen Ekonomit when encountered the job ad. I read it and to me it basically said: &#8220;looking for someone that would support internationals finding their way through the Finnish work life and labor market with the help of a union&#8221;. Which is me. That\u2019s what happened to me. I am foreign, I work and live here, and I joined the union Suomen Ekonomit which helped loads with both things.&nbsp;<\/p>\n\n\n\n<h2 class=\"wp-block-heading\"><strong>How was your first week at the office?&nbsp;<\/strong>&nbsp;<\/h2>\n\n\n\n<p>Very informational, and I still have so many questions! It\u2019s a very positive experience. Everyone is very welcoming even though it is an adjustment: I am the first non-Finnish-speaking employee. And I love that for Suomen Ekonomit. They (We) are walking the walk of DEI, putting our money where our mouth is: recruiting internationals is crucial and positive for Finnish companies, economy and society.&nbsp;<\/p>\n\n\n\n<h2 class=\"wp-block-heading\"><strong>What motivates you in your work?<\/strong>&nbsp;<\/h2>\n\n\n\n<p>The feeling of being useful. That has always been my drive. I know what I good at and I love seeing it being of use anywhere I can.&nbsp;&nbsp;<\/p>\n\n\n\n<h2 class=\"wp-block-heading\"><strong>If you were a fictional character, who would you be and why?<\/strong>&nbsp;<\/h2>\n\n\n\n<p>I have been told I am a bit of <strong>Hermione Granger<\/strong>, I must confess\u2026though I would have ended up at Ravenclaw says all \u201cWhich Hogwarts\u2019 House are you\u201d online quiz.&nbsp;<\/p>\n\n\n\n<h2 class=\"wp-block-heading\">Who else do we have working here? Read more <\/h2>\n\n\n\n<figure class=\"wp-block-embed is-type-wp-embed is-provider-suomen-ekonomit wp-block-embed-suomen-ekonomit\"><div class=\"wp-block-embed__wrapper\">\n<blockquote class=\"wp-embedded-content\" data-secret=\"qrxbJSRcx5\"><a href=\"https:\/\/www.ekonomit.fi\/yhteiso\/lotta-leinonen-ekonomeille-koulutuspolitiikan-erityisasiantuntijaksi\/\">Lotta Leinonen Ekonomeille koulutuspolitiikan erityisasiantuntijaksi<\/a><\/blockquote><iframe class=\"wp-embedded-content\" sandbox=\"allow-scripts\" security=\"restricted\" style=\"position: absolute; clip: rect(1px, 1px, 1px, 1px);\" title=\"&#8220;Lotta Leinonen Ekonomeille koulutuspolitiikan erityisasiantuntijaksi&#8221; &#8212; Suomen Ekonomit\" src=\"https:\/\/www.ekonomit.fi\/yhteiso\/lotta-leinonen-ekonomeille-koulutuspolitiikan-erityisasiantuntijaksi\/embed\/#?secret=V3dXDoXk3k#?secret=qrxbJSRcx5\" data-secret=\"qrxbJSRcx5\" width=\"500\" height=\"282\" frameborder=\"0\" marginwidth=\"0\" marginheight=\"0\" scrolling=\"no\"><\/iframe>\n<\/div><\/figure>\n\n\n\n<figure class=\"wp-block-embed is-type-wp-embed is-provider-suomen-ekonomit wp-block-embed-suomen-ekonomit\"><div class=\"wp-block-embed__wrapper\">\n<blockquote class=\"wp-embedded-content\" data-secret=\"5k5bHCJVS4\"><a href=\"https:\/\/www.ekonomit.fi\/yhteiso\/kristian-raitio-siirtyy-tiedolla-johtamisen-ja-digitaalisten-palvelujen-paallikoksi\/\">Kristian Raitio siirtyy tiedolla johtamisen ja digitaalisten palvelujen p\u00e4\u00e4llik\u00f6ksi<\/a><\/blockquote><iframe class=\"wp-embedded-content\" sandbox=\"allow-scripts\" security=\"restricted\" style=\"position: absolute; clip: rect(1px, 1px, 1px, 1px);\" title=\"&#8220;Kristian Raitio siirtyy tiedolla johtamisen ja digitaalisten palvelujen p\u00e4\u00e4llik\u00f6ksi&#8221; &#8212; Suomen Ekonomit\" src=\"https:\/\/www.ekonomit.fi\/yhteiso\/kristian-raitio-siirtyy-tiedolla-johtamisen-ja-digitaalisten-palvelujen-paallikoksi\/embed\/#?secret=RsGHaBZUx6#?secret=5k5bHCJVS4\" data-secret=\"5k5bHCJVS4\" width=\"500\" height=\"282\" frameborder=\"0\" marginwidth=\"0\" marginheight=\"0\" scrolling=\"no\"><\/iframe>\n<\/div><\/figure>\n<div class=\"rns\" data-title=\"Anne Delgoulet started as an international liaison coordinator\" data-tags=\"\" data-categories=\"Community\" data-comments=\"0\" data-date=\"1710498250000\" data-author=\"idalevanen\" data-single=\"\" data-url=\"https:\/\/www.ekonomit.fi\/en\/community\/anne-delgoulet-started-as-an-international-liaison-coordinator\/\"><\/div> <!-- Check out https:\/\/reactandshare.com -->","protected":false},"excerpt":{"rendered":"<p>Delgoulet&#8217;s role is to support the advocacy work of Suomen Ekonomit in terms of DEI, especially for non-Finnish-speaking and foreign-born students and talents. <\/p>\n","protected":false},"author":4,"featured_media":41754,"comment_status":"closed","ping_status":"closed","sticky":false,"template":"","format":"standard","meta":{"_acf_changed":false,"inline_featured_image":false,"advgb_blocks_editor_width":"","advgb_blocks_columns_visual_guide":"","_jetpack_memberships_contains_paid_content":false,"footnotes":""},"categories":[119],"tags":[],"class_list":["post-41759","post","type-post","status-publish","format-standard","has-post-thumbnail","hentry","category-community"],"acf":[],"yoast_head":"<!-- This site is optimized with the Yoast SEO plugin v27.4 - https:\/\/yoast.com\/product\/yoast-seo-wordpress\/ -->\n<title>Anne Delgoulet started as an international liaison coordinator - Suomen Ekonomit<\/title>\n<meta name=\"robots\" content=\"index, follow, max-snippet:-1, max-image-preview:large, max-video-preview:-1\" \/>\n<link rel=\"canonical\" href=\"https:\/\/www.ekonomit.fi\/en\/community\/anne-delgoulet-started-as-an-international-liaison-coordinator\/\" \/>\n<meta property=\"og:locale\" content=\"en_US\" \/>\n<meta property=\"og:type\" content=\"article\" \/>\n<meta property=\"og:title\" content=\"Anne Delgoulet started as an international liaison coordinator - Suomen Ekonomit\" \/>\n<meta property=\"og:description\" content=\"Delgoulet&#039;s role is to support the advocacy work of Suomen Ekonomit in terms of DEI, especially for non-Finnish-speaking and foreign-born students and talents.\" \/>\n<meta property=\"og:url\" content=\"https:\/\/www.ekonomit.fi\/en\/community\/anne-delgoulet-started-as-an-international-liaison-coordinator\/\" \/>\n<meta property=\"og:site_name\" content=\"Suomen Ekonomit\" \/>\n<meta property=\"article:published_time\" content=\"2024-03-15T08:24:10+00:00\" \/>\n<meta property=\"article:modified_time\" content=\"2024-03-15T08:28:01+00:00\" \/>\n<meta property=\"og:image\" content=\"https:\/\/www.ekonomit.fi\/wp-content\/uploads\/2024\/03\/Anne-Delgoulet.jpg\" \/>\n\t<meta property=\"og:image:width\" content=\"1600\" \/>\n\t<meta property=\"og:image:height\" content=\"1067\" \/>\n\t<meta property=\"og:image:type\" content=\"image\/jpeg\" \/>\n<meta name=\"author\" content=\"idalevanen\" \/>\n<meta name=\"twitter:card\" content=\"summary_large_image\" \/>\n<meta name=\"twitter:label1\" content=\"Written by\" \/>\n\t<meta name=\"twitter:data1\" content=\"idalevanen\" \/>\n\t<meta name=\"twitter:label2\" content=\"Est. reading time\" \/>\n\t<meta name=\"twitter:data2\" content=\"4 minutes\" \/>\n<script type=\"application\/ld+json\" class=\"yoast-schema-graph\">{\"@context\":\"https:\\\/\\\/schema.org\",\"@graph\":[{\"@type\":\"Article\",\"@id\":\"https:\\\/\\\/www.ekonomit.fi\\\/en\\\/community\\\/anne-delgoulet-started-as-an-international-liaison-coordinator\\\/#article\",\"isPartOf\":{\"@id\":\"https:\\\/\\\/www.ekonomit.fi\\\/en\\\/community\\\/anne-delgoulet-started-as-an-international-liaison-coordinator\\\/\"},\"author\":{\"name\":\"idalevanen\",\"@id\":\"https:\\\/\\\/www.ekonomit.fi\\\/en\\\/#\\\/schema\\\/person\\\/554e98e5e34c51fcdc89c46badffadbf\"},\"headline\":\"Anne Delgoulet started as an international liaison coordinator\",\"datePublished\":\"2024-03-15T08:24:10+00:00\",\"dateModified\":\"2024-03-15T08:28:01+00:00\",\"mainEntityOfPage\":{\"@id\":\"https:\\\/\\\/www.ekonomit.fi\\\/en\\\/community\\\/anne-delgoulet-started-as-an-international-liaison-coordinator\\\/\"},\"wordCount\":544,\"publisher\":{\"@id\":\"https:\\\/\\\/www.ekonomit.fi\\\/en\\\/#organization\"},\"image\":{\"@id\":\"https:\\\/\\\/www.ekonomit.fi\\\/en\\\/community\\\/anne-delgoulet-started-as-an-international-liaison-coordinator\\\/#primaryimage\"},\"thumbnailUrl\":\"https:\\\/\\\/www.ekonomit.fi\\\/wp-content\\\/uploads\\\/2024\\\/03\\\/Anne-Delgoulet.jpg\",\"articleSection\":[\"Community\"],\"inLanguage\":\"en-US\"},{\"@type\":\"WebPage\",\"@id\":\"https:\\\/\\\/www.ekonomit.fi\\\/en\\\/community\\\/anne-delgoulet-started-as-an-international-liaison-coordinator\\\/\",\"url\":\"https:\\\/\\\/www.ekonomit.fi\\\/en\\\/community\\\/anne-delgoulet-started-as-an-international-liaison-coordinator\\\/\",\"name\":\"Anne Delgoulet started as an international liaison coordinator - Suomen Ekonomit\",\"isPartOf\":{\"@id\":\"https:\\\/\\\/www.ekonomit.fi\\\/en\\\/#website\"},\"primaryImageOfPage\":{\"@id\":\"https:\\\/\\\/www.ekonomit.fi\\\/en\\\/community\\\/anne-delgoulet-started-as-an-international-liaison-coordinator\\\/#primaryimage\"},\"image\":{\"@id\":\"https:\\\/\\\/www.ekonomit.fi\\\/en\\\/community\\\/anne-delgoulet-started-as-an-international-liaison-coordinator\\\/#primaryimage\"},\"thumbnailUrl\":\"https:\\\/\\\/www.ekonomit.fi\\\/wp-content\\\/uploads\\\/2024\\\/03\\\/Anne-Delgoulet.jpg\",\"datePublished\":\"2024-03-15T08:24:10+00:00\",\"dateModified\":\"2024-03-15T08:28:01+00:00\",\"breadcrumb\":{\"@id\":\"https:\\\/\\\/www.ekonomit.fi\\\/en\\\/community\\\/anne-delgoulet-started-as-an-international-liaison-coordinator\\\/#breadcrumb\"},\"inLanguage\":\"en-US\",\"potentialAction\":[{\"@type\":\"ReadAction\",\"target\":[\"https:\\\/\\\/www.ekonomit.fi\\\/en\\\/community\\\/anne-delgoulet-started-as-an-international-liaison-coordinator\\\/\"]}]},{\"@type\":\"ImageObject\",\"inLanguage\":\"en-US\",\"@id\":\"https:\\\/\\\/www.ekonomit.fi\\\/en\\\/community\\\/anne-delgoulet-started-as-an-international-liaison-coordinator\\\/#primaryimage\",\"url\":\"https:\\\/\\\/www.ekonomit.fi\\\/wp-content\\\/uploads\\\/2024\\\/03\\\/Anne-Delgoulet.jpg\",\"contentUrl\":\"https:\\\/\\\/www.ekonomit.fi\\\/wp-content\\\/uploads\\\/2024\\\/03\\\/Anne-Delgoulet.jpg\",\"width\":1600,\"height\":1067},{\"@type\":\"BreadcrumbList\",\"@id\":\"https:\\\/\\\/www.ekonomit.fi\\\/en\\\/community\\\/anne-delgoulet-started-as-an-international-liaison-coordinator\\\/#breadcrumb\",\"itemListElement\":[{\"@type\":\"ListItem\",\"position\":1,\"name\":\"Home\",\"item\":\"https:\\\/\\\/www.ekonomit.fi\\\/en\\\/\"},{\"@type\":\"ListItem\",\"position\":2,\"name\":\"Anne Delgoulet started as an international liaison coordinator\"}]},{\"@type\":\"WebSite\",\"@id\":\"https:\\\/\\\/www.ekonomit.fi\\\/en\\\/#website\",\"url\":\"https:\\\/\\\/www.ekonomit.fi\\\/en\\\/\",\"name\":\"Suomen Ekonomit\",\"description\":\"\",\"publisher\":{\"@id\":\"https:\\\/\\\/www.ekonomit.fi\\\/en\\\/#organization\"},\"potentialAction\":[{\"@type\":\"SearchAction\",\"target\":{\"@type\":\"EntryPoint\",\"urlTemplate\":\"https:\\\/\\\/www.ekonomit.fi\\\/en\\\/?s={search_term_string}\"},\"query-input\":{\"@type\":\"PropertyValueSpecification\",\"valueRequired\":true,\"valueName\":\"search_term_string\"}}],\"inLanguage\":\"en-US\"},{\"@type\":\"Organization\",\"@id\":\"https:\\\/\\\/www.ekonomit.fi\\\/en\\\/#organization\",\"name\":\"Suomen Ekonomit\",\"url\":\"https:\\\/\\\/www.ekonomit.fi\\\/en\\\/\",\"logo\":{\"@type\":\"ImageObject\",\"inLanguage\":\"en-US\",\"@id\":\"https:\\\/\\\/www.ekonomit.fi\\\/en\\\/#\\\/schema\\\/logo\\\/image\\\/\",\"url\":\"https:\\\/\\\/www.ekonomit.fi\\\/wp-content\\\/uploads\\\/2020\\\/05\\\/ekonomit-mer-nega.png\",\"contentUrl\":\"https:\\\/\\\/www.ekonomit.fi\\\/wp-content\\\/uploads\\\/2020\\\/05\\\/ekonomit-mer-nega.png\",\"width\":870,\"height\":307,\"caption\":\"Suomen Ekonomit\"},\"image\":{\"@id\":\"https:\\\/\\\/www.ekonomit.fi\\\/en\\\/#\\\/schema\\\/logo\\\/image\\\/\"}},{\"@type\":\"Person\",\"@id\":\"https:\\\/\\\/www.ekonomit.fi\\\/en\\\/#\\\/schema\\\/person\\\/554e98e5e34c51fcdc89c46badffadbf\",\"name\":\"idalevanen\",\"image\":{\"@type\":\"ImageObject\",\"inLanguage\":\"en-US\",\"@id\":\"https:\\\/\\\/www.ekonomit.fi\\\/wp-content\\\/litespeed\\\/avatar\\\/632fbac5f499bf8a7bd6f3297b3dffdb.jpg?ver=1776760890\",\"url\":\"https:\\\/\\\/www.ekonomit.fi\\\/wp-content\\\/litespeed\\\/avatar\\\/632fbac5f499bf8a7bd6f3297b3dffdb.jpg?ver=1776760890\",\"contentUrl\":\"https:\\\/\\\/www.ekonomit.fi\\\/wp-content\\\/litespeed\\\/avatar\\\/632fbac5f499bf8a7bd6f3297b3dffdb.jpg?ver=1776760890\",\"caption\":\"idalevanen\"}}]}<\/script>\n<!-- \/ Yoast SEO plugin. -->","yoast_head_json":{"title":"Anne Delgoulet started as an international liaison coordinator - Suomen Ekonomit","robots":{"index":"index","follow":"follow","max-snippet":"max-snippet:-1","max-image-preview":"max-image-preview:large","max-video-preview":"max-video-preview:-1"},"canonical":"https:\/\/www.ekonomit.fi\/en\/community\/anne-delgoulet-started-as-an-international-liaison-coordinator\/","og_locale":"en_US","og_type":"article","og_title":"Anne Delgoulet started as an international liaison coordinator - Suomen Ekonomit","og_description":"Delgoulet's role is to support the advocacy work of Suomen Ekonomit in terms of DEI, especially for non-Finnish-speaking and foreign-born students and talents.","og_url":"https:\/\/www.ekonomit.fi\/en\/community\/anne-delgoulet-started-as-an-international-liaison-coordinator\/","og_site_name":"Suomen Ekonomit","article_published_time":"2024-03-15T08:24:10+00:00","article_modified_time":"2024-03-15T08:28:01+00:00","og_image":[{"width":1600,"height":1067,"url":"https:\/\/www.ekonomit.fi\/wp-content\/uploads\/2024\/03\/Anne-Delgoulet.jpg","type":"image\/jpeg"}],"author":"idalevanen","twitter_card":"summary_large_image","twitter_misc":{"Written by":"idalevanen","Est. reading time":"4 minutes"},"schema":{"@context":"https:\/\/schema.org","@graph":[{"@type":"Article","@id":"https:\/\/www.ekonomit.fi\/en\/community\/anne-delgoulet-started-as-an-international-liaison-coordinator\/#article","isPartOf":{"@id":"https:\/\/www.ekonomit.fi\/en\/community\/anne-delgoulet-started-as-an-international-liaison-coordinator\/"},"author":{"name":"idalevanen","@id":"https:\/\/www.ekonomit.fi\/en\/#\/schema\/person\/554e98e5e34c51fcdc89c46badffadbf"},"headline":"Anne Delgoulet started as an international liaison coordinator","datePublished":"2024-03-15T08:24:10+00:00","dateModified":"2024-03-15T08:28:01+00:00","mainEntityOfPage":{"@id":"https:\/\/www.ekonomit.fi\/en\/community\/anne-delgoulet-started-as-an-international-liaison-coordinator\/"},"wordCount":544,"publisher":{"@id":"https:\/\/www.ekonomit.fi\/en\/#organization"},"image":{"@id":"https:\/\/www.ekonomit.fi\/en\/community\/anne-delgoulet-started-as-an-international-liaison-coordinator\/#primaryimage"},"thumbnailUrl":"https:\/\/www.ekonomit.fi\/wp-content\/uploads\/2024\/03\/Anne-Delgoulet.jpg","articleSection":["Community"],"inLanguage":"en-US"},{"@type":"WebPage","@id":"https:\/\/www.ekonomit.fi\/en\/community\/anne-delgoulet-started-as-an-international-liaison-coordinator\/","url":"https:\/\/www.ekonomit.fi\/en\/community\/anne-delgoulet-started-as-an-international-liaison-coordinator\/","name":"Anne Delgoulet started as an international liaison coordinator - Suomen Ekonomit","isPartOf":{"@id":"https:\/\/www.ekonomit.fi\/en\/#website"},"primaryImageOfPage":{"@id":"https:\/\/www.ekonomit.fi\/en\/community\/anne-delgoulet-started-as-an-international-liaison-coordinator\/#primaryimage"},"image":{"@id":"https:\/\/www.ekonomit.fi\/en\/community\/anne-delgoulet-started-as-an-international-liaison-coordinator\/#primaryimage"},"thumbnailUrl":"https:\/\/www.ekonomit.fi\/wp-content\/uploads\/2024\/03\/Anne-Delgoulet.jpg","datePublished":"2024-03-15T08:24:10+00:00","dateModified":"2024-03-15T08:28:01+00:00","breadcrumb":{"@id":"https:\/\/www.ekonomit.fi\/en\/community\/anne-delgoulet-started-as-an-international-liaison-coordinator\/#breadcrumb"},"inLanguage":"en-US","potentialAction":[{"@type":"ReadAction","target":["https:\/\/www.ekonomit.fi\/en\/community\/anne-delgoulet-started-as-an-international-liaison-coordinator\/"]}]},{"@type":"ImageObject","inLanguage":"en-US","@id":"https:\/\/www.ekonomit.fi\/en\/community\/anne-delgoulet-started-as-an-international-liaison-coordinator\/#primaryimage","url":"https:\/\/www.ekonomit.fi\/wp-content\/uploads\/2024\/03\/Anne-Delgoulet.jpg","contentUrl":"https:\/\/www.ekonomit.fi\/wp-content\/uploads\/2024\/03\/Anne-Delgoulet.jpg","width":1600,"height":1067},{"@type":"BreadcrumbList","@id":"https:\/\/www.ekonomit.fi\/en\/community\/anne-delgoulet-started-as-an-international-liaison-coordinator\/#breadcrumb","itemListElement":[{"@type":"ListItem","position":1,"name":"Home","item":"https:\/\/www.ekonomit.fi\/en\/"},{"@type":"ListItem","position":2,"name":"Anne Delgoulet started as an international liaison coordinator"}]},{"@type":"WebSite","@id":"https:\/\/www.ekonomit.fi\/en\/#website","url":"https:\/\/www.ekonomit.fi\/en\/","name":"Suomen Ekonomit","description":"","publisher":{"@id":"https:\/\/www.ekonomit.fi\/en\/#organization"},"potentialAction":[{"@type":"SearchAction","target":{"@type":"EntryPoint","urlTemplate":"https:\/\/www.ekonomit.fi\/en\/?s={search_term_string}"},"query-input":{"@type":"PropertyValueSpecification","valueRequired":true,"valueName":"search_term_string"}}],"inLanguage":"en-US"},{"@type":"Organization","@id":"https:\/\/www.ekonomit.fi\/en\/#organization","name":"Suomen Ekonomit","url":"https:\/\/www.ekonomit.fi\/en\/","logo":{"@type":"ImageObject","inLanguage":"en-US","@id":"https:\/\/www.ekonomit.fi\/en\/#\/schema\/logo\/image\/","url":"https:\/\/www.ekonomit.fi\/wp-content\/uploads\/2020\/05\/ekonomit-mer-nega.png","contentUrl":"https:\/\/www.ekonomit.fi\/wp-content\/uploads\/2020\/05\/ekonomit-mer-nega.png","width":870,"height":307,"caption":"Suomen Ekonomit"},"image":{"@id":"https:\/\/www.ekonomit.fi\/en\/#\/schema\/logo\/image\/"}},{"@type":"Person","@id":"https:\/\/www.ekonomit.fi\/en\/#\/schema\/person\/554e98e5e34c51fcdc89c46badffadbf","name":"idalevanen","image":{"@type":"ImageObject","inLanguage":"en-US","@id":"https:\/\/www.ekonomit.fi\/wp-content\/litespeed\/avatar\/632fbac5f499bf8a7bd6f3297b3dffdb.jpg?ver=1776760890","url":"https:\/\/www.ekonomit.fi\/wp-content\/litespeed\/avatar\/632fbac5f499bf8a7bd6f3297b3dffdb.jpg?ver=1776760890","contentUrl":"https:\/\/www.ekonomit.fi\/wp-content\/litespeed\/avatar\/632fbac5f499bf8a7bd6f3297b3dffdb.jpg?ver=1776760890","caption":"idalevanen"}}]}},"author_meta":{"display_name":"idalevanen","author_link":"https:\/\/www.ekonomit.fi\/en\/author\/idalevanen\/"},"featured_img":"https:\/\/www.ekonomit.fi\/wp-content\/uploads\/2024\/03\/Anne-Delgoulet-300x200.jpg","jetpack_featured_media_url":"https:\/\/www.ekonomit.fi\/wp-content\/uploads\/2024\/03\/Anne-Delgoulet.jpg","coauthors":[],"tax_additional":{"categories":{"linked":["<a href=\"https:\/\/www.ekonomit.fi\/en\/category\/community\/\" class=\"advgb-post-tax-term\">Community<\/a>"],"unlinked":["<span class=\"advgb-post-tax-term\">Community<\/span>"]}},"comment_count":0,"relative_dates":{"created":"Posted 2 years ago","modified":"Updated 2 years ago"},"absolute_dates":{"created":"Posted on 15.03.2024","modified":"Updated on 15.03.2024"},"absolute_dates_time":{"created":"Posted on 15.03.2024 10:24","modified":"Updated on 15.03.2024 10:28"},"featured_img_caption":"","series_order":"","jetpack_sharing_enabled":true,"_links":{"self":[{"href":"https:\/\/www.ekonomit.fi\/en\/wp-json\/wp\/v2\/posts\/41759","targetHints":{"allow":["GET"]}}],"collection":[{"href":"https:\/\/www.ekonomit.fi\/en\/wp-json\/wp\/v2\/posts"}],"about":[{"href":"https:\/\/www.ekonomit.fi\/en\/wp-json\/wp\/v2\/types\/post"}],"author":[{"embeddable":true,"href":"https:\/\/www.ekonomit.fi\/en\/wp-json\/wp\/v2\/users\/4"}],"replies":[{"embeddable":true,"href":"https:\/\/www.ekonomit.fi\/en\/wp-json\/wp\/v2\/comments?post=41759"}],"version-history":[{"count":1,"href":"https:\/\/www.ekonomit.fi\/en\/wp-json\/wp\/v2\/posts\/41759\/revisions"}],"predecessor-version":[{"id":41760,"href":"https:\/\/www.ekonomit.fi\/en\/wp-json\/wp\/v2\/posts\/41759\/revisions\/41760"}],"wp:featuredmedia":[{"embeddable":true,"href":"https:\/\/www.ekonomit.fi\/en\/wp-json\/wp\/v2\/media\/41754"}],"wp:attachment":[{"href":"https:\/\/www.ekonomit.fi\/en\/wp-json\/wp\/v2\/media?parent=41759"}],"wp:term":[{"taxonomy":"category","embeddable":true,"href":"https:\/\/www.ekonomit.fi\/en\/wp-json\/wp\/v2\/categories?post=41759"},{"taxonomy":"post_tag","embeddable":true,"href":"https:\/\/www.ekonomit.fi\/en\/wp-json\/wp\/v2\/tags?post=41759"}],"curies":[{"name":"wp","href":"https:\/\/api.w.org\/{rel}","templated":true}]}}