{"id":11292,"date":"2020-08-19T12:49:40","date_gmt":"2020-08-19T09:49:40","guid":{"rendered":"https:\/\/www.ekonomit.fi\/?p=11292"},"modified":"2020-08-19T12:49:44","modified_gmt":"2020-08-19T09:49:44","slug":"6-teemaa-joihin-vaikutamme-tana-syksyna","status":"publish","type":"post","link":"https:\/\/www.ekonomit.fi\/sv\/paverkan\/6-teemaa-joihin-vaikutamme-tana-syksyna\/","title":{"rendered":"De 6 viktigaste temana f\u00f6r v\u00e5rt p\u00e5verkansarbete i h\u00f6st"},"content":{"rendered":"\n<figure class=\"wp-block-image size-full is-resized\"><img decoding=\"async\" src=\"https:\/\/www.ekonomit.fi\/wp-content\/uploads\/2020\/08\/Ekonomien-vaikuttamissyksy.jpg\" alt=\"\" class=\"wp-image-11229\" width=\"1000\" height=\"666\" srcset=\"https:\/\/www.ekonomit.fi\/wp-content\/uploads\/2020\/08\/Ekonomien-vaikuttamissyksy.jpg 1000w, https:\/\/www.ekonomit.fi\/wp-content\/uploads\/2020\/08\/Ekonomien-vaikuttamissyksy-300x200.jpg 300w, https:\/\/www.ekonomit.fi\/wp-content\/uploads\/2020\/08\/Ekonomien-vaikuttamissyksy-768x511.jpg 768w\" sizes=\"(max-width: 1000px) 100vw, 1000px\" \/><\/figure>\n\n\n\n<h2 class=\"wp-block-heading\">1. <strong><strong>Ett j\u00e4mlikt och m\u00e5ngfasetterat arbetsliv ligger i allas intresse<\/strong><\/strong><\/h2>\n\n\n\n<p>Ett j\u00e4mlikt och inkluderande arbetsliv g\u00f6r f\u00f6retagen effektivare och \u00f6kar v\u00e4lbefinnandet.&nbsp;Arbetslivet \u00e4r emellertid \u00e4nnu inte j\u00e4mlikt.&nbsp;<\/p>\n\n\n\n<p>Under h\u00f6sten producerar vi nya forskningsdata om de syssels\u00e4ttningsutmaningar som personer \u00f6ver 50 \u00e5r st\u00e4lls inf\u00f6r. Vi utarbetar ocks\u00e5 \u00e5tg\u00e4rdsf\u00f6rslag utifr\u00e5n dessa data.&nbsp;<\/p>\n\n\n\n<p>Vi lyfter fram diskriminering, oj\u00e4mlikhet och osakligt beteende i arbetslivet genom att delta i <strong><a href=\"https:\/\/www.yksittaistapaus.fi\/sv\/engangsforeteelser\/\" target=\"_blank\" rel=\"noreferrer noopener\">kampanjen Eng\u00e5ngsf\u00f6reteelser<\/a><\/strong>.\u00a0<\/p>\n\n\n\n<p>Vi deltar ocks\u00e5 i kampanjerna <em><strong><a href=\"https:\/\/tyopaikat.oikotie.fi\/vastuullinen-tyonantaja\" target=\"_blank\" rel=\"noreferrer noopener\">Vastuullinen ty\u00f6nantaja (En ansvarsfull arbetsgivare)<\/a><\/strong> <\/em>och\u00a0<strong><a href=\"https:\/\/helsinki.chamber.fi\/kansainvalistyminen\/kansainvaliset-projektit-ja-yhteistyo\/menestyva-monikulttuurinen-yritys\/\" target=\"_blank\" rel=\"noreferrer noopener\">Menestyv\u00e4 monikulttuurinen yritys (Ett framg\u00e5ngsrikt m\u00e5ngkulturellt f\u00f6retag)<\/a><\/strong>.\u00a0<\/p>\n\n\n\n<p>Fortfarande beh\u00f6vs \u00e4ven \u00e5tg\u00e4rder och en attitydf\u00f6r\u00e4ndring f\u00f6r att <strong><a href=\"https:\/\/www.ekonomit.fi\/vaikuttaminen\/miehet-pitavat-tyoelamaa-huomattavasti-tasa-arvoisempana-kuin-naiset\/\" target=\"_blank\" rel=\"noreferrer noopener\">f\u00f6rdelningen av familjeledighet och ansvaret f\u00f6r familjen<\/a><\/strong> ska bli j\u00e4mlikare mellan f\u00f6r\u00e4ldrarna.\u00a0<\/p>\n\n\n\n<h2 class=\"wp-block-heading\">2. <strong><strong>F\u00f6retagande leder till ny tillv\u00e4xt<\/strong><\/strong><\/h2>\n\n\n\n<p>F\u00f6r m\u00e5nga ekonomer \u00e4r f\u00f6retagande ett realistiskt alternativ i n\u00e5got skede av karri\u00e4ren. \u00c4ven de medlemmar som inte sj\u00e4lva \u00e4r f\u00f6retagare st\u00e4ller sig vanligen positiva till f\u00f6retagande. Det \u00e4r naturligt att Finlands Ekonomer fr\u00e4mjar f\u00f6retagarverksamhet och f\u00f6retagens verksamhetsf\u00f6ruts\u00e4ttningar.&nbsp;<\/p>\n\n\n\n<p>Tillv\u00e4xtf\u00f6retagarnas verksamhetsf\u00f6ruts\u00e4ttningar m\u00e5ste f\u00f6rb\u00e4ttras eftersom detta skapar arbete och v\u00e4lf\u00e4rd f\u00f6r oss alla.\u00a0Vi har diskuterat utmaningarna i anslutning till tillv\u00e4xtf\u00f6retagande och s\u00f6kt l\u00f6sningar p\u00e5 dessa i <strong><a href=\"https:\/\/www.ekonomit.fi\/suomen-ekonomit\/vaikuttaminen\/kasvuyrittajyys\/\" target=\"_blank\" rel=\"noreferrer noopener\">v\u00e5ra nya m\u00e5l f\u00f6r tillv\u00e4xtf\u00f6retagande<\/a><\/strong>. <\/p>\n\n\n\n<p>I samarbete med andra Akavaf\u00f6rbund ordnar vi \u00e4ven i h\u00f6st evenemanget <strong><a href=\"https:\/\/tapahtumat.ekonomit.fi\/iloirtiyrittajyydesta\" target=\"_blank\" rel=\"noreferrer noopener\">Ilo irti yritt\u00e4jyydest\u00e4\u00a0<\/a><\/strong>och <strong><a href=\"https:\/\/www.unikorni.fi\/\" target=\"_blank\" rel=\"noreferrer noopener\">f\u00f6retagart\u00e4vlingen Unikorni\u00a0<\/a><\/strong>f\u00f6r studerande tillsammans med Teknikens Akademikerf\u00f6rbund TEK.\u00a0<\/p>\n\n\n\n<h2 class=\"wp-block-heading\">3. <strong><strong>Kan vi \u00e4ntligen bli kvitt on\u00f6diga konkurrensf\u00f6rbud?<\/strong>\u00a0<\/strong><\/h2>\n\n\n\n<p>V\u00e5rt m\u00e5l att <strong><a href=\"https:\/\/www.ekonomit.fi\/tyo\/kilpailukielto-voi-estaa-tyonantajia-saamasta-parhaita-tyontekijoita\/\" target=\"_blank\" rel=\"noreferrer noopener\">begr\u00e4nsa m\u00e4ngden on\u00f6diga konkurrensf\u00f6rbudsavtal <\/a><\/strong>har kommit in i slutskedet. 60 procent av v\u00e5ra medlemmar har ett konkurrensf\u00f6rbud i sina nya arbetsavtal. Enligt lagen m\u00e5ste det finnas synnerligen v\u00e4gande sk\u00e4l f\u00f6r detta, men konkurrensf\u00f6rbud f\u00f6rekommer ofta i helt vanliga expertuppgifter.\u00a0\u00a0<\/p>\n\n\n\n<p>Ett on\u00f6digt konkurrensf\u00f6rbud utg\u00f6r ett stort hinder f\u00f6r ekonomernas r\u00f6rlighet p\u00e5 arbetsmarknaden, eftersom f\u00f6rbudet vanligen omfattar avtalsvite vid brott mot avtalet.&nbsp;Under den tid konkurrensf\u00f6rbudet g\u00e4ller f\u00e5r arbetstagaren ingen som helst ers\u00e4ttning i pengar.&nbsp;<\/p>\n\n\n\n<p>I samarbete med Akava har vi aktivt gjort beslutsfattarna medvetna om detta redan i flera \u00e5rs tid.&nbsp;F\u00f6rhoppningsvis beslutar riksdagen i h\u00f6st om \u00e5tg\u00e4rder som kan vidtas f\u00f6r att f\u00f6rebygga on\u00f6diga konkurrensf\u00f6rbud.&nbsp;<\/p>\n\n\n\n<h2 class=\"wp-block-heading\">4. <strong><strong>Dags f\u00f6r f\u00f6ljande steg betr\u00e4ffande lokala avtal<\/strong><\/strong><\/h2>\n\n\n\n<p>Lokala avtal \u00e4r ett bra s\u00e4tt att tillgodose arbetsplatsernas individuella behov.&nbsp;D\u00e4rf\u00f6r borde detta s\u00e4tt utvecklas.&nbsp;&nbsp;<\/p>\n\n\n\n<p>Vi har en egen modell som skulle kunna fr\u00e4mja lokala avtal i kollektivavtalsbranscher men \u00e4ven i f\u00f6retag som inte har organiserat sig.&nbsp;En f\u00f6ruts\u00e4ttning \u00e4r att personalrepresentantens f\u00e4rdigheter att f\u00f6rhandla och sluta avtal f\u00f6rb\u00e4ttras.&nbsp;<\/p>\n\n\n\n<h2 class=\"wp-block-heading\">5. <strong><strong>Livsl\u00e5ngt l\u00e4rande \u00e4r viktigt f\u00f6r ekonomerna<\/strong><\/strong><\/h2>\n\n\n\n<p>Vi fr\u00e4mjar utvecklingen av tj\u00e4nstesystemet f\u00f6r livsl\u00e5ngt l\u00e4rande och g\u00f6r grundl\u00e4ggande p\u00e5verkansarbete f\u00f6r att f\u00f6rverkliga h\u00f6gskoleutbildningens plattformsmodell.&nbsp;<\/p>\n\n\n\n<p>P\u00e5 h\u00f6sten l\u00e5ter vi utf\u00f6ra en unders\u00f6kning om <strong><a href=\"https:\/\/www.ekonomit.fi\/tutkimus\/mita-ekonomin-pitaa-osata\/\" target=\"_blank\" rel=\"noreferrer noopener\">hurdana kompetensbehov ekonomerna har i framtiden<\/a><\/strong>.\u00a0<\/p>\n\n\n\n<h2 class=\"wp-block-heading\">6. <strong><strong>Vi motverkar klimatf\u00f6r\u00e4ndringen<\/strong><\/strong><\/h2>\n\n\n\n<p>Vi vill arbeta f\u00f6r att Finland blir v\u00e4rldens klimatsmartaste land och det finl\u00e4ndska arbetslivet h\u00e5llbart \u00e4ven i fr\u00e5ga om klimatf\u00f6r\u00e4ndringen.&nbsp;&nbsp;<\/p>\n\n\n\n<p>Vi till\u00e4mpar ett klimatprogram som har utarbetats som internt r\u00e4ttesn\u00f6re f\u00f6r v\u00e5rt kontor och <strong><a href=\"https:\/\/www.ekonomit.fi\/suomen-ekonomit\/vaikuttaminen\/hiilineutraali-suomen-ekonomit\/\" target=\"_blank\" rel=\"noreferrer noopener\">str\u00e4var efter att vara en kolneutral organisation<\/a><\/strong> senast 2025.\u00a0\u00a0<\/p>\n\n\n\n<h2 class=\"wp-block-heading\"><strong><strong>Finlands Ekonomers p\u00e5verkansarbete\u00a0<\/strong>\u00a0<\/strong><\/h2>\n\n\n\n<ul class=\"wp-block-list\"><li>P\u00e5verkansarbete som g\u00e4ller arbetslivet och utbildningen \u00e4r en av grundpelarna f\u00f6r ekonomsamfundets existens.\u00a0\u00a0<\/li><li>Spetsarna i p\u00e5verkansarbetet utg\u00f6rs av <strong><a href=\"https:\/\/www.ekonomit.fi\/tutkimus\/talousvaikuttajissa-on-nelja-erilaista-porukkaa\/\" target=\"_blank\" rel=\"noreferrer noopener\">medlemmarnas v\u00e4rderingar <\/a><\/strong>och behov. I dessa har medlemmarnas m\u00e5ngsidiga karri\u00e4rer s\u00e5v\u00e4l i l\u00f6nearbete, sj\u00e4lvanst\u00e4llning, f\u00f6retagarverksamhet som i expert- och chefsarbete beaktats.\u00a0\u00a0<\/li><li>Finlands Ekonomers experter p\u00e5verkar p\u00e5 m\u00e5nga fronter och vid viktiga f\u00f6rhandlingsbord. <strong><a href=\"https:\/\/www.ekonomit.fi\/sv\/finlands-ekonomer\/undersokningar\/\" target=\"_blank\" rel=\"noreferrer noopener\">Vi producerar forskningsdata<\/a><\/strong> och h\u00e5ller kontakt med beslutsfattare, medier och andra expertorganisationer. Vi deltar i projekt och evenemang.\u00a0\u00a0<\/li><li>P\u00e5verkansarbetet leder till resultat n\u00e4r det g\u00f6rs entr\u00e4get, l\u00e5ngsiktigt och skickligt.\u00a0\u00a0<\/li><\/ul>\n\n\n\n<p><\/p>\n<div class=\"rns\" data-title=\"De 6 viktigaste temana f\u00f6r v\u00e5rt p\u00e5verkansarbete i h\u00f6st\" data-tags=\"Familjeledighet,J\u00e4mlikhet,Juridiska fr\u00e5gor,Milj\u00f6,V\u00e4lbefinnande\" data-categories=\"P\u00e5verkan\" data-comments=\"0\" data-date=\"1597841380000\" data-author=\"idalevanen\" data-single=\"\" data-url=\"https:\/\/www.ekonomit.fi\/sv\/paverkan\/6-teemaa-joihin-vaikutamme-tana-syksyna\/\"><\/div> <!-- Check out https:\/\/reactandshare.com -->","protected":false},"excerpt":{"rendered":"<p>Som samfund kan vi medverka till att arbetslivet \u00f6verensst\u00e4mmer med ekonomsamfundets v\u00e4rderingar och att Finlands konkurrenskraft f\u00f6rb\u00e4ttras. S\u00e5dant arbete g\u00f6r vi h\u00f6sten 2020 f\u00f6r att p\u00e5verka viktiga fr\u00e5gor.  <\/p>\n","protected":false},"author":4,"featured_media":11231,"comment_status":"closed","ping_status":"closed","sticky":false,"template":"","format":"standard","meta":{"_acf_changed":false,"inline_featured_image":false,"advgb_blocks_editor_width":"","advgb_blocks_columns_visual_guide":"","_jetpack_memberships_contains_paid_content":false,"footnotes":""},"categories":[108],"tags":[154,155,149,163,144],"class_list":["post-11292","post","type-post","status-publish","format-standard","has-post-thumbnail","hentry","category-paverkan","tag-familjeledighet","tag-jamlikhet","tag-juridiska-fragor","tag-miljo","tag-valbefinnande"],"acf":[],"yoast_head":"<!-- This site is optimized with the Yoast SEO plugin v27.5 - https:\/\/yoast.com\/product\/yoast-seo-wordpress\/ -->\n<title>De 6 viktigaste temana f\u00f6r v\u00e5rt p\u00e5verkansarbete i h\u00f6st - Suomen Ekonomit<\/title>\n<meta name=\"robots\" content=\"index, follow, max-snippet:-1, max-image-preview:large, max-video-preview:-1\" \/>\n<link rel=\"canonical\" href=\"https:\/\/www.ekonomit.fi\/sv\/paverkan\/6-teemaa-joihin-vaikutamme-tana-syksyna\/\" \/>\n<meta property=\"og:locale\" content=\"sv_SE\" \/>\n<meta property=\"og:type\" content=\"article\" \/>\n<meta property=\"og:title\" content=\"De 6 viktigaste temana f\u00f6r v\u00e5rt p\u00e5verkansarbete i h\u00f6st - Suomen Ekonomit\" \/>\n<meta property=\"og:description\" content=\"Som samfund kan vi medverka till att arbetslivet \u00f6verensst\u00e4mmer med ekonomsamfundets v\u00e4rderingar och att Finlands konkurrenskraft f\u00f6rb\u00e4ttras. S\u00e5dant arbete g\u00f6r vi h\u00f6sten 2020 f\u00f6r att p\u00e5verka viktiga fr\u00e5gor.\" \/>\n<meta property=\"og:url\" content=\"https:\/\/www.ekonomit.fi\/sv\/paverkan\/6-teemaa-joihin-vaikutamme-tana-syksyna\/\" \/>\n<meta property=\"og:site_name\" content=\"Suomen Ekonomit\" \/>\n<meta property=\"article:published_time\" content=\"2020-08-19T09:49:40+00:00\" \/>\n<meta property=\"article:modified_time\" content=\"2020-08-19T09:49:44+00:00\" \/>\n<meta property=\"og:image\" content=\"https:\/\/www.ekonomit.fi\/wp-content\/uploads\/2020\/08\/Ekonomien-vaikuttamissyksy.jpg\" \/>\n\t<meta property=\"og:image:width\" content=\"1000\" \/>\n\t<meta property=\"og:image:height\" content=\"666\" \/>\n\t<meta property=\"og:image:type\" content=\"image\/jpeg\" \/>\n<meta name=\"author\" content=\"idalevanen\" \/>\n<meta name=\"twitter:card\" content=\"summary_large_image\" \/>\n<meta name=\"twitter:label1\" content=\"Skriven av\" \/>\n\t<meta name=\"twitter:data1\" content=\"idalevanen\" \/>\n\t<meta name=\"twitter:label2\" content=\"Ber\u00e4knad l\u00e4stid\" \/>\n\t<meta name=\"twitter:data2\" content=\"4 minuter\" \/>\n<script type=\"application\/ld+json\" class=\"yoast-schema-graph\">{\"@context\":\"https:\\\/\\\/schema.org\",\"@graph\":[{\"@type\":\"Article\",\"@id\":\"https:\\\/\\\/www.ekonomit.fi\\\/sv\\\/paverkan\\\/6-teemaa-joihin-vaikutamme-tana-syksyna\\\/#article\",\"isPartOf\":{\"@id\":\"https:\\\/\\\/www.ekonomit.fi\\\/sv\\\/paverkan\\\/6-teemaa-joihin-vaikutamme-tana-syksyna\\\/\"},\"author\":{\"name\":\"idalevanen\",\"@id\":\"https:\\\/\\\/www.ekonomit.fi\\\/sv\\\/#\\\/schema\\\/person\\\/554e98e5e34c51fcdc89c46badffadbf\"},\"headline\":\"De 6 viktigaste temana f\u00f6r v\u00e5rt p\u00e5verkansarbete i h\u00f6st\",\"datePublished\":\"2020-08-19T09:49:40+00:00\",\"dateModified\":\"2020-08-19T09:49:44+00:00\",\"mainEntityOfPage\":{\"@id\":\"https:\\\/\\\/www.ekonomit.fi\\\/sv\\\/paverkan\\\/6-teemaa-joihin-vaikutamme-tana-syksyna\\\/\"},\"wordCount\":743,\"publisher\":{\"@id\":\"https:\\\/\\\/www.ekonomit.fi\\\/sv\\\/#organization\"},\"image\":{\"@id\":\"https:\\\/\\\/www.ekonomit.fi\\\/sv\\\/paverkan\\\/6-teemaa-joihin-vaikutamme-tana-syksyna\\\/#primaryimage\"},\"thumbnailUrl\":\"https:\\\/\\\/www.ekonomit.fi\\\/wp-content\\\/uploads\\\/2020\\\/08\\\/Ekonomien-vaikuttamissyksy.jpg\",\"keywords\":[\"Familjeledighet\",\"J\u00e4mlikhet\",\"Juridiska fr\u00e5gor\",\"Milj\u00f6\",\"V\u00e4lbefinnande\"],\"articleSection\":[\"P\u00e5verkan\"],\"inLanguage\":\"sv-SE\"},{\"@type\":\"WebPage\",\"@id\":\"https:\\\/\\\/www.ekonomit.fi\\\/sv\\\/paverkan\\\/6-teemaa-joihin-vaikutamme-tana-syksyna\\\/\",\"url\":\"https:\\\/\\\/www.ekonomit.fi\\\/sv\\\/paverkan\\\/6-teemaa-joihin-vaikutamme-tana-syksyna\\\/\",\"name\":\"De 6 viktigaste temana f\u00f6r v\u00e5rt p\u00e5verkansarbete i h\u00f6st - Suomen Ekonomit\",\"isPartOf\":{\"@id\":\"https:\\\/\\\/www.ekonomit.fi\\\/sv\\\/#website\"},\"primaryImageOfPage\":{\"@id\":\"https:\\\/\\\/www.ekonomit.fi\\\/sv\\\/paverkan\\\/6-teemaa-joihin-vaikutamme-tana-syksyna\\\/#primaryimage\"},\"image\":{\"@id\":\"https:\\\/\\\/www.ekonomit.fi\\\/sv\\\/paverkan\\\/6-teemaa-joihin-vaikutamme-tana-syksyna\\\/#primaryimage\"},\"thumbnailUrl\":\"https:\\\/\\\/www.ekonomit.fi\\\/wp-content\\\/uploads\\\/2020\\\/08\\\/Ekonomien-vaikuttamissyksy.jpg\",\"datePublished\":\"2020-08-19T09:49:40+00:00\",\"dateModified\":\"2020-08-19T09:49:44+00:00\",\"breadcrumb\":{\"@id\":\"https:\\\/\\\/www.ekonomit.fi\\\/sv\\\/paverkan\\\/6-teemaa-joihin-vaikutamme-tana-syksyna\\\/#breadcrumb\"},\"inLanguage\":\"sv-SE\",\"potentialAction\":[{\"@type\":\"ReadAction\",\"target\":[\"https:\\\/\\\/www.ekonomit.fi\\\/sv\\\/paverkan\\\/6-teemaa-joihin-vaikutamme-tana-syksyna\\\/\"]}]},{\"@type\":\"ImageObject\",\"inLanguage\":\"sv-SE\",\"@id\":\"https:\\\/\\\/www.ekonomit.fi\\\/sv\\\/paverkan\\\/6-teemaa-joihin-vaikutamme-tana-syksyna\\\/#primaryimage\",\"url\":\"https:\\\/\\\/www.ekonomit.fi\\\/wp-content\\\/uploads\\\/2020\\\/08\\\/Ekonomien-vaikuttamissyksy.jpg\",\"contentUrl\":\"https:\\\/\\\/www.ekonomit.fi\\\/wp-content\\\/uploads\\\/2020\\\/08\\\/Ekonomien-vaikuttamissyksy.jpg\",\"width\":1000,\"height\":666},{\"@type\":\"BreadcrumbList\",\"@id\":\"https:\\\/\\\/www.ekonomit.fi\\\/sv\\\/paverkan\\\/6-teemaa-joihin-vaikutamme-tana-syksyna\\\/#breadcrumb\",\"itemListElement\":[{\"@type\":\"ListItem\",\"position\":1,\"name\":\"Home\",\"item\":\"https:\\\/\\\/www.ekonomit.fi\\\/sv\\\/\"},{\"@type\":\"ListItem\",\"position\":2,\"name\":\"De 6 viktigaste temana f\u00f6r v\u00e5rt p\u00e5verkansarbete i h\u00f6st\"}]},{\"@type\":\"WebSite\",\"@id\":\"https:\\\/\\\/www.ekonomit.fi\\\/sv\\\/#website\",\"url\":\"https:\\\/\\\/www.ekonomit.fi\\\/sv\\\/\",\"name\":\"Suomen Ekonomit\",\"description\":\"\",\"publisher\":{\"@id\":\"https:\\\/\\\/www.ekonomit.fi\\\/sv\\\/#organization\"},\"potentialAction\":[{\"@type\":\"SearchAction\",\"target\":{\"@type\":\"EntryPoint\",\"urlTemplate\":\"https:\\\/\\\/www.ekonomit.fi\\\/sv\\\/?s={search_term_string}\"},\"query-input\":{\"@type\":\"PropertyValueSpecification\",\"valueRequired\":true,\"valueName\":\"search_term_string\"}}],\"inLanguage\":\"sv-SE\"},{\"@type\":\"Organization\",\"@id\":\"https:\\\/\\\/www.ekonomit.fi\\\/sv\\\/#organization\",\"name\":\"Suomen Ekonomit\",\"url\":\"https:\\\/\\\/www.ekonomit.fi\\\/sv\\\/\",\"logo\":{\"@type\":\"ImageObject\",\"inLanguage\":\"sv-SE\",\"@id\":\"https:\\\/\\\/www.ekonomit.fi\\\/sv\\\/#\\\/schema\\\/logo\\\/image\\\/\",\"url\":\"https:\\\/\\\/www.ekonomit.fi\\\/wp-content\\\/uploads\\\/2020\\\/05\\\/ekonomit-mer-nega.png\",\"contentUrl\":\"https:\\\/\\\/www.ekonomit.fi\\\/wp-content\\\/uploads\\\/2020\\\/05\\\/ekonomit-mer-nega.png\",\"width\":870,\"height\":307,\"caption\":\"Suomen Ekonomit\"},\"image\":{\"@id\":\"https:\\\/\\\/www.ekonomit.fi\\\/sv\\\/#\\\/schema\\\/logo\\\/image\\\/\"}},{\"@type\":\"Person\",\"@id\":\"https:\\\/\\\/www.ekonomit.fi\\\/sv\\\/#\\\/schema\\\/person\\\/554e98e5e34c51fcdc89c46badffadbf\",\"name\":\"idalevanen\",\"image\":{\"@type\":\"ImageObject\",\"inLanguage\":\"sv-SE\",\"@id\":\"https:\\\/\\\/www.ekonomit.fi\\\/wp-content\\\/litespeed\\\/avatar\\\/632fbac5f499bf8a7bd6f3297b3dffdb.jpg?ver=1777366207\",\"url\":\"https:\\\/\\\/www.ekonomit.fi\\\/wp-content\\\/litespeed\\\/avatar\\\/632fbac5f499bf8a7bd6f3297b3dffdb.jpg?ver=1777366207\",\"contentUrl\":\"https:\\\/\\\/www.ekonomit.fi\\\/wp-content\\\/litespeed\\\/avatar\\\/632fbac5f499bf8a7bd6f3297b3dffdb.jpg?ver=1777366207\",\"caption\":\"idalevanen\"}}]}<\/script>\n<!-- \/ Yoast SEO plugin. -->","yoast_head_json":{"title":"De 6 viktigaste temana f\u00f6r v\u00e5rt p\u00e5verkansarbete i h\u00f6st - Suomen Ekonomit","robots":{"index":"index","follow":"follow","max-snippet":"max-snippet:-1","max-image-preview":"max-image-preview:large","max-video-preview":"max-video-preview:-1"},"canonical":"https:\/\/www.ekonomit.fi\/sv\/paverkan\/6-teemaa-joihin-vaikutamme-tana-syksyna\/","og_locale":"sv_SE","og_type":"article","og_title":"De 6 viktigaste temana f\u00f6r v\u00e5rt p\u00e5verkansarbete i h\u00f6st - Suomen Ekonomit","og_description":"Som samfund kan vi medverka till att arbetslivet \u00f6verensst\u00e4mmer med ekonomsamfundets v\u00e4rderingar och att Finlands konkurrenskraft f\u00f6rb\u00e4ttras. S\u00e5dant arbete g\u00f6r vi h\u00f6sten 2020 f\u00f6r att p\u00e5verka viktiga fr\u00e5gor.","og_url":"https:\/\/www.ekonomit.fi\/sv\/paverkan\/6-teemaa-joihin-vaikutamme-tana-syksyna\/","og_site_name":"Suomen Ekonomit","article_published_time":"2020-08-19T09:49:40+00:00","article_modified_time":"2020-08-19T09:49:44+00:00","og_image":[{"width":1000,"height":666,"url":"https:\/\/www.ekonomit.fi\/wp-content\/uploads\/2020\/08\/Ekonomien-vaikuttamissyksy.jpg","type":"image\/jpeg"}],"author":"idalevanen","twitter_card":"summary_large_image","twitter_misc":{"Skriven av":"idalevanen","Ber\u00e4knad l\u00e4stid":"4 minuter"},"schema":{"@context":"https:\/\/schema.org","@graph":[{"@type":"Article","@id":"https:\/\/www.ekonomit.fi\/sv\/paverkan\/6-teemaa-joihin-vaikutamme-tana-syksyna\/#article","isPartOf":{"@id":"https:\/\/www.ekonomit.fi\/sv\/paverkan\/6-teemaa-joihin-vaikutamme-tana-syksyna\/"},"author":{"name":"idalevanen","@id":"https:\/\/www.ekonomit.fi\/sv\/#\/schema\/person\/554e98e5e34c51fcdc89c46badffadbf"},"headline":"De 6 viktigaste temana f\u00f6r v\u00e5rt p\u00e5verkansarbete i h\u00f6st","datePublished":"2020-08-19T09:49:40+00:00","dateModified":"2020-08-19T09:49:44+00:00","mainEntityOfPage":{"@id":"https:\/\/www.ekonomit.fi\/sv\/paverkan\/6-teemaa-joihin-vaikutamme-tana-syksyna\/"},"wordCount":743,"publisher":{"@id":"https:\/\/www.ekonomit.fi\/sv\/#organization"},"image":{"@id":"https:\/\/www.ekonomit.fi\/sv\/paverkan\/6-teemaa-joihin-vaikutamme-tana-syksyna\/#primaryimage"},"thumbnailUrl":"https:\/\/www.ekonomit.fi\/wp-content\/uploads\/2020\/08\/Ekonomien-vaikuttamissyksy.jpg","keywords":["Familjeledighet","J\u00e4mlikhet","Juridiska fr\u00e5gor","Milj\u00f6","V\u00e4lbefinnande"],"articleSection":["P\u00e5verkan"],"inLanguage":"sv-SE"},{"@type":"WebPage","@id":"https:\/\/www.ekonomit.fi\/sv\/paverkan\/6-teemaa-joihin-vaikutamme-tana-syksyna\/","url":"https:\/\/www.ekonomit.fi\/sv\/paverkan\/6-teemaa-joihin-vaikutamme-tana-syksyna\/","name":"De 6 viktigaste temana f\u00f6r v\u00e5rt p\u00e5verkansarbete i h\u00f6st - Suomen Ekonomit","isPartOf":{"@id":"https:\/\/www.ekonomit.fi\/sv\/#website"},"primaryImageOfPage":{"@id":"https:\/\/www.ekonomit.fi\/sv\/paverkan\/6-teemaa-joihin-vaikutamme-tana-syksyna\/#primaryimage"},"image":{"@id":"https:\/\/www.ekonomit.fi\/sv\/paverkan\/6-teemaa-joihin-vaikutamme-tana-syksyna\/#primaryimage"},"thumbnailUrl":"https:\/\/www.ekonomit.fi\/wp-content\/uploads\/2020\/08\/Ekonomien-vaikuttamissyksy.jpg","datePublished":"2020-08-19T09:49:40+00:00","dateModified":"2020-08-19T09:49:44+00:00","breadcrumb":{"@id":"https:\/\/www.ekonomit.fi\/sv\/paverkan\/6-teemaa-joihin-vaikutamme-tana-syksyna\/#breadcrumb"},"inLanguage":"sv-SE","potentialAction":[{"@type":"ReadAction","target":["https:\/\/www.ekonomit.fi\/sv\/paverkan\/6-teemaa-joihin-vaikutamme-tana-syksyna\/"]}]},{"@type":"ImageObject","inLanguage":"sv-SE","@id":"https:\/\/www.ekonomit.fi\/sv\/paverkan\/6-teemaa-joihin-vaikutamme-tana-syksyna\/#primaryimage","url":"https:\/\/www.ekonomit.fi\/wp-content\/uploads\/2020\/08\/Ekonomien-vaikuttamissyksy.jpg","contentUrl":"https:\/\/www.ekonomit.fi\/wp-content\/uploads\/2020\/08\/Ekonomien-vaikuttamissyksy.jpg","width":1000,"height":666},{"@type":"BreadcrumbList","@id":"https:\/\/www.ekonomit.fi\/sv\/paverkan\/6-teemaa-joihin-vaikutamme-tana-syksyna\/#breadcrumb","itemListElement":[{"@type":"ListItem","position":1,"name":"Home","item":"https:\/\/www.ekonomit.fi\/sv\/"},{"@type":"ListItem","position":2,"name":"De 6 viktigaste temana f\u00f6r v\u00e5rt p\u00e5verkansarbete i h\u00f6st"}]},{"@type":"WebSite","@id":"https:\/\/www.ekonomit.fi\/sv\/#website","url":"https:\/\/www.ekonomit.fi\/sv\/","name":"Suomen Ekonomit","description":"","publisher":{"@id":"https:\/\/www.ekonomit.fi\/sv\/#organization"},"potentialAction":[{"@type":"SearchAction","target":{"@type":"EntryPoint","urlTemplate":"https:\/\/www.ekonomit.fi\/sv\/?s={search_term_string}"},"query-input":{"@type":"PropertyValueSpecification","valueRequired":true,"valueName":"search_term_string"}}],"inLanguage":"sv-SE"},{"@type":"Organization","@id":"https:\/\/www.ekonomit.fi\/sv\/#organization","name":"Suomen Ekonomit","url":"https:\/\/www.ekonomit.fi\/sv\/","logo":{"@type":"ImageObject","inLanguage":"sv-SE","@id":"https:\/\/www.ekonomit.fi\/sv\/#\/schema\/logo\/image\/","url":"https:\/\/www.ekonomit.fi\/wp-content\/uploads\/2020\/05\/ekonomit-mer-nega.png","contentUrl":"https:\/\/www.ekonomit.fi\/wp-content\/uploads\/2020\/05\/ekonomit-mer-nega.png","width":870,"height":307,"caption":"Suomen Ekonomit"},"image":{"@id":"https:\/\/www.ekonomit.fi\/sv\/#\/schema\/logo\/image\/"}},{"@type":"Person","@id":"https:\/\/www.ekonomit.fi\/sv\/#\/schema\/person\/554e98e5e34c51fcdc89c46badffadbf","name":"idalevanen","image":{"@type":"ImageObject","inLanguage":"sv-SE","@id":"https:\/\/www.ekonomit.fi\/wp-content\/litespeed\/avatar\/632fbac5f499bf8a7bd6f3297b3dffdb.jpg?ver=1777366207","url":"https:\/\/www.ekonomit.fi\/wp-content\/litespeed\/avatar\/632fbac5f499bf8a7bd6f3297b3dffdb.jpg?ver=1777366207","contentUrl":"https:\/\/www.ekonomit.fi\/wp-content\/litespeed\/avatar\/632fbac5f499bf8a7bd6f3297b3dffdb.jpg?ver=1777366207","caption":"idalevanen"}}]}},"author_meta":{"display_name":"idalevanen","author_link":"https:\/\/www.ekonomit.fi\/sv\/author\/idalevanen\/"},"featured_img":"https:\/\/www.ekonomit.fi\/wp-content\/uploads\/2020\/08\/Ekonomien-vaikuttamissyksy-300x200.jpg","jetpack_featured_media_url":"https:\/\/www.ekonomit.fi\/wp-content\/uploads\/2020\/08\/Ekonomien-vaikuttamissyksy.jpg","coauthors":[],"tax_additional":{"categories":{"linked":["<a href=\"https:\/\/www.ekonomit.fi\/sv\/category\/paverkan\/\" class=\"advgb-post-tax-term\">P\u00e5verkan<\/a>"],"unlinked":["<span class=\"advgb-post-tax-term\">P\u00e5verkan<\/span>"]},"tags":{"linked":["<a href=\"https:\/\/www.ekonomit.fi\/sv\/category\/paverkan\/\" class=\"advgb-post-tax-term\">Familjeledighet<\/a>","<a href=\"https:\/\/www.ekonomit.fi\/sv\/category\/paverkan\/\" class=\"advgb-post-tax-term\">J\u00e4mlikhet<\/a>","<a href=\"https:\/\/www.ekonomit.fi\/sv\/category\/paverkan\/\" class=\"advgb-post-tax-term\">Juridiska fr\u00e5gor<\/a>","<a href=\"https:\/\/www.ekonomit.fi\/sv\/category\/paverkan\/\" class=\"advgb-post-tax-term\">Milj\u00f6<\/a>","<a href=\"https:\/\/www.ekonomit.fi\/sv\/category\/paverkan\/\" class=\"advgb-post-tax-term\">V\u00e4lbefinnande<\/a>"],"unlinked":["<span class=\"advgb-post-tax-term\">Familjeledighet<\/span>","<span class=\"advgb-post-tax-term\">J\u00e4mlikhet<\/span>","<span class=\"advgb-post-tax-term\">Juridiska fr\u00e5gor<\/span>","<span class=\"advgb-post-tax-term\">Milj\u00f6<\/span>","<span class=\"advgb-post-tax-term\">V\u00e4lbefinnande<\/span>"]}},"comment_count":0,"relative_dates":{"created":"Publicerad 6 \u00e5r sedan","modified":"Uppdaterad 6 \u00e5r sedan"},"absolute_dates":{"created":"Publicerat den 19 augusti 2020","modified":"Uppdaterad den 19 augusti 2020"},"absolute_dates_time":{"created":"Publicerat den 19 augusti 2020 12:49","modified":"Uppdaterad den 19 augusti 2020 12:49"},"featured_img_caption":"","series_order":"","jetpack_sharing_enabled":true,"_links":{"self":[{"href":"https:\/\/www.ekonomit.fi\/sv\/wp-json\/wp\/v2\/posts\/11292","targetHints":{"allow":["GET"]}}],"collection":[{"href":"https:\/\/www.ekonomit.fi\/sv\/wp-json\/wp\/v2\/posts"}],"about":[{"href":"https:\/\/www.ekonomit.fi\/sv\/wp-json\/wp\/v2\/types\/post"}],"author":[{"embeddable":true,"href":"https:\/\/www.ekonomit.fi\/sv\/wp-json\/wp\/v2\/users\/4"}],"replies":[{"embeddable":true,"href":"https:\/\/www.ekonomit.fi\/sv\/wp-json\/wp\/v2\/comments?post=11292"}],"version-history":[{"count":2,"href":"https:\/\/www.ekonomit.fi\/sv\/wp-json\/wp\/v2\/posts\/11292\/revisions"}],"predecessor-version":[{"id":11297,"href":"https:\/\/www.ekonomit.fi\/sv\/wp-json\/wp\/v2\/posts\/11292\/revisions\/11297"}],"wp:featuredmedia":[{"embeddable":true,"href":"https:\/\/www.ekonomit.fi\/sv\/wp-json\/wp\/v2\/media\/11231"}],"wp:attachment":[{"href":"https:\/\/www.ekonomit.fi\/sv\/wp-json\/wp\/v2\/media?parent=11292"}],"wp:term":[{"taxonomy":"category","embeddable":true,"href":"https:\/\/www.ekonomit.fi\/sv\/wp-json\/wp\/v2\/categories?post=11292"},{"taxonomy":"post_tag","embeddable":true,"href":"https:\/\/www.ekonomit.fi\/sv\/wp-json\/wp\/v2\/tags?post=11292"}],"curies":[{"name":"wp","href":"https:\/\/api.w.org\/{rel}","templated":true}]}}