{"id":11496,"date":"2020-08-31T08:00:00","date_gmt":"2020-08-31T05:00:00","guid":{"rendered":"https:\/\/www.ekonomit.fi\/?p=11496"},"modified":"2021-11-09T15:03:35","modified_gmt":"2021-11-09T13:03:35","slug":"kylli-eli-kylteriyhdyshenkilo-palveluksessasi","status":"publish","type":"post","link":"https:\/\/www.ekonomit.fi\/sv\/gemenskap\/kylli-eli-kylteriyhdyshenkilo-palveluksessasi\/","title":{"rendered":"Kontaktpersonen f\u00f6r ekonomistuderande (kylli) st\u00e5r till din tj\u00e4nst"},"content":{"rendered":"\n<div class=\"wp-block-image\"><figure class=\"alignleft size-large\"><img decoding=\"async\" width=\"1024\" height=\"683\" src=\"https:\/\/www.ekonomit.fi\/wp-content\/uploads\/2021\/09\/Nimeton-suunn.malli-14-1024x683.png\" alt=\"\" class=\"wp-image-25015\" srcset=\"https:\/\/www.ekonomit.fi\/wp-content\/uploads\/2021\/09\/Nimeton-suunn.malli-14-1024x683.png 1024w, https:\/\/www.ekonomit.fi\/wp-content\/uploads\/2021\/09\/Nimeton-suunn.malli-14-300x200.png 300w, https:\/\/www.ekonomit.fi\/wp-content\/uploads\/2021\/09\/Nimeton-suunn.malli-14-768x512.png 768w, https:\/\/www.ekonomit.fi\/wp-content\/uploads\/2021\/09\/Nimeton-suunn.malli-14-1600x1067.png 1600w, https:\/\/www.ekonomit.fi\/wp-content\/uploads\/2021\/09\/Nimeton-suunn.malli-14-1536x1024.png 1536w, https:\/\/www.ekonomit.fi\/wp-content\/uploads\/2021\/09\/Nimeton-suunn.malli-14-2048x1365.png 2048w, https:\/\/www.ekonomit.fi\/wp-content\/uploads\/2021\/09\/Nimeton-suunn.malli-14-1200x800.png 1200w\" sizes=\"(max-width: 1024px) 100vw, 1024px\" \/><\/figure><\/div>\n\n\n\n<p><\/p>\n\n\n\n<p>P\u00e5 din studieort hittar du en kontaktperson som du kan v\u00e4nda dig till i m\u00e5nga olika fr\u00e5gor. Kontaktpersonen st\u00f6der och v\u00e4gleder studerandena och samfundet f\u00f6r ekonomistuderande.<\/p>\n\n\n\n<p>Kontaktpersonerna f\u00f6r ekonomistuderande ger r\u00e5d, ordnar evenemang och ger information. Det \u00e4r bra att f\u00f6lja den egna kontaktpersonen \u00e4ven p\u00e5 de sociala medierna.<\/p>\n\n\n\n<p>Kontaktpersonerna har f\u00e5tt utbildning i att ge studerandena yrkesv\u00e4gledning samt r\u00e5d i anslutning till utbildningspolitik och arbetsmarknadsfr\u00e5gor. De kan ge nyttiga r\u00e5d i m\u00e5nga slags fr\u00e5gor som g\u00e4ller arbetslivet: till exempel i anslutning till arbetss\u00f6kning och l\u00f6nef\u00f6rhandlingar. Kontaktpersonen st\u00f6der ocks\u00e5 studeranden n\u00e4r det \u00e4r dags att skriva arbetsans\u00f6kan och CV eller f\u00f6rbereda sig f\u00f6r en anst\u00e4llningsintervju. V\u00e4nd dig allts\u00e5 utan att tveka till din kontaktperson s\u00e5 fort du beh\u00f6ver hj\u00e4lp eller goda r\u00e5d.<\/p>\n\n\n\n<p>Kontaktpersonerna ser ocks\u00e5 till att studerandena snabbt f\u00e5r v\u00e4sentlig information om eventuella f\u00f6r\u00e4ndringar p\u00e5 arbetsmarknaden eller i samh\u00e4llet. Under coronav\u00e5ren f\u00f6rmedlade kontaktpersonerna till exempel information om arbetsavtal och permitteringar i anslutning till sommarjobb.<\/p>\n\n\n\n<p>De ordnar och hj\u00e4lper till att ordna allt fr\u00e5n mindre kaffeserveringar till st\u00f6rre evenemang f\u00f6r allm\u00e4nheten. De organiserar till exempel CV-workshopar, kurser, temaveckor och t\u00e4vlingar.<\/p>\n\n\n\n<p>Experterna p\u00e5 Finlands Ekonomers kontor st\u00f6der kontaktpersonerna f\u00f6r ekonomistuderande och bes\u00f6ker g\u00e4rna olika evenemang som utbildare. \u00c4ven kontaktpersonerna kan bjudas in som talare p\u00e5 evenemang och kurser.<\/p>\n\n\n\n<p>De svarar g\u00e4rna p\u00e5 alla fr\u00e5gor som g\u00e4ller Finlands Ekonomers medlemskap eller tj\u00e4nster. Du f\u00e5r alltid hj\u00e4lp och st\u00f6d oavsett om du nyss har inlett dina studier eller om du snart \u00e4r magister.<\/p>\n\n\n\n<h2 class=\"wp-block-heading\"><strong><strong>Hur vet jag om jag \u00e4r studerandemedlem i Finlands Ekonomer? <\/strong><\/strong><\/h2>\n\n\n\n<ul class=\"wp-block-list\"><li>Ekonomistuderandena \u00e4r medlemmar i Finlands Ekonomer <a href=\"https:\/\/www.ekonomit.fi\/sv\/finlands-ekonomer\/ekonomer-samfundet\/studerandeforeningar\/\" target=\"_blank\" rel=\"noreferrer noopener\"><strong>via sin egen studerandef\u00f6rening<\/strong><\/a>.<\/li><li>Om du studerar ekonomi vid ett m\u00e5ngbranschuniversitet blir du medlem samtidigt som du g\u00e5r med i f\u00f6reningen f\u00f6r ekonomistuderande vid ditt universitet.<\/li><li>Om du studerar vid Hanken \u00e4r du automatiskt Finlands Ekonomers studerandemedlem.<\/li><\/ul>\n\n\n\n<h2 class=\"wp-block-heading\"><strong><strong>F\u00f6lj din kontaktperson p\u00e5 de sociala medierna<\/strong><\/strong><\/h2>\n\n\n\n<p><strong><strong>Bj\u00f6rneborg: <\/strong>kontaktpersonen f\u00f6r PorKy <strong><a href=\"https:\/\/www.facebook.com\/kylteriyhdyshenkilo.pori\">Facebook <\/a><\/strong>\/ <strong><a href=\"https:\/\/www.instagram.com\/porinkylli\/\">Instagram<\/a><\/strong><\/strong><\/p>\n\n\n\n<p><strong>Helsingfors, Hanken: <\/strong>kontaktpersonen f\u00f6r SHS <strong><a href=\"https:\/\/www.facebook.com\/profile.php?id=100013950244613\">Facebook<\/a><\/strong> \/ <strong><a href=\"https:\/\/www.instagram.com\/shskylli\/\">Instagram<\/a><\/strong><\/p>\n\n\n\n<p><strong>Helsingfors: <\/strong>kontaktpersonen f\u00f6r KY <strong><a href=\"https:\/\/www.facebook.com\/profile.php?id=100010315416728\">Facebook <\/a><\/strong>\/ <strong><a href=\"https:\/\/www.instagram.com\/kyllikylteri\/\">Instagram<\/a><\/strong><\/p>\n\n\n\n<p><strong>Joensuu: <\/strong>kontaktpersonen f\u00f6r Optimi <strong><a href=\"https:\/\/www.facebook.com\/kylteriyhdyshenkilo.optimi.7\">Facebook <\/a><\/strong>\/ <strong><a href=\"https:\/\/www.instagram.com\/joensuunkylli\/\">Instagram<\/a><\/strong><\/p>\n\n\n\n<p><strong>Jyv\u00e4skyl\u00e4: <\/strong>kontaktpersonen f\u00f6r P\u00f6rssi <a href=\"https:\/\/www.facebook.com\/porssinkylli\"><strong>Facebook <\/strong><\/a>\/ <strong><a href=\"https:\/\/www.instagram.com\/porssinkylli\/\">Instagram<\/a><\/strong><\/p>\n\n\n\n<p><strong>Kuopio:<\/strong> kontaktpersonen f\u00f6r Preemio <strong><a href=\"https:\/\/www.facebook.com\/kyllikpo\">Facebook<\/a><\/strong> \/ <strong><a href=\"https:\/\/www.instagram.com\/kuopionkylli\/\">Instagram<\/a><\/strong><\/p>\n\n\n\n<p><strong>Tammerfors: <\/strong>kontaktpersonen f\u00f6r Boomi <strong><a href=\"https:\/\/www.facebook.com\/profile.php?id=100010197583219\">Facebook<\/a><\/strong> \/ <strong><a href=\"https:\/\/www.instagram.com\/boominkylli\/\">Instagram<\/a><\/strong><\/p>\n\n\n\n<p><strong>Ule\u00e5borg: <\/strong>kontaktpersonen f\u00f6r Finanssi <strong><a href=\"https:\/\/www.facebook.com\/kylteriyhdyshenkilo.oulu.9\">Facebook <\/a><\/strong>\/ <strong><a href=\"https:\/\/www.instagram.com\/oulunkylli\/\">Instagram<\/a><\/strong><\/p>\n\n\n\n<p><strong>Vasa: <\/strong>kontaktpersonen f\u00f6r SSHV <strong><a href=\"https:\/\/www.facebook.com\/profile.php?id=100010048275310\">Facebook <\/a><\/strong>\/ <strong><a href=\"https:\/\/www.instagram.com\/kylli_sshv\/\">Instagram<\/a><\/strong><\/p>\n\n\n\n<p><strong>Vasa: <\/strong>kontaktpersonen f\u00f6r Warrantti <strong><a href=\"https:\/\/www.facebook.com\/kylteriyhdyshenkilo.warrantti\">Facebook <\/a><\/strong>\/ <strong><a href=\"https:\/\/www.instagram.com\/kylli_warrantti\/\">Instagram<\/a><\/strong><\/p>\n\n\n\n<p><strong>Villmanstrand: <\/strong>kontaktpersonen f\u00f6r Enklaavi <strong><a href=\"https:\/\/www.facebook.com\/kylteriyhdyshenkilo.enklaavi\">Facebook \/<\/a> <a href=\"https:\/\/www.instagram.com\/enklaavinkylli\/\">Instagram<\/a><\/strong><\/p>\n\n\n\n<p><strong>\u00c5bo: <\/strong>kontaktpersonen f\u00f6r Turun KY <strong><a href=\"https:\/\/www.facebook.com\/profile.php?id=100009786798212\">Facebook <\/a><\/strong>\/ <strong><a href=\"https:\/\/www.instagram.com\/kylli_turunky\/\">Instagram<\/a><\/strong><\/p>\n\n\n\n<p><strong>\u00c5bo<\/strong>: kontaktpersonen f\u00f6r Merkantila Klubben <strong><a href=\"https:\/\/www.facebook.com\/kylli.abo\">Facebook <\/a><\/strong>\/ <strong><a href=\"https:\/\/www.instagram.com\/abokylli\/\">Instagram<\/a><\/strong><\/p>\n\n\n\n<p><\/p>\n\n\n\n<p><\/p>\n<div class=\"rns\" data-title=\"Kontaktpersonen f\u00f6r ekonomistuderande (kylli) st\u00e5r till din tj\u00e4nst\" data-tags=\"Ekonomistuderande\" data-categories=\"Gemenskap\" data-comments=\"0\" data-date=\"1598860800000\" data-author=\"idalevanen\" data-single=\"\" data-url=\"https:\/\/www.ekonomit.fi\/sv\/gemenskap\/kylli-eli-kylteriyhdyshenkilo-palveluksessasi\/\"><\/div> <!-- Check out https:\/\/reactandshare.com -->","protected":false},"excerpt":{"rendered":"<p>Kontaktpersonerna f\u00f6r ekonomistuderande (\u201dkylli\u201d p\u00e5 finska) \u00e4r Finlands Ekonomers anst\u00e4llda p\u00e5 handelsh\u00f6gskolornas campus. Deras uppgift \u00e4r att hj\u00e4lpa varje studerandemedlem att f\u00e5 ut det mesta m\u00f6jliga av sitt medlemskap i Finlands Ekonomer. <\/p>\n","protected":false},"author":4,"featured_media":27705,"comment_status":"closed","ping_status":"closed","sticky":false,"template":"","format":"standard","meta":{"_acf_changed":false,"inline_featured_image":false,"advgb_blocks_editor_width":"","advgb_blocks_columns_visual_guide":"","_jetpack_memberships_contains_paid_content":false,"footnotes":""},"categories":[109],"tags":[148],"class_list":["post-11496","post","type-post","status-publish","format-standard","has-post-thumbnail","hentry","category-gemenskap","tag-ekonomistuderande"],"acf":[],"yoast_head":"<!-- This site is optimized with the Yoast SEO plugin v27.4 - https:\/\/yoast.com\/product\/yoast-seo-wordpress\/ -->\n<title>Kontaktpersonen f\u00f6r ekonomistuderande (kylli) st\u00e5r till din tj\u00e4nst - Suomen Ekonomit<\/title>\n<meta name=\"description\" content=\"Kylli eli kylteriyhdyshenkil\u00f6 toimii kauppakorkeakoulun kampuksella. H\u00e4n auttaa opiskelijoita saamaan kaiken irti Ekonomien j\u00e4senyydest\u00e4.\" \/>\n<meta name=\"robots\" content=\"index, follow, max-snippet:-1, max-image-preview:large, max-video-preview:-1\" \/>\n<link rel=\"canonical\" href=\"https:\/\/www.ekonomit.fi\/sv\/gemenskap\/kylli-eli-kylteriyhdyshenkilo-palveluksessasi\/\" \/>\n<meta property=\"og:locale\" content=\"sv_SE\" \/>\n<meta property=\"og:type\" content=\"article\" \/>\n<meta property=\"og:title\" content=\"Kontaktpersonen f\u00f6r ekonomistuderande (kylli) st\u00e5r till din tj\u00e4nst - Suomen Ekonomit\" \/>\n<meta property=\"og:description\" content=\"Kylli eli kylteriyhdyshenkil\u00f6 toimii kauppakorkeakoulun kampuksella. H\u00e4n auttaa opiskelijoita saamaan kaiken irti Ekonomien j\u00e4senyydest\u00e4.\" \/>\n<meta property=\"og:url\" content=\"https:\/\/www.ekonomit.fi\/sv\/gemenskap\/kylli-eli-kylteriyhdyshenkilo-palveluksessasi\/\" \/>\n<meta property=\"og:site_name\" content=\"Suomen Ekonomit\" \/>\n<meta property=\"article:published_time\" content=\"2020-08-31T05:00:00+00:00\" \/>\n<meta property=\"article:modified_time\" content=\"2021-11-09T13:03:35+00:00\" \/>\n<meta property=\"og:image\" content=\"https:\/\/www.ekonomit.fi\/wp-content\/uploads\/2021\/09\/Nimeton-suunn.malli-14-1024x683.png\" \/>\n\t<meta property=\"og:image:width\" content=\"1024\" \/>\n\t<meta property=\"og:image:height\" content=\"683\" \/>\n\t<meta property=\"og:image:type\" content=\"image\/png\" \/>\n<meta name=\"author\" content=\"idalevanen\" \/>\n<meta name=\"twitter:card\" content=\"summary_large_image\" \/>\n<meta name=\"twitter:label1\" content=\"Skriven av\" \/>\n\t<meta name=\"twitter:data1\" content=\"idalevanen\" \/>\n\t<meta name=\"twitter:label2\" content=\"Ber\u00e4knad l\u00e4stid\" \/>\n\t<meta name=\"twitter:data2\" content=\"2 minuter\" \/>\n<script type=\"application\/ld+json\" class=\"yoast-schema-graph\">{\"@context\":\"https:\\\/\\\/schema.org\",\"@graph\":[{\"@type\":\"Article\",\"@id\":\"https:\\\/\\\/www.ekonomit.fi\\\/sv\\\/gemenskap\\\/kylli-eli-kylteriyhdyshenkilo-palveluksessasi\\\/#article\",\"isPartOf\":{\"@id\":\"https:\\\/\\\/www.ekonomit.fi\\\/sv\\\/gemenskap\\\/kylli-eli-kylteriyhdyshenkilo-palveluksessasi\\\/\"},\"author\":{\"name\":\"idalevanen\",\"@id\":\"https:\\\/\\\/www.ekonomit.fi\\\/sv\\\/#\\\/schema\\\/person\\\/554e98e5e34c51fcdc89c46badffadbf\"},\"headline\":\"Kontaktpersonen f\u00f6r ekonomistuderande (kylli) st\u00e5r till din tj\u00e4nst\",\"datePublished\":\"2020-08-31T05:00:00+00:00\",\"dateModified\":\"2021-11-09T13:03:35+00:00\",\"mainEntityOfPage\":{\"@id\":\"https:\\\/\\\/www.ekonomit.fi\\\/sv\\\/gemenskap\\\/kylli-eli-kylteriyhdyshenkilo-palveluksessasi\\\/\"},\"wordCount\":469,\"publisher\":{\"@id\":\"https:\\\/\\\/www.ekonomit.fi\\\/sv\\\/#organization\"},\"image\":{\"@id\":\"https:\\\/\\\/www.ekonomit.fi\\\/sv\\\/gemenskap\\\/kylli-eli-kylteriyhdyshenkilo-palveluksessasi\\\/#primaryimage\"},\"thumbnailUrl\":\"https:\\\/\\\/www.ekonomit.fi\\\/wp-content\\\/uploads\\\/2022\\\/01\\\/kyllit.png\",\"keywords\":[\"Ekonomistuderande\"],\"articleSection\":[\"Gemenskap\"],\"inLanguage\":\"sv-SE\"},{\"@type\":\"WebPage\",\"@id\":\"https:\\\/\\\/www.ekonomit.fi\\\/sv\\\/gemenskap\\\/kylli-eli-kylteriyhdyshenkilo-palveluksessasi\\\/\",\"url\":\"https:\\\/\\\/www.ekonomit.fi\\\/sv\\\/gemenskap\\\/kylli-eli-kylteriyhdyshenkilo-palveluksessasi\\\/\",\"name\":\"Kontaktpersonen f\u00f6r ekonomistuderande (kylli) st\u00e5r till din tj\u00e4nst - Suomen Ekonomit\",\"isPartOf\":{\"@id\":\"https:\\\/\\\/www.ekonomit.fi\\\/sv\\\/#website\"},\"primaryImageOfPage\":{\"@id\":\"https:\\\/\\\/www.ekonomit.fi\\\/sv\\\/gemenskap\\\/kylli-eli-kylteriyhdyshenkilo-palveluksessasi\\\/#primaryimage\"},\"image\":{\"@id\":\"https:\\\/\\\/www.ekonomit.fi\\\/sv\\\/gemenskap\\\/kylli-eli-kylteriyhdyshenkilo-palveluksessasi\\\/#primaryimage\"},\"thumbnailUrl\":\"https:\\\/\\\/www.ekonomit.fi\\\/wp-content\\\/uploads\\\/2022\\\/01\\\/kyllit.png\",\"datePublished\":\"2020-08-31T05:00:00+00:00\",\"dateModified\":\"2021-11-09T13:03:35+00:00\",\"description\":\"Kylli eli kylteriyhdyshenkil\u00f6 toimii kauppakorkeakoulun kampuksella. H\u00e4n auttaa opiskelijoita saamaan kaiken irti Ekonomien j\u00e4senyydest\u00e4.\",\"breadcrumb\":{\"@id\":\"https:\\\/\\\/www.ekonomit.fi\\\/sv\\\/gemenskap\\\/kylli-eli-kylteriyhdyshenkilo-palveluksessasi\\\/#breadcrumb\"},\"inLanguage\":\"sv-SE\",\"potentialAction\":[{\"@type\":\"ReadAction\",\"target\":[\"https:\\\/\\\/www.ekonomit.fi\\\/sv\\\/gemenskap\\\/kylli-eli-kylteriyhdyshenkilo-palveluksessasi\\\/\"]}]},{\"@type\":\"ImageObject\",\"inLanguage\":\"sv-SE\",\"@id\":\"https:\\\/\\\/www.ekonomit.fi\\\/sv\\\/gemenskap\\\/kylli-eli-kylteriyhdyshenkilo-palveluksessasi\\\/#primaryimage\",\"url\":\"https:\\\/\\\/www.ekonomit.fi\\\/wp-content\\\/uploads\\\/2022\\\/01\\\/kyllit.png\",\"contentUrl\":\"https:\\\/\\\/www.ekonomit.fi\\\/wp-content\\\/uploads\\\/2022\\\/01\\\/kyllit.png\",\"width\":1610,\"height\":1079},{\"@type\":\"BreadcrumbList\",\"@id\":\"https:\\\/\\\/www.ekonomit.fi\\\/sv\\\/gemenskap\\\/kylli-eli-kylteriyhdyshenkilo-palveluksessasi\\\/#breadcrumb\",\"itemListElement\":[{\"@type\":\"ListItem\",\"position\":1,\"name\":\"Home\",\"item\":\"https:\\\/\\\/www.ekonomit.fi\\\/sv\\\/\"},{\"@type\":\"ListItem\",\"position\":2,\"name\":\"Kontaktpersonen f\u00f6r ekonomistuderande (kylli) st\u00e5r till din tj\u00e4nst\"}]},{\"@type\":\"WebSite\",\"@id\":\"https:\\\/\\\/www.ekonomit.fi\\\/sv\\\/#website\",\"url\":\"https:\\\/\\\/www.ekonomit.fi\\\/sv\\\/\",\"name\":\"Suomen Ekonomit\",\"description\":\"\",\"publisher\":{\"@id\":\"https:\\\/\\\/www.ekonomit.fi\\\/sv\\\/#organization\"},\"potentialAction\":[{\"@type\":\"SearchAction\",\"target\":{\"@type\":\"EntryPoint\",\"urlTemplate\":\"https:\\\/\\\/www.ekonomit.fi\\\/sv\\\/?s={search_term_string}\"},\"query-input\":{\"@type\":\"PropertyValueSpecification\",\"valueRequired\":true,\"valueName\":\"search_term_string\"}}],\"inLanguage\":\"sv-SE\"},{\"@type\":\"Organization\",\"@id\":\"https:\\\/\\\/www.ekonomit.fi\\\/sv\\\/#organization\",\"name\":\"Suomen Ekonomit\",\"url\":\"https:\\\/\\\/www.ekonomit.fi\\\/sv\\\/\",\"logo\":{\"@type\":\"ImageObject\",\"inLanguage\":\"sv-SE\",\"@id\":\"https:\\\/\\\/www.ekonomit.fi\\\/sv\\\/#\\\/schema\\\/logo\\\/image\\\/\",\"url\":\"https:\\\/\\\/www.ekonomit.fi\\\/wp-content\\\/uploads\\\/2020\\\/05\\\/ekonomit-mer-nega.png\",\"contentUrl\":\"https:\\\/\\\/www.ekonomit.fi\\\/wp-content\\\/uploads\\\/2020\\\/05\\\/ekonomit-mer-nega.png\",\"width\":870,\"height\":307,\"caption\":\"Suomen Ekonomit\"},\"image\":{\"@id\":\"https:\\\/\\\/www.ekonomit.fi\\\/sv\\\/#\\\/schema\\\/logo\\\/image\\\/\"}},{\"@type\":\"Person\",\"@id\":\"https:\\\/\\\/www.ekonomit.fi\\\/sv\\\/#\\\/schema\\\/person\\\/554e98e5e34c51fcdc89c46badffadbf\",\"name\":\"idalevanen\",\"image\":{\"@type\":\"ImageObject\",\"inLanguage\":\"sv-SE\",\"@id\":\"https:\\\/\\\/www.ekonomit.fi\\\/wp-content\\\/litespeed\\\/avatar\\\/632fbac5f499bf8a7bd6f3297b3dffdb.jpg?ver=1776760890\",\"url\":\"https:\\\/\\\/www.ekonomit.fi\\\/wp-content\\\/litespeed\\\/avatar\\\/632fbac5f499bf8a7bd6f3297b3dffdb.jpg?ver=1776760890\",\"contentUrl\":\"https:\\\/\\\/www.ekonomit.fi\\\/wp-content\\\/litespeed\\\/avatar\\\/632fbac5f499bf8a7bd6f3297b3dffdb.jpg?ver=1776760890\",\"caption\":\"idalevanen\"}}]}<\/script>\n<!-- \/ Yoast SEO plugin. -->","yoast_head_json":{"title":"Kontaktpersonen f\u00f6r ekonomistuderande (kylli) st\u00e5r till din tj\u00e4nst - Suomen Ekonomit","description":"Kylli eli kylteriyhdyshenkil\u00f6 toimii kauppakorkeakoulun kampuksella. H\u00e4n auttaa opiskelijoita saamaan kaiken irti Ekonomien j\u00e4senyydest\u00e4.","robots":{"index":"index","follow":"follow","max-snippet":"max-snippet:-1","max-image-preview":"max-image-preview:large","max-video-preview":"max-video-preview:-1"},"canonical":"https:\/\/www.ekonomit.fi\/sv\/gemenskap\/kylli-eli-kylteriyhdyshenkilo-palveluksessasi\/","og_locale":"sv_SE","og_type":"article","og_title":"Kontaktpersonen f\u00f6r ekonomistuderande (kylli) st\u00e5r till din tj\u00e4nst - Suomen Ekonomit","og_description":"Kylli eli kylteriyhdyshenkil\u00f6 toimii kauppakorkeakoulun kampuksella. H\u00e4n auttaa opiskelijoita saamaan kaiken irti Ekonomien j\u00e4senyydest\u00e4.","og_url":"https:\/\/www.ekonomit.fi\/sv\/gemenskap\/kylli-eli-kylteriyhdyshenkilo-palveluksessasi\/","og_site_name":"Suomen Ekonomit","article_published_time":"2020-08-31T05:00:00+00:00","article_modified_time":"2021-11-09T13:03:35+00:00","og_image":[{"width":1024,"height":683,"url":"https:\/\/www.ekonomit.fi\/wp-content\/uploads\/2021\/09\/Nimeton-suunn.malli-14-1024x683.png","type":"image\/png"}],"author":"idalevanen","twitter_card":"summary_large_image","twitter_misc":{"Skriven av":"idalevanen","Ber\u00e4knad l\u00e4stid":"2 minuter"},"schema":{"@context":"https:\/\/schema.org","@graph":[{"@type":"Article","@id":"https:\/\/www.ekonomit.fi\/sv\/gemenskap\/kylli-eli-kylteriyhdyshenkilo-palveluksessasi\/#article","isPartOf":{"@id":"https:\/\/www.ekonomit.fi\/sv\/gemenskap\/kylli-eli-kylteriyhdyshenkilo-palveluksessasi\/"},"author":{"name":"idalevanen","@id":"https:\/\/www.ekonomit.fi\/sv\/#\/schema\/person\/554e98e5e34c51fcdc89c46badffadbf"},"headline":"Kontaktpersonen f\u00f6r ekonomistuderande (kylli) st\u00e5r till din tj\u00e4nst","datePublished":"2020-08-31T05:00:00+00:00","dateModified":"2021-11-09T13:03:35+00:00","mainEntityOfPage":{"@id":"https:\/\/www.ekonomit.fi\/sv\/gemenskap\/kylli-eli-kylteriyhdyshenkilo-palveluksessasi\/"},"wordCount":469,"publisher":{"@id":"https:\/\/www.ekonomit.fi\/sv\/#organization"},"image":{"@id":"https:\/\/www.ekonomit.fi\/sv\/gemenskap\/kylli-eli-kylteriyhdyshenkilo-palveluksessasi\/#primaryimage"},"thumbnailUrl":"https:\/\/www.ekonomit.fi\/wp-content\/uploads\/2022\/01\/kyllit.png","keywords":["Ekonomistuderande"],"articleSection":["Gemenskap"],"inLanguage":"sv-SE"},{"@type":"WebPage","@id":"https:\/\/www.ekonomit.fi\/sv\/gemenskap\/kylli-eli-kylteriyhdyshenkilo-palveluksessasi\/","url":"https:\/\/www.ekonomit.fi\/sv\/gemenskap\/kylli-eli-kylteriyhdyshenkilo-palveluksessasi\/","name":"Kontaktpersonen f\u00f6r ekonomistuderande (kylli) st\u00e5r till din tj\u00e4nst - Suomen Ekonomit","isPartOf":{"@id":"https:\/\/www.ekonomit.fi\/sv\/#website"},"primaryImageOfPage":{"@id":"https:\/\/www.ekonomit.fi\/sv\/gemenskap\/kylli-eli-kylteriyhdyshenkilo-palveluksessasi\/#primaryimage"},"image":{"@id":"https:\/\/www.ekonomit.fi\/sv\/gemenskap\/kylli-eli-kylteriyhdyshenkilo-palveluksessasi\/#primaryimage"},"thumbnailUrl":"https:\/\/www.ekonomit.fi\/wp-content\/uploads\/2022\/01\/kyllit.png","datePublished":"2020-08-31T05:00:00+00:00","dateModified":"2021-11-09T13:03:35+00:00","description":"Kylli eli kylteriyhdyshenkil\u00f6 toimii kauppakorkeakoulun kampuksella. H\u00e4n auttaa opiskelijoita saamaan kaiken irti Ekonomien j\u00e4senyydest\u00e4.","breadcrumb":{"@id":"https:\/\/www.ekonomit.fi\/sv\/gemenskap\/kylli-eli-kylteriyhdyshenkilo-palveluksessasi\/#breadcrumb"},"inLanguage":"sv-SE","potentialAction":[{"@type":"ReadAction","target":["https:\/\/www.ekonomit.fi\/sv\/gemenskap\/kylli-eli-kylteriyhdyshenkilo-palveluksessasi\/"]}]},{"@type":"ImageObject","inLanguage":"sv-SE","@id":"https:\/\/www.ekonomit.fi\/sv\/gemenskap\/kylli-eli-kylteriyhdyshenkilo-palveluksessasi\/#primaryimage","url":"https:\/\/www.ekonomit.fi\/wp-content\/uploads\/2022\/01\/kyllit.png","contentUrl":"https:\/\/www.ekonomit.fi\/wp-content\/uploads\/2022\/01\/kyllit.png","width":1610,"height":1079},{"@type":"BreadcrumbList","@id":"https:\/\/www.ekonomit.fi\/sv\/gemenskap\/kylli-eli-kylteriyhdyshenkilo-palveluksessasi\/#breadcrumb","itemListElement":[{"@type":"ListItem","position":1,"name":"Home","item":"https:\/\/www.ekonomit.fi\/sv\/"},{"@type":"ListItem","position":2,"name":"Kontaktpersonen f\u00f6r ekonomistuderande (kylli) st\u00e5r till din tj\u00e4nst"}]},{"@type":"WebSite","@id":"https:\/\/www.ekonomit.fi\/sv\/#website","url":"https:\/\/www.ekonomit.fi\/sv\/","name":"Suomen Ekonomit","description":"","publisher":{"@id":"https:\/\/www.ekonomit.fi\/sv\/#organization"},"potentialAction":[{"@type":"SearchAction","target":{"@type":"EntryPoint","urlTemplate":"https:\/\/www.ekonomit.fi\/sv\/?s={search_term_string}"},"query-input":{"@type":"PropertyValueSpecification","valueRequired":true,"valueName":"search_term_string"}}],"inLanguage":"sv-SE"},{"@type":"Organization","@id":"https:\/\/www.ekonomit.fi\/sv\/#organization","name":"Suomen Ekonomit","url":"https:\/\/www.ekonomit.fi\/sv\/","logo":{"@type":"ImageObject","inLanguage":"sv-SE","@id":"https:\/\/www.ekonomit.fi\/sv\/#\/schema\/logo\/image\/","url":"https:\/\/www.ekonomit.fi\/wp-content\/uploads\/2020\/05\/ekonomit-mer-nega.png","contentUrl":"https:\/\/www.ekonomit.fi\/wp-content\/uploads\/2020\/05\/ekonomit-mer-nega.png","width":870,"height":307,"caption":"Suomen Ekonomit"},"image":{"@id":"https:\/\/www.ekonomit.fi\/sv\/#\/schema\/logo\/image\/"}},{"@type":"Person","@id":"https:\/\/www.ekonomit.fi\/sv\/#\/schema\/person\/554e98e5e34c51fcdc89c46badffadbf","name":"idalevanen","image":{"@type":"ImageObject","inLanguage":"sv-SE","@id":"https:\/\/www.ekonomit.fi\/wp-content\/litespeed\/avatar\/632fbac5f499bf8a7bd6f3297b3dffdb.jpg?ver=1776760890","url":"https:\/\/www.ekonomit.fi\/wp-content\/litespeed\/avatar\/632fbac5f499bf8a7bd6f3297b3dffdb.jpg?ver=1776760890","contentUrl":"https:\/\/www.ekonomit.fi\/wp-content\/litespeed\/avatar\/632fbac5f499bf8a7bd6f3297b3dffdb.jpg?ver=1776760890","caption":"idalevanen"}}]}},"author_meta":{"display_name":"idalevanen","author_link":"https:\/\/www.ekonomit.fi\/sv\/author\/idalevanen\/"},"featured_img":"https:\/\/www.ekonomit.fi\/wp-content\/uploads\/2022\/01\/kyllit-300x201.png","jetpack_featured_media_url":"https:\/\/www.ekonomit.fi\/wp-content\/uploads\/2022\/01\/kyllit.png","coauthors":[],"tax_additional":{"categories":{"linked":["<a href=\"https:\/\/www.ekonomit.fi\/sv\/category\/gemenskap\/\" class=\"advgb-post-tax-term\">Gemenskap<\/a>"],"unlinked":["<span class=\"advgb-post-tax-term\">Gemenskap<\/span>"]},"tags":{"linked":["<a href=\"https:\/\/www.ekonomit.fi\/sv\/category\/gemenskap\/\" class=\"advgb-post-tax-term\">Ekonomistuderande<\/a>"],"unlinked":["<span class=\"advgb-post-tax-term\">Ekonomistuderande<\/span>"]}},"comment_count":0,"relative_dates":{"created":"Publicerad 6 \u00e5r sedan","modified":"Uppdaterad 4 \u00e5r sedan"},"absolute_dates":{"created":"Publicerat den 31 augusti 2020","modified":"Uppdaterad den 9 november 2021"},"absolute_dates_time":{"created":"Publicerat den 31 augusti 2020 08:00","modified":"Uppdaterad den 9 november 2021 15:03"},"featured_img_caption":"","series_order":"","jetpack_sharing_enabled":true,"_links":{"self":[{"href":"https:\/\/www.ekonomit.fi\/sv\/wp-json\/wp\/v2\/posts\/11496","targetHints":{"allow":["GET"]}}],"collection":[{"href":"https:\/\/www.ekonomit.fi\/sv\/wp-json\/wp\/v2\/posts"}],"about":[{"href":"https:\/\/www.ekonomit.fi\/sv\/wp-json\/wp\/v2\/types\/post"}],"author":[{"embeddable":true,"href":"https:\/\/www.ekonomit.fi\/sv\/wp-json\/wp\/v2\/users\/4"}],"replies":[{"embeddable":true,"href":"https:\/\/www.ekonomit.fi\/sv\/wp-json\/wp\/v2\/comments?post=11496"}],"version-history":[{"count":5,"href":"https:\/\/www.ekonomit.fi\/sv\/wp-json\/wp\/v2\/posts\/11496\/revisions"}],"predecessor-version":[{"id":33199,"href":"https:\/\/www.ekonomit.fi\/sv\/wp-json\/wp\/v2\/posts\/11496\/revisions\/33199"}],"wp:featuredmedia":[{"embeddable":true,"href":"https:\/\/www.ekonomit.fi\/sv\/wp-json\/wp\/v2\/media\/27705"}],"wp:attachment":[{"href":"https:\/\/www.ekonomit.fi\/sv\/wp-json\/wp\/v2\/media?parent=11496"}],"wp:term":[{"taxonomy":"category","embeddable":true,"href":"https:\/\/www.ekonomit.fi\/sv\/wp-json\/wp\/v2\/categories?post=11496"},{"taxonomy":"post_tag","embeddable":true,"href":"https:\/\/www.ekonomit.fi\/sv\/wp-json\/wp\/v2\/tags?post=11496"}],"curies":[{"name":"wp","href":"https:\/\/api.w.org\/{rel}","templated":true}]}}