{"id":12890,"date":"2020-10-15T13:16:40","date_gmt":"2020-10-15T10:16:40","guid":{"rendered":"https:\/\/www.ekonomit.fi\/?p=12890"},"modified":"2021-02-17T10:45:55","modified_gmt":"2021-02-17T08:45:55","slug":"det-har-ar-en-fantastisk-mojlighet-som-okar-forstaelsen-for-hur-samhallet-kan-paverkas","status":"publish","type":"post","link":"https:\/\/www.ekonomit.fi\/sv\/paverkan\/det-har-ar-en-fantastisk-mojlighet-som-okar-forstaelsen-for-hur-samhallet-kan-paverkas\/","title":{"rendered":"\u201dDet h\u00e4r \u00e4r en fantastisk m\u00f6jlighet som \u00f6kar f\u00f6rst\u00e5elsen f\u00f6r hur samh\u00e4llet kan p\u00e5verkas\u201d"},"content":{"rendered":"\n<figure class=\"wp-block-image size-large\"><img decoding=\"async\" width=\"1024\" height=\"768\" src=\"https:\/\/www.ekonomit.fi\/wp-content\/uploads\/2020\/10\/Eyup_Ylimaz_131020_0364_www-1024x768.jpg\" alt=\"Ekonomien toimikunnat Eyup Yilmaz \" class=\"wp-image-12903\" srcset=\"https:\/\/www.ekonomit.fi\/wp-content\/uploads\/2020\/10\/Eyup_Ylimaz_131020_0364_www-1024x768.jpg 1024w, https:\/\/www.ekonomit.fi\/wp-content\/uploads\/2020\/10\/Eyup_Ylimaz_131020_0364_www-300x225.jpg 300w, https:\/\/www.ekonomit.fi\/wp-content\/uploads\/2020\/10\/Eyup_Ylimaz_131020_0364_www-768x576.jpg 768w, https:\/\/www.ekonomit.fi\/wp-content\/uploads\/2020\/10\/Eyup_Ylimaz_131020_0364_www-1600x1200.jpg 1600w, https:\/\/www.ekonomit.fi\/wp-content\/uploads\/2020\/10\/Eyup_Ylimaz_131020_0364_www-1536x1152.jpg 1536w, https:\/\/www.ekonomit.fi\/wp-content\/uploads\/2020\/10\/Eyup_Ylimaz_131020_0364_www-2048x1536.jpg 2048w\" sizes=\"(max-width: 1024px) 100vw, 1024px\" \/><figcaption>Ey\u00fcp Yilmaz<\/figcaption><\/figure>\n\n\n\n<p><strong>Ey\u00fcp Yilmaz <\/strong>studerar vid handelsh\u00f6gskolan vid Jyv\u00e4skyl\u00e4 universitet och \u00e4r en av medlemmarna i Finlands Ekonomers arbetslivskommitt\u00e9. Hans \u00e5sikt \u00e4r allts\u00e5 viktig i fr\u00e5ga om hurdan intressebevakning och hurdant p\u00e5verkansarbete Finlands Ekonomer g\u00f6r.<\/p>\n\n\n\n<p>\u201dVi behandlar s\u00e4rskilt omv\u00e4lvningen i arbetet och de f\u00f6r\u00e4ndringar i arbetslivet som har de st\u00f6rsta konsekvenserna. Jag anser att det \u00e4r mycket viktigt att m\u00e5nga experter och ekonomer med olika bakgrund och fr\u00e5n olika branscher samlas. Vi str\u00e4var efter att hitta en gemensam syn som vi f\u00f6rmedlar till Ekonomernas arbetsmarknadsexperter\u201d, s\u00e4ger Yilmaz.<\/p>\n\n\n\n<p>Arbetslivskommitt\u00e9ns arbete grundar sig p\u00e5 den fundamentala orsaken till att Ekonomerna existerar \u2013 att alla ekonomer ska ha det s\u00e5 bra som m\u00f6jligt i arbetslivet.<\/p>\n\n\n\n<p>Till kommitt\u00e9n v\u00e4ljs 8\u201310 medlemmar \u00e5t g\u00e5ngen och kommitt\u00e9n sammantr\u00e4der ungef\u00e4r 6\u201310 g\u00e5nger per \u00e5r. Arbetslivskommitt\u00e9n utformar st\u00e4llningstaganden till hurdant ekonomernas arbete \u00e4r nu och hurdant det kan vara i framtiden. Kommitt\u00e9n st\u00f6der Ekonomernas intressebevakning och arbetet f\u00f6r att p\u00e5verka arbetsmarknadsfr\u00e5gor.<\/p>\n\n\n\n<p>En av medlemmarna i arbetslivskommitt\u00e9n \u00e4r <strong>Annukka Erkheikki <\/strong>som arbetar som account director vid Myntverket i Finland.<\/p>\n\n\n\n<p>\u201dEn stor nytta med denna uppgift enligt mig att arbetet omfattar s\u00e5dant som m\u00e5nga ekonomer inte \u00e4r vana med i sitt eget arbete. I st\u00e4llet f\u00f6r indikatorer och tydliga int\u00e4ktsm\u00e5l \u00e4r det fr\u00e5ga om p\u00e5verkansarbete tillsammans med ett stort antal olika parter. Man l\u00e4r sig hur olika fr\u00e5gor p\u00e5verkas p\u00e5 medell\u00e5ng sikt och vad detta kr\u00e4ver i det finl\u00e4ndska arbetslivet\u201d, ber\u00e4ttar Erkheikki.<\/p>\n\n\n\n<figure class=\"wp-block-image size-large\"><img decoding=\"async\" width=\"1024\" height=\"768\" src=\"https:\/\/www.ekonomit.fi\/wp-content\/uploads\/2020\/10\/Annukka_Erkheikki_141020_2465_www-1024x768.jpg\" alt=\"Annukka Erkheikki Ekonomien toimikunnat\" class=\"wp-image-12900\" srcset=\"https:\/\/www.ekonomit.fi\/wp-content\/uploads\/2020\/10\/Annukka_Erkheikki_141020_2465_www-1024x768.jpg 1024w, https:\/\/www.ekonomit.fi\/wp-content\/uploads\/2020\/10\/Annukka_Erkheikki_141020_2465_www-300x225.jpg 300w, https:\/\/www.ekonomit.fi\/wp-content\/uploads\/2020\/10\/Annukka_Erkheikki_141020_2465_www-768x576.jpg 768w, https:\/\/www.ekonomit.fi\/wp-content\/uploads\/2020\/10\/Annukka_Erkheikki_141020_2465_www-1600x1200.jpg 1600w, https:\/\/www.ekonomit.fi\/wp-content\/uploads\/2020\/10\/Annukka_Erkheikki_141020_2465_www-1536x1152.jpg 1536w, https:\/\/www.ekonomit.fi\/wp-content\/uploads\/2020\/10\/Annukka_Erkheikki_141020_2465_www-2048x1536.jpg 2048w\" sizes=\"(max-width: 1024px) 100vw, 1024px\" \/><figcaption>Annukka Erkheikki <\/figcaption><\/figure>\n\n\n\n<p>Arbetslivskommitt\u00e9ns hj\u00e4lp och f\u00f6rslag beh\u00f6vs s\u00e4rskilt under kollektivavtalsf\u00f6rhandlingarna som f\u00f6rs med ett par, tre \u00e5rs mellanrum. I varje fackf\u00f6rbunds verksamhet \u00e4r det viktigt att p\u00e5verka hurdana villkor som g\u00e4ller f\u00f6r medlemmarna i arbetslivet. Arbetslivskommitt\u00e9n bist\u00e5r Finlands Ekonomers arbetsmarknadsexperter i denna uppgift.<\/p>\n\n\n\n<p>Som medlem i arbetslivskommitt\u00e9n har man chansen att f\u00f6lja vad som h\u00e4nder i arbetet och arbetslivet fr\u00e5n f\u00f6rsta parkett. Verksamheten har stor betydelse: gruppens beslut hj\u00e4lper Finlands Ekonomers styrelse att bilda sina st\u00e5ndpunkter.<\/p>\n\n\n\n<p>\u201dJag tycker vi har lyckats bra med att p\u00e5verka till exempel en f\u00f6r\u00e4ndring i t\u00e4nkes\u00e4ttet om hur arbete definieras i framtiden. I anslutning till arbetstidslagen t\u00e4nkte man till exempel tidigare att arbetet utf\u00f6rs vid en viss tidpunkt och p\u00e5 ett visst st\u00e4lle. Numera \u00e4r det redan ganska klart att arbete kommer att utf\u00f6ras p\u00e5 ett betydligt mer flexibelt s\u00e4tt\u201d, s\u00e4ger Yilmaz.<\/p>\n\n\n\n<p>Att vara med i arbetslivskommitt\u00e9n \u00e4r n\u00e5got som Yilmaz och Erkheikki varmt rekommenderar.&nbsp;<\/p>\n\n\n\n<p>\u201dMan har alla m\u00f6jligheter att sj\u00e4lv utvecklas och dessutom att f\u00f6rst\u00e5 hur stort Finlands Ekonomers influensomr\u00e5de \u00e4r. De f\u00f6rhandlings- och argumenteringsf\u00e4rdigheter samt den f\u00f6rm\u00e5ga att diskutera med m\u00e4nniskor med olika bakgrund som man l\u00e4r sig i denna uppgift \u00e4r alltid till nytta.\u201d<\/p>\n\n\n\n<h2 class=\"wp-block-heading\"><strong>F\u00f6retagardelegationen: \u201dEkonomerna driver inte bara l\u00f6ntagarnas sak\u201d<\/strong><strong><\/strong><\/h2>\n\n\n\n<p>Reklambyr\u00e5f\u00f6retagaren <strong>Juuso Enala<\/strong> \u00e4r medlem i Ekonomernas f\u00f6retagardelegation och s\u00e4kerst\u00e4ller p\u00e5 s\u00e5 s\u00e4tt att \u00e4ven f\u00f6retagarna f\u00e5r sin r\u00f6st h\u00f6rd i f\u00f6rbundets verksamhet.<\/p>\n\n\n\n<p>Tre procent av Ekonomernas medlemmar \u00e4r f\u00f6retagare, men v\u00e4rlden f\u00f6r\u00e4ndras i snabb takt. Allt fler ekonomer \u00e4r f\u00f6retagare under sin karri\u00e4r. Kanske inte p\u00e5 heltid, men m\u00e5nga har f\u00f6retagande som bisyssla. \u00c4ven f\u00f6retagarna har nytta av att vara medlemmar i Finlands Ekonomer.<\/p>\n\n\n\n<p>\u201dNumera finns det ingen fastslagen definition av l\u00f6nearbete som p\u00e5g\u00e5r fram till pensioneringen. Det \u00e4r v\u00e5r uppgift att fundera \u00f6ver hur arbetsmarknaden f\u00f6r\u00e4ndras och hur ekonomernas sociala f\u00f6rm\u00e5ner, anst\u00e4llningsskydd, f\u00f6rs\u00e4kringar och pensioner p\u00e5verkas av att f\u00f6retagarverksamhet blir vanligare. Finlands Ekonomer driver inte bara l\u00f6ntagarnas sak\u201d, p\u00e5pekar Enala.<\/p>\n\n\n\n<figure class=\"wp-block-image size-large\"><img decoding=\"async\" width=\"1024\" height=\"768\" src=\"https:\/\/www.ekonomit.fi\/wp-content\/uploads\/2020\/10\/Juuso_Enala_AD_0321-1024x768.jpg\" alt=\"Juuso Enala Ekonomien toimikunnat\" class=\"wp-image-12906\" srcset=\"https:\/\/www.ekonomit.fi\/wp-content\/uploads\/2020\/10\/Juuso_Enala_AD_0321-1024x768.jpg 1024w, https:\/\/www.ekonomit.fi\/wp-content\/uploads\/2020\/10\/Juuso_Enala_AD_0321-300x225.jpg 300w, https:\/\/www.ekonomit.fi\/wp-content\/uploads\/2020\/10\/Juuso_Enala_AD_0321-768x576.jpg 768w, https:\/\/www.ekonomit.fi\/wp-content\/uploads\/2020\/10\/Juuso_Enala_AD_0321-1600x1200.jpg 1600w, https:\/\/www.ekonomit.fi\/wp-content\/uploads\/2020\/10\/Juuso_Enala_AD_0321-1536x1152.jpg 1536w, https:\/\/www.ekonomit.fi\/wp-content\/uploads\/2020\/10\/Juuso_Enala_AD_0321-2048x1535.jpg 2048w\" sizes=\"(max-width: 1024px) 100vw, 1024px\" \/><figcaption>Juuso Enala<\/figcaption><\/figure>\n\n\n\n<p>Till f\u00f6retagardelegationen v\u00e4ljs 8\u201310 medlemmar och delegationen sammantr\u00e4der ungef\u00e4r fyra g\u00e5nger per \u00e5r.<\/p>\n\n\n\n<p>Arbetsgruppen fr\u00e4mjar ekonomf\u00f6retagande, n\u00e4tverksbyggande bland f\u00f6retagare, ett f\u00f6retagarv\u00e4nligt klimat och fr\u00e5gor som g\u00e4ller f\u00f6retagande p\u00e5 f\u00f6rbundsniv\u00e5. M\u00e5let med verksamheten \u00e4r ett b\u00e4ttre liv f\u00f6r f\u00f6retagarna och att fler ekonomf\u00f6retagare organiserar sig i Finlands Ekonomer.<\/p>\n\n\n\n<p>Sammantr\u00e4dena leder till konkreta resultat. F\u00f6retagardelegationen utarbetade nyligen Ekonomernas program f\u00f6r tillv\u00e4xtf\u00f6retagande tillsammans med <strong>Ted Apter<\/strong> som ansvarar f\u00f6r f\u00f6rbundets fr\u00e5gor som g\u00e4ller f\u00f6retagande. Programmet utarbetades eftersom Finlands Ekonomer har unika m\u00f6jligheter i samh\u00e4llet att p\u00e5verka verksamhetsf\u00f6ruts\u00e4ttningarna f\u00f6r tillv\u00e4xtf\u00f6retagande.<\/p>\n\n\n\n<p>En av medlemmarna i f\u00f6retagardelegationen \u00e4r studeranden <strong>Samuel Latvanen.<\/strong> Han upplever det som ett stort privilegium att f\u00e5 vara med i arbetsgruppen och utbyta \u00e5sikter med ekonomer i olika \u00e5ldrar och fr\u00e5n olika branscher.&nbsp;<\/p>\n\n\n\n<p>\u201dEkonomernas kontor skickar oss synpunkter eller en kl\u00e4m som g\u00e4ller n\u00e5gon aktuell fr\u00e5ga i anslutning till f\u00f6retagande. Vi blir tillfr\u00e5gade s\u00e5 att s\u00e4ga om f\u00e4ltets synpunkter och \u00e5sikter. Efter diskussionerna meddelar vi v\u00e5r st\u00e5ndpunkt och Ekonomernas experter inom samh\u00e4llsp\u00e5verkan f\u00e5r sedan f\u00f6ra saken vidare s\u00e5 att \u00e4rendet kan ha \u2013 och mycket ofta har \u2013 samh\u00e4llelig betydelse\u201d, s\u00e4ger Latvanen.<\/p>\n\n\n\n<figure class=\"wp-block-image size-large\"><img decoding=\"async\" width=\"1024\" height=\"768\" src=\"https:\/\/www.ekonomit.fi\/wp-content\/uploads\/2020\/10\/Samuel_Latvanen_0342_1-1024x768.jpg\" alt=\"Samuel Latvanen Ekonomien toimikunnat\" class=\"wp-image-12909\" srcset=\"https:\/\/www.ekonomit.fi\/wp-content\/uploads\/2020\/10\/Samuel_Latvanen_0342_1-1024x768.jpg 1024w, https:\/\/www.ekonomit.fi\/wp-content\/uploads\/2020\/10\/Samuel_Latvanen_0342_1-300x225.jpg 300w, https:\/\/www.ekonomit.fi\/wp-content\/uploads\/2020\/10\/Samuel_Latvanen_0342_1-768x576.jpg 768w, https:\/\/www.ekonomit.fi\/wp-content\/uploads\/2020\/10\/Samuel_Latvanen_0342_1-1600x1200.jpg 1600w, https:\/\/www.ekonomit.fi\/wp-content\/uploads\/2020\/10\/Samuel_Latvanen_0342_1-1536x1152.jpg 1536w, https:\/\/www.ekonomit.fi\/wp-content\/uploads\/2020\/10\/Samuel_Latvanen_0342_1-2048x1536.jpg 2048w\" sizes=\"(max-width: 1024px) 100vw, 1024px\" \/><figcaption>Samuel Latvanen <\/figcaption><\/figure>\n\n\n\n<p>B\u00e5de Latvanen och Enala betonar att det \u00e4r en unik m\u00f6jlighet att f\u00e5 p\u00e5verka f\u00f6retagarnas arbetslivsfr\u00e5gor.<\/p>\n\n\n\n<p>\u201dVi banar v\u00e4g f\u00f6r andra. Vi f\u00f6rmedlar ett konkret budskap till dem som fattar beslut och p\u00e5verkar p\u00e5 riksniv\u00e5. F\u00f6rutom programmet f\u00f6r tillv\u00e4xtf\u00f6retagande har vi utarbetat f\u00f6retagart\u00e4vlingen Unikorni som \u00e4r riktad till studerande. D\u00e4r sparras studerandena och de f\u00e5r pitcha sina f\u00f6retagsid\u00e9er precis som i Leijonan luola.\u201d<\/p>\n\n\n\n<h2 class=\"wp-block-heading\"><strong>Utbildningspolitiska kommitt\u00e9n har inlett m\u00e5nga stora reformer<\/strong><strong><\/strong><\/h2>\n\n\n\n<p>Den utbildningspolitiska sektorn \u00e4r enorm. Finlands Ekonomers utbildningspolitiska experter kan inte ensamma sk\u00f6ta hela f\u00e4ltet, utan de beh\u00f6ver en utbildningspolitisk kommitt\u00e9.<\/p>\n\n\n\n<p>Studeranden <strong>Fanni Holmstr\u00f6m-Mikkonen, <\/strong>medlem och vice ordf\u00f6rande f\u00f6r kommitt\u00e9n, ber\u00e4ttar att medlemmarna i kommitt\u00e9n kommer med id\u00e9er, drar upp riktlinjer och diskuterar kritiskt olika fr\u00e5gor. Det viktigaste m\u00e5let \u00e4r att garantera kvaliteten p\u00e5 den ekonomiska utbildningen.<\/p>\n\n\n\n<p>\u201dV\u00e5ra st\u00e5ndpunkter f\u00f6rmedlas till Finlands Ekonomers kontor d\u00e4r riktlinjerna sedan oms\u00e4tts i praktiken\u201d, beskriver Holmstr\u00f6m-Mikkonen.<\/p>\n\n\n\n<p>Medlemmarna i kommitt\u00e9n \u00e4r vanligen m\u00e4nniskor som besitter omfattande kompetens och erfarenhet av universitet, yrkesh\u00f6gskolor, vuxenutbildning och studentpolitik. \u00c4ven representanter f\u00f6r f\u00f6retagsv\u00e4rlden skulle g\u00e4rna f\u00e5 vara med, eftersom studerandena som utbildas i Finland i f\u00f6rsta hand f\u00e5r arbete i f\u00f6retagssektorn.<\/p>\n\n\n\n<p>Kommitt\u00e9n utf\u00f6r konkreta arbetsuppgifter, skapar id\u00e9er och l\u00f6sningar f\u00f6r framtiden, och d\u00e4rf\u00f6r \u00e4r det viktigt att det finns kompetens och insikter p\u00e5 f\u00e4ltet.<\/p>\n\n\n\n<p>Utbildningspolitiska kommitt\u00e9ns huvudsakliga uppgift \u00e4r p\u00e5verkansarbete: st\u00e4llningstaganden, att inh\u00e4mta information och att h\u00e5lla kontakt med l\u00e4roanstalterna. Kommitt\u00e9n sammantr\u00e4der ungef\u00e4r fem g\u00e5nger per \u00e5r.<\/p>\n\n\n\n<p>Kommitt\u00e9n delar ocks\u00e5 ut det \u00e5rliga <strong><a href=\"https:\/\/www.ekonomit.fi\/suomen-ekonomit\/jaettavat-palkinnot\/suomen-ekonomien-opetuspalkinto\" target=\"_blank\" rel=\"noreferrer noopener\">Undervisningspriset <\/a><\/strong>p\u00e5 6 000 euro till en s\u00e4rskilt f\u00f6rtj\u00e4nt akt\u00f6r som utvecklat den ekonomiska utbildningen.<\/p>\n\n\n\n<p>Ett av utbildningspolitiska kommitt\u00e9ns betydande projekt \u00e4r f\u00f6rs\u00e4ljningsskolan<strong><a href=\"https:\/\/www.ekonomit.fi\/ajankohtaista\/myyntikoulu-nostaa-myyntiosaamisen-uudelle-tasolle\/\" target=\"_blank\" rel=\"noreferrer noopener\"> School of Sales<\/a><\/strong> som nyligen lanserades. Insikten om att det finns ett stort behov av mer f\u00f6rs\u00e4ljningskompetens i Finland gav upphov till detta projekt. <\/p>\n\n\n\n<p>Ett annat projekt som inletts av Finlands Ekonomer och d\u00e4r kommitt\u00e9n hade en stor roll var att genomf\u00f6ra de ekonomiska enheternas gemensamma grundl\u00e4ggande studier p\u00e5 n\u00e4tet.&nbsp; F\u00f6r ett s\u00e5dant projekt beh\u00f6vdes koordinering och en id\u00e9 utifr\u00e5n.<\/p>\n\n\n\n<p>Arbetet i kommitt\u00e9n inneb\u00e4r en verklig chans att p\u00e5verka den ekonomiska utbildningen i Finland.<\/p>\n\n\n\n<p>\u201dDet \u00e4r mycket intressant och l\u00e4rorikt att h\u00f6ra olika synpunkter och l\u00e4ra sig att f\u00f6rst\u00e5 helheter\u201d, s\u00e4ger Holmstr\u00f6m-Mikkonen.<\/p>\n\n\n\n<h1 class=\"wp-block-heading\">Ans\u00f6kan till organen 2020<\/h1>\n\n\n\n<p>Finlands Ekonomer s\u00f6ker aktiva personer till sina olika organ f\u00f6r perioden 2021\u20132023. <em>S\u00f6kningen har avslutats.<\/em><\/p>\n<div class=\"rns\" data-title=\"\u201dDet h\u00e4r \u00e4r en fantastisk m\u00f6jlighet som \u00f6kar f\u00f6rst\u00e5elsen f\u00f6r hur samh\u00e4llet kan p\u00e5verkas\u201d\" data-tags=\"Ekonomistuderande,Kollektivavtal,Samarbetsf\u00f6rhandling\" data-categories=\"P\u00e5verkan\" data-comments=\"0\" data-date=\"1602767800000\" data-author=\"idalevanen\" data-single=\"\" data-url=\"https:\/\/www.ekonomit.fi\/sv\/paverkan\/det-har-ar-en-fantastisk-mojlighet-som-okar-forstaelsen-for-hur-samhallet-kan-paverkas\/\"><\/div> <!-- Check out https:\/\/reactandshare.com -->","protected":false},"excerpt":{"rendered":"<p>Finlands Ekonomers arbetslivskommitt\u00e9, utbildningspolitiska kommitt\u00e9 och f\u00f6retagardelegation \u00e4r verksamma i k\u00e4rnan av p\u00e5verkansarbetet. Grupperna bereder beslut, f\u00f6rslag och rekommendationer i anslutning till arbetslivet, utbildning och f\u00f6retagande. Medlemmarna f\u00e5r arbeta i n\u00e4tverk och l\u00e4ra sig mycket om samh\u00e4llsp\u00e5verkan. <\/p>\n","protected":false},"author":4,"featured_media":12903,"comment_status":"closed","ping_status":"closed","sticky":false,"template":"","format":"standard","meta":{"_acf_changed":false,"inline_featured_image":false,"advgb_blocks_editor_width":"","advgb_blocks_columns_visual_guide":"","_jetpack_memberships_contains_paid_content":false,"footnotes":""},"categories":[108],"tags":[148,157,166],"class_list":["post-12890","post","type-post","status-publish","format-standard","has-post-thumbnail","hentry","category-paverkan","tag-ekonomistuderande","tag-kollektivavtal","tag-samarbetsforhandling"],"acf":[],"yoast_head":"<!-- This site is optimized with the Yoast SEO plugin v27.5 - https:\/\/yoast.com\/product\/yoast-seo-wordpress\/ -->\n<title>\u201dDet h\u00e4r \u00e4r en fantastisk m\u00f6jlighet som \u00f6kar f\u00f6rst\u00e5elsen f\u00f6r hur samh\u00e4llet kan p\u00e5verkas\u201d - Suomen Ekonomit<\/title>\n<meta name=\"robots\" content=\"index, follow, max-snippet:-1, max-image-preview:large, max-video-preview:-1\" \/>\n<link rel=\"canonical\" href=\"https:\/\/www.ekonomit.fi\/sv\/paverkan\/det-har-ar-en-fantastisk-mojlighet-som-okar-forstaelsen-for-hur-samhallet-kan-paverkas\/\" \/>\n<meta property=\"og:locale\" content=\"sv_SE\" \/>\n<meta property=\"og:type\" content=\"article\" \/>\n<meta property=\"og:title\" content=\"\u201dDet h\u00e4r \u00e4r en fantastisk m\u00f6jlighet som \u00f6kar f\u00f6rst\u00e5elsen f\u00f6r hur samh\u00e4llet kan p\u00e5verkas\u201d - Suomen Ekonomit\" \/>\n<meta property=\"og:description\" content=\"Finlands Ekonomers arbetslivskommitt\u00e9, utbildningspolitiska kommitt\u00e9 och f\u00f6retagardelegation \u00e4r verksamma i k\u00e4rnan av p\u00e5verkansarbetet. Grupperna bereder beslut, f\u00f6rslag och rekommendationer i anslutning till arbetslivet, utbildning och f\u00f6retagande. Medlemmarna f\u00e5r arbeta i n\u00e4tverk och l\u00e4ra sig mycket om samh\u00e4llsp\u00e5verkan.\" \/>\n<meta property=\"og:url\" content=\"https:\/\/www.ekonomit.fi\/sv\/paverkan\/det-har-ar-en-fantastisk-mojlighet-som-okar-forstaelsen-for-hur-samhallet-kan-paverkas\/\" \/>\n<meta property=\"og:site_name\" content=\"Suomen Ekonomit\" \/>\n<meta property=\"article:published_time\" content=\"2020-10-15T10:16:40+00:00\" \/>\n<meta property=\"article:modified_time\" content=\"2021-02-17T08:45:55+00:00\" \/>\n<meta property=\"og:image\" content=\"https:\/\/www.ekonomit.fi\/wp-content\/uploads\/2020\/10\/Eyup_Ylimaz_131020_0364_www-scaled.jpg\" \/>\n\t<meta property=\"og:image:width\" content=\"2560\" \/>\n\t<meta property=\"og:image:height\" content=\"1920\" \/>\n\t<meta property=\"og:image:type\" content=\"image\/jpeg\" \/>\n<meta name=\"author\" content=\"idalevanen\" \/>\n<meta name=\"twitter:card\" content=\"summary_large_image\" \/>\n<meta name=\"twitter:label1\" content=\"Skriven av\" \/>\n\t<meta name=\"twitter:data1\" content=\"idalevanen\" \/>\n\t<meta name=\"twitter:label2\" content=\"Ber\u00e4knad l\u00e4stid\" \/>\n\t<meta name=\"twitter:data2\" content=\"6 minuter\" \/>\n<script type=\"application\/ld+json\" class=\"yoast-schema-graph\">{\"@context\":\"https:\\\/\\\/schema.org\",\"@graph\":[{\"@type\":\"Article\",\"@id\":\"https:\\\/\\\/www.ekonomit.fi\\\/sv\\\/paverkan\\\/det-har-ar-en-fantastisk-mojlighet-som-okar-forstaelsen-for-hur-samhallet-kan-paverkas\\\/#article\",\"isPartOf\":{\"@id\":\"https:\\\/\\\/www.ekonomit.fi\\\/sv\\\/paverkan\\\/det-har-ar-en-fantastisk-mojlighet-som-okar-forstaelsen-for-hur-samhallet-kan-paverkas\\\/\"},\"author\":{\"name\":\"idalevanen\",\"@id\":\"https:\\\/\\\/www.ekonomit.fi\\\/sv\\\/#\\\/schema\\\/person\\\/554e98e5e34c51fcdc89c46badffadbf\"},\"headline\":\"\u201dDet h\u00e4r \u00e4r en fantastisk m\u00f6jlighet som \u00f6kar f\u00f6rst\u00e5elsen f\u00f6r hur samh\u00e4llet kan p\u00e5verkas\u201d\",\"datePublished\":\"2020-10-15T10:16:40+00:00\",\"dateModified\":\"2021-02-17T08:45:55+00:00\",\"mainEntityOfPage\":{\"@id\":\"https:\\\/\\\/www.ekonomit.fi\\\/sv\\\/paverkan\\\/det-har-ar-en-fantastisk-mojlighet-som-okar-forstaelsen-for-hur-samhallet-kan-paverkas\\\/\"},\"wordCount\":1392,\"publisher\":{\"@id\":\"https:\\\/\\\/www.ekonomit.fi\\\/sv\\\/#organization\"},\"image\":{\"@id\":\"https:\\\/\\\/www.ekonomit.fi\\\/sv\\\/paverkan\\\/det-har-ar-en-fantastisk-mojlighet-som-okar-forstaelsen-for-hur-samhallet-kan-paverkas\\\/#primaryimage\"},\"thumbnailUrl\":\"https:\\\/\\\/www.ekonomit.fi\\\/wp-content\\\/uploads\\\/2020\\\/10\\\/Eyup_Ylimaz_131020_0364_www-scaled.jpg\",\"keywords\":[\"Ekonomistuderande\",\"Kollektivavtal\",\"Samarbetsf\u00f6rhandling\"],\"articleSection\":[\"P\u00e5verkan\"],\"inLanguage\":\"sv-SE\"},{\"@type\":\"WebPage\",\"@id\":\"https:\\\/\\\/www.ekonomit.fi\\\/sv\\\/paverkan\\\/det-har-ar-en-fantastisk-mojlighet-som-okar-forstaelsen-for-hur-samhallet-kan-paverkas\\\/\",\"url\":\"https:\\\/\\\/www.ekonomit.fi\\\/sv\\\/paverkan\\\/det-har-ar-en-fantastisk-mojlighet-som-okar-forstaelsen-for-hur-samhallet-kan-paverkas\\\/\",\"name\":\"\u201dDet h\u00e4r \u00e4r en fantastisk m\u00f6jlighet som \u00f6kar f\u00f6rst\u00e5elsen f\u00f6r hur samh\u00e4llet kan p\u00e5verkas\u201d - Suomen Ekonomit\",\"isPartOf\":{\"@id\":\"https:\\\/\\\/www.ekonomit.fi\\\/sv\\\/#website\"},\"primaryImageOfPage\":{\"@id\":\"https:\\\/\\\/www.ekonomit.fi\\\/sv\\\/paverkan\\\/det-har-ar-en-fantastisk-mojlighet-som-okar-forstaelsen-for-hur-samhallet-kan-paverkas\\\/#primaryimage\"},\"image\":{\"@id\":\"https:\\\/\\\/www.ekonomit.fi\\\/sv\\\/paverkan\\\/det-har-ar-en-fantastisk-mojlighet-som-okar-forstaelsen-for-hur-samhallet-kan-paverkas\\\/#primaryimage\"},\"thumbnailUrl\":\"https:\\\/\\\/www.ekonomit.fi\\\/wp-content\\\/uploads\\\/2020\\\/10\\\/Eyup_Ylimaz_131020_0364_www-scaled.jpg\",\"datePublished\":\"2020-10-15T10:16:40+00:00\",\"dateModified\":\"2021-02-17T08:45:55+00:00\",\"breadcrumb\":{\"@id\":\"https:\\\/\\\/www.ekonomit.fi\\\/sv\\\/paverkan\\\/det-har-ar-en-fantastisk-mojlighet-som-okar-forstaelsen-for-hur-samhallet-kan-paverkas\\\/#breadcrumb\"},\"inLanguage\":\"sv-SE\",\"potentialAction\":[{\"@type\":\"ReadAction\",\"target\":[\"https:\\\/\\\/www.ekonomit.fi\\\/sv\\\/paverkan\\\/det-har-ar-en-fantastisk-mojlighet-som-okar-forstaelsen-for-hur-samhallet-kan-paverkas\\\/\"]}]},{\"@type\":\"ImageObject\",\"inLanguage\":\"sv-SE\",\"@id\":\"https:\\\/\\\/www.ekonomit.fi\\\/sv\\\/paverkan\\\/det-har-ar-en-fantastisk-mojlighet-som-okar-forstaelsen-for-hur-samhallet-kan-paverkas\\\/#primaryimage\",\"url\":\"https:\\\/\\\/www.ekonomit.fi\\\/wp-content\\\/uploads\\\/2020\\\/10\\\/Eyup_Ylimaz_131020_0364_www-scaled.jpg\",\"contentUrl\":\"https:\\\/\\\/www.ekonomit.fi\\\/wp-content\\\/uploads\\\/2020\\\/10\\\/Eyup_Ylimaz_131020_0364_www-scaled.jpg\",\"width\":2560,\"height\":1920,\"caption\":\"Eyup Yilmaz pohtii Ekonomien ty\u00f6el\u00e4m\u00e4toimikunnassa muun muassa sit\u00e4, miten ty\u00f6t\u00e4 tehd\u00e4\u00e4n tulevaisuudessa.\"},{\"@type\":\"BreadcrumbList\",\"@id\":\"https:\\\/\\\/www.ekonomit.fi\\\/sv\\\/paverkan\\\/det-har-ar-en-fantastisk-mojlighet-som-okar-forstaelsen-for-hur-samhallet-kan-paverkas\\\/#breadcrumb\",\"itemListElement\":[{\"@type\":\"ListItem\",\"position\":1,\"name\":\"Home\",\"item\":\"https:\\\/\\\/www.ekonomit.fi\\\/sv\\\/\"},{\"@type\":\"ListItem\",\"position\":2,\"name\":\"\u201dDet h\u00e4r \u00e4r en fantastisk m\u00f6jlighet som \u00f6kar f\u00f6rst\u00e5elsen f\u00f6r hur samh\u00e4llet kan p\u00e5verkas\u201d\"}]},{\"@type\":\"WebSite\",\"@id\":\"https:\\\/\\\/www.ekonomit.fi\\\/sv\\\/#website\",\"url\":\"https:\\\/\\\/www.ekonomit.fi\\\/sv\\\/\",\"name\":\"Suomen Ekonomit\",\"description\":\"\",\"publisher\":{\"@id\":\"https:\\\/\\\/www.ekonomit.fi\\\/sv\\\/#organization\"},\"potentialAction\":[{\"@type\":\"SearchAction\",\"target\":{\"@type\":\"EntryPoint\",\"urlTemplate\":\"https:\\\/\\\/www.ekonomit.fi\\\/sv\\\/?s={search_term_string}\"},\"query-input\":{\"@type\":\"PropertyValueSpecification\",\"valueRequired\":true,\"valueName\":\"search_term_string\"}}],\"inLanguage\":\"sv-SE\"},{\"@type\":\"Organization\",\"@id\":\"https:\\\/\\\/www.ekonomit.fi\\\/sv\\\/#organization\",\"name\":\"Suomen Ekonomit\",\"url\":\"https:\\\/\\\/www.ekonomit.fi\\\/sv\\\/\",\"logo\":{\"@type\":\"ImageObject\",\"inLanguage\":\"sv-SE\",\"@id\":\"https:\\\/\\\/www.ekonomit.fi\\\/sv\\\/#\\\/schema\\\/logo\\\/image\\\/\",\"url\":\"https:\\\/\\\/www.ekonomit.fi\\\/wp-content\\\/uploads\\\/2020\\\/05\\\/ekonomit-mer-nega.png\",\"contentUrl\":\"https:\\\/\\\/www.ekonomit.fi\\\/wp-content\\\/uploads\\\/2020\\\/05\\\/ekonomit-mer-nega.png\",\"width\":870,\"height\":307,\"caption\":\"Suomen Ekonomit\"},\"image\":{\"@id\":\"https:\\\/\\\/www.ekonomit.fi\\\/sv\\\/#\\\/schema\\\/logo\\\/image\\\/\"}},{\"@type\":\"Person\",\"@id\":\"https:\\\/\\\/www.ekonomit.fi\\\/sv\\\/#\\\/schema\\\/person\\\/554e98e5e34c51fcdc89c46badffadbf\",\"name\":\"idalevanen\",\"image\":{\"@type\":\"ImageObject\",\"inLanguage\":\"sv-SE\",\"@id\":\"https:\\\/\\\/www.ekonomit.fi\\\/wp-content\\\/litespeed\\\/avatar\\\/632fbac5f499bf8a7bd6f3297b3dffdb.jpg?ver=1777366207\",\"url\":\"https:\\\/\\\/www.ekonomit.fi\\\/wp-content\\\/litespeed\\\/avatar\\\/632fbac5f499bf8a7bd6f3297b3dffdb.jpg?ver=1777366207\",\"contentUrl\":\"https:\\\/\\\/www.ekonomit.fi\\\/wp-content\\\/litespeed\\\/avatar\\\/632fbac5f499bf8a7bd6f3297b3dffdb.jpg?ver=1777366207\",\"caption\":\"idalevanen\"}}]}<\/script>\n<!-- \/ Yoast SEO plugin. -->","yoast_head_json":{"title":"\u201dDet h\u00e4r \u00e4r en fantastisk m\u00f6jlighet som \u00f6kar f\u00f6rst\u00e5elsen f\u00f6r hur samh\u00e4llet kan p\u00e5verkas\u201d - Suomen Ekonomit","robots":{"index":"index","follow":"follow","max-snippet":"max-snippet:-1","max-image-preview":"max-image-preview:large","max-video-preview":"max-video-preview:-1"},"canonical":"https:\/\/www.ekonomit.fi\/sv\/paverkan\/det-har-ar-en-fantastisk-mojlighet-som-okar-forstaelsen-for-hur-samhallet-kan-paverkas\/","og_locale":"sv_SE","og_type":"article","og_title":"\u201dDet h\u00e4r \u00e4r en fantastisk m\u00f6jlighet som \u00f6kar f\u00f6rst\u00e5elsen f\u00f6r hur samh\u00e4llet kan p\u00e5verkas\u201d - Suomen Ekonomit","og_description":"Finlands Ekonomers arbetslivskommitt\u00e9, utbildningspolitiska kommitt\u00e9 och f\u00f6retagardelegation \u00e4r verksamma i k\u00e4rnan av p\u00e5verkansarbetet. Grupperna bereder beslut, f\u00f6rslag och rekommendationer i anslutning till arbetslivet, utbildning och f\u00f6retagande. Medlemmarna f\u00e5r arbeta i n\u00e4tverk och l\u00e4ra sig mycket om samh\u00e4llsp\u00e5verkan.","og_url":"https:\/\/www.ekonomit.fi\/sv\/paverkan\/det-har-ar-en-fantastisk-mojlighet-som-okar-forstaelsen-for-hur-samhallet-kan-paverkas\/","og_site_name":"Suomen Ekonomit","article_published_time":"2020-10-15T10:16:40+00:00","article_modified_time":"2021-02-17T08:45:55+00:00","og_image":[{"width":2560,"height":1920,"url":"https:\/\/www.ekonomit.fi\/wp-content\/uploads\/2020\/10\/Eyup_Ylimaz_131020_0364_www-scaled.jpg","type":"image\/jpeg"}],"author":"idalevanen","twitter_card":"summary_large_image","twitter_misc":{"Skriven av":"idalevanen","Ber\u00e4knad l\u00e4stid":"6 minuter"},"schema":{"@context":"https:\/\/schema.org","@graph":[{"@type":"Article","@id":"https:\/\/www.ekonomit.fi\/sv\/paverkan\/det-har-ar-en-fantastisk-mojlighet-som-okar-forstaelsen-for-hur-samhallet-kan-paverkas\/#article","isPartOf":{"@id":"https:\/\/www.ekonomit.fi\/sv\/paverkan\/det-har-ar-en-fantastisk-mojlighet-som-okar-forstaelsen-for-hur-samhallet-kan-paverkas\/"},"author":{"name":"idalevanen","@id":"https:\/\/www.ekonomit.fi\/sv\/#\/schema\/person\/554e98e5e34c51fcdc89c46badffadbf"},"headline":"\u201dDet h\u00e4r \u00e4r en fantastisk m\u00f6jlighet som \u00f6kar f\u00f6rst\u00e5elsen f\u00f6r hur samh\u00e4llet kan p\u00e5verkas\u201d","datePublished":"2020-10-15T10:16:40+00:00","dateModified":"2021-02-17T08:45:55+00:00","mainEntityOfPage":{"@id":"https:\/\/www.ekonomit.fi\/sv\/paverkan\/det-har-ar-en-fantastisk-mojlighet-som-okar-forstaelsen-for-hur-samhallet-kan-paverkas\/"},"wordCount":1392,"publisher":{"@id":"https:\/\/www.ekonomit.fi\/sv\/#organization"},"image":{"@id":"https:\/\/www.ekonomit.fi\/sv\/paverkan\/det-har-ar-en-fantastisk-mojlighet-som-okar-forstaelsen-for-hur-samhallet-kan-paverkas\/#primaryimage"},"thumbnailUrl":"https:\/\/www.ekonomit.fi\/wp-content\/uploads\/2020\/10\/Eyup_Ylimaz_131020_0364_www-scaled.jpg","keywords":["Ekonomistuderande","Kollektivavtal","Samarbetsf\u00f6rhandling"],"articleSection":["P\u00e5verkan"],"inLanguage":"sv-SE"},{"@type":"WebPage","@id":"https:\/\/www.ekonomit.fi\/sv\/paverkan\/det-har-ar-en-fantastisk-mojlighet-som-okar-forstaelsen-for-hur-samhallet-kan-paverkas\/","url":"https:\/\/www.ekonomit.fi\/sv\/paverkan\/det-har-ar-en-fantastisk-mojlighet-som-okar-forstaelsen-for-hur-samhallet-kan-paverkas\/","name":"\u201dDet h\u00e4r \u00e4r en fantastisk m\u00f6jlighet som \u00f6kar f\u00f6rst\u00e5elsen f\u00f6r hur samh\u00e4llet kan p\u00e5verkas\u201d - Suomen Ekonomit","isPartOf":{"@id":"https:\/\/www.ekonomit.fi\/sv\/#website"},"primaryImageOfPage":{"@id":"https:\/\/www.ekonomit.fi\/sv\/paverkan\/det-har-ar-en-fantastisk-mojlighet-som-okar-forstaelsen-for-hur-samhallet-kan-paverkas\/#primaryimage"},"image":{"@id":"https:\/\/www.ekonomit.fi\/sv\/paverkan\/det-har-ar-en-fantastisk-mojlighet-som-okar-forstaelsen-for-hur-samhallet-kan-paverkas\/#primaryimage"},"thumbnailUrl":"https:\/\/www.ekonomit.fi\/wp-content\/uploads\/2020\/10\/Eyup_Ylimaz_131020_0364_www-scaled.jpg","datePublished":"2020-10-15T10:16:40+00:00","dateModified":"2021-02-17T08:45:55+00:00","breadcrumb":{"@id":"https:\/\/www.ekonomit.fi\/sv\/paverkan\/det-har-ar-en-fantastisk-mojlighet-som-okar-forstaelsen-for-hur-samhallet-kan-paverkas\/#breadcrumb"},"inLanguage":"sv-SE","potentialAction":[{"@type":"ReadAction","target":["https:\/\/www.ekonomit.fi\/sv\/paverkan\/det-har-ar-en-fantastisk-mojlighet-som-okar-forstaelsen-for-hur-samhallet-kan-paverkas\/"]}]},{"@type":"ImageObject","inLanguage":"sv-SE","@id":"https:\/\/www.ekonomit.fi\/sv\/paverkan\/det-har-ar-en-fantastisk-mojlighet-som-okar-forstaelsen-for-hur-samhallet-kan-paverkas\/#primaryimage","url":"https:\/\/www.ekonomit.fi\/wp-content\/uploads\/2020\/10\/Eyup_Ylimaz_131020_0364_www-scaled.jpg","contentUrl":"https:\/\/www.ekonomit.fi\/wp-content\/uploads\/2020\/10\/Eyup_Ylimaz_131020_0364_www-scaled.jpg","width":2560,"height":1920,"caption":"Eyup Yilmaz pohtii Ekonomien ty\u00f6el\u00e4m\u00e4toimikunnassa muun muassa sit\u00e4, miten ty\u00f6t\u00e4 tehd\u00e4\u00e4n tulevaisuudessa."},{"@type":"BreadcrumbList","@id":"https:\/\/www.ekonomit.fi\/sv\/paverkan\/det-har-ar-en-fantastisk-mojlighet-som-okar-forstaelsen-for-hur-samhallet-kan-paverkas\/#breadcrumb","itemListElement":[{"@type":"ListItem","position":1,"name":"Home","item":"https:\/\/www.ekonomit.fi\/sv\/"},{"@type":"ListItem","position":2,"name":"\u201dDet h\u00e4r \u00e4r en fantastisk m\u00f6jlighet som \u00f6kar f\u00f6rst\u00e5elsen f\u00f6r hur samh\u00e4llet kan p\u00e5verkas\u201d"}]},{"@type":"WebSite","@id":"https:\/\/www.ekonomit.fi\/sv\/#website","url":"https:\/\/www.ekonomit.fi\/sv\/","name":"Suomen Ekonomit","description":"","publisher":{"@id":"https:\/\/www.ekonomit.fi\/sv\/#organization"},"potentialAction":[{"@type":"SearchAction","target":{"@type":"EntryPoint","urlTemplate":"https:\/\/www.ekonomit.fi\/sv\/?s={search_term_string}"},"query-input":{"@type":"PropertyValueSpecification","valueRequired":true,"valueName":"search_term_string"}}],"inLanguage":"sv-SE"},{"@type":"Organization","@id":"https:\/\/www.ekonomit.fi\/sv\/#organization","name":"Suomen Ekonomit","url":"https:\/\/www.ekonomit.fi\/sv\/","logo":{"@type":"ImageObject","inLanguage":"sv-SE","@id":"https:\/\/www.ekonomit.fi\/sv\/#\/schema\/logo\/image\/","url":"https:\/\/www.ekonomit.fi\/wp-content\/uploads\/2020\/05\/ekonomit-mer-nega.png","contentUrl":"https:\/\/www.ekonomit.fi\/wp-content\/uploads\/2020\/05\/ekonomit-mer-nega.png","width":870,"height":307,"caption":"Suomen Ekonomit"},"image":{"@id":"https:\/\/www.ekonomit.fi\/sv\/#\/schema\/logo\/image\/"}},{"@type":"Person","@id":"https:\/\/www.ekonomit.fi\/sv\/#\/schema\/person\/554e98e5e34c51fcdc89c46badffadbf","name":"idalevanen","image":{"@type":"ImageObject","inLanguage":"sv-SE","@id":"https:\/\/www.ekonomit.fi\/wp-content\/litespeed\/avatar\/632fbac5f499bf8a7bd6f3297b3dffdb.jpg?ver=1777366207","url":"https:\/\/www.ekonomit.fi\/wp-content\/litespeed\/avatar\/632fbac5f499bf8a7bd6f3297b3dffdb.jpg?ver=1777366207","contentUrl":"https:\/\/www.ekonomit.fi\/wp-content\/litespeed\/avatar\/632fbac5f499bf8a7bd6f3297b3dffdb.jpg?ver=1777366207","caption":"idalevanen"}}]}},"author_meta":{"display_name":"idalevanen","author_link":"https:\/\/www.ekonomit.fi\/sv\/author\/idalevanen\/"},"featured_img":"https:\/\/www.ekonomit.fi\/wp-content\/uploads\/2020\/10\/Eyup_Ylimaz_131020_0364_www-300x225.jpg","jetpack_featured_media_url":"https:\/\/www.ekonomit.fi\/wp-content\/uploads\/2020\/10\/Eyup_Ylimaz_131020_0364_www-scaled.jpg","coauthors":[],"tax_additional":{"categories":{"linked":["<a href=\"https:\/\/www.ekonomit.fi\/sv\/category\/paverkan\/\" class=\"advgb-post-tax-term\">P\u00e5verkan<\/a>"],"unlinked":["<span class=\"advgb-post-tax-term\">P\u00e5verkan<\/span>"]},"tags":{"linked":["<a href=\"https:\/\/www.ekonomit.fi\/sv\/category\/paverkan\/\" class=\"advgb-post-tax-term\">Ekonomistuderande<\/a>","<a href=\"https:\/\/www.ekonomit.fi\/sv\/category\/paverkan\/\" class=\"advgb-post-tax-term\">Kollektivavtal<\/a>","<a href=\"https:\/\/www.ekonomit.fi\/sv\/category\/paverkan\/\" class=\"advgb-post-tax-term\">Samarbetsf\u00f6rhandling<\/a>"],"unlinked":["<span class=\"advgb-post-tax-term\">Ekonomistuderande<\/span>","<span class=\"advgb-post-tax-term\">Kollektivavtal<\/span>","<span class=\"advgb-post-tax-term\">Samarbetsf\u00f6rhandling<\/span>"]}},"comment_count":0,"relative_dates":{"created":"Publicerad 6 \u00e5r sedan","modified":"Uppdaterad 5 \u00e5r sedan"},"absolute_dates":{"created":"Publicerat den 15 oktober 2020","modified":"Uppdaterad den 17 februari 2021"},"absolute_dates_time":{"created":"Publicerat den 15 oktober 2020 13:16","modified":"Uppdaterad den 17 februari 2021 10:45"},"featured_img_caption":"Eyup Yilmaz pohtii Ekonomien ty\u00f6el\u00e4m\u00e4toimikunnassa muun muassa sit\u00e4, miten ty\u00f6t\u00e4 tehd\u00e4\u00e4n tulevaisuudessa. ","series_order":"","jetpack_sharing_enabled":true,"_links":{"self":[{"href":"https:\/\/www.ekonomit.fi\/sv\/wp-json\/wp\/v2\/posts\/12890","targetHints":{"allow":["GET"]}}],"collection":[{"href":"https:\/\/www.ekonomit.fi\/sv\/wp-json\/wp\/v2\/posts"}],"about":[{"href":"https:\/\/www.ekonomit.fi\/sv\/wp-json\/wp\/v2\/types\/post"}],"author":[{"embeddable":true,"href":"https:\/\/www.ekonomit.fi\/sv\/wp-json\/wp\/v2\/users\/4"}],"replies":[{"embeddable":true,"href":"https:\/\/www.ekonomit.fi\/sv\/wp-json\/wp\/v2\/comments?post=12890"}],"version-history":[{"count":4,"href":"https:\/\/www.ekonomit.fi\/sv\/wp-json\/wp\/v2\/posts\/12890\/revisions"}],"predecessor-version":[{"id":19726,"href":"https:\/\/www.ekonomit.fi\/sv\/wp-json\/wp\/v2\/posts\/12890\/revisions\/19726"}],"wp:featuredmedia":[{"embeddable":true,"href":"https:\/\/www.ekonomit.fi\/sv\/wp-json\/wp\/v2\/media\/12903"}],"wp:attachment":[{"href":"https:\/\/www.ekonomit.fi\/sv\/wp-json\/wp\/v2\/media?parent=12890"}],"wp:term":[{"taxonomy":"category","embeddable":true,"href":"https:\/\/www.ekonomit.fi\/sv\/wp-json\/wp\/v2\/categories?post=12890"},{"taxonomy":"post_tag","embeddable":true,"href":"https:\/\/www.ekonomit.fi\/sv\/wp-json\/wp\/v2\/tags?post=12890"}],"curies":[{"name":"wp","href":"https:\/\/api.w.org\/{rel}","templated":true}]}}