{"id":13191,"date":"2020-10-15T09:00:23","date_gmt":"2020-10-15T06:00:23","guid":{"rendered":"https:\/\/www.ekonomit.fi\/aktuellt\/janina-airikainen\/"},"modified":"2020-10-26T10:02:44","modified_gmt":"2020-10-26T08:02:44","slug":"janina-airikainen","status":"publish","type":"post","link":"https:\/\/www.ekonomit.fi\/sv\/arbete\/janina-airikainen\/","title":{"rendered":"Janina Airikainen, 23, studerande p\u00e5 Hanken: \u201dKarri\u00e4rcoachingen gav mig sj\u00e4lvf\u00f6rtroende inf\u00f6r arbetss\u00f6kningen\u201d"},"content":{"rendered":"<div  class=\"wp-block-ultimate-post-image ultp-block-fc5ad9\"><div class=\"ultp-block-wrapper\"><figure class=\"ultp-image-block-wrapper\"><div class=\"ultp-image-block ultp-image-block-none\"><img decoding=\"async\"  class=\"ultp-image\"  alt=\"Janina Airikainen\"  src=\"https:\/\/www.ekonomit.fi\/wp-content\/uploads\/2020\/10\/Janina_Airikainen-scaled.jpg\" \/><\/div><\/figure><\/div><\/div>\n\n\n<p class=\"has-text-align-center\"><em><em>Janina Airikainen upplever att hon haft nytta av karri\u00e4rcoachingen n\u00e4r hon s\u00f6kte arbete: det k\u00e4nns l\u00e4ttare att kontakta arbetsgivarna.<\/em><\/em><\/p>\n\n\n\n<p>Eftersom arbetsmarknaden har drabbats h\u00e5rt av coronakrisen \u00e4r det \u00e4nnu sv\u00e5rare \u00e4n tidigare att hitta den f\u00f6rsta arbetsplatsen. \u00c4nd\u00e5 finns det annat \u00e4n bara svarta moln p\u00e5 arbetsmarknadshimlen: arbetsplatser ledigannonseras fortfarande. Det fick \u00e4ven redovisningsstuderanden <strong>Janina Airikainen<\/strong> till sin gl\u00e4dje uppleva. Airikainen \u00e4r snart klar med sina studier vid Hanken i Helsingfors.<\/p>\n\n\n\n<p>Efter kandidatstudierna hade hon redan ett \u00e5rs magisterstudier bakom sig och lyckades f\u00e5 ett sommarjobb trots coronakrisen.<\/p>\n\n\n\n<p>\u201dJag hade verkligen tur. Jag fick n\u00e4mligen jobb p\u00e5 samma st\u00e4lle som f\u00f6reg\u00e5ende sommar.<\/p>\n\n\n\n<p>P\u00e5 sommaren m\u00e4rkte hon dessutom en intressant arbetsplats som skulle kunna s\u00f6kas p\u00e5 h\u00f6sten. Hon hade planerat att forts\u00e4tta studierna, men dr\u00f6mjobbet \u00e4ndrade planerna.<\/p>\n\n\n\n<p>\u201dDet var helt om\u00f6jligt att skippa det h\u00e4r tillf\u00e4llet. Jag best\u00e4mde mig f\u00f6r att s\u00f6ka platsen och b\u00f6rjade genast skriva en arbetsans\u00f6kan.<\/p>\n\n\n\n<h2 class=\"wp-block-heading\">\u201dDet \u00e4r viktigt att satsa p\u00e5 en bra ans\u00f6kan\u201d<\/h2>\n\n\n\n<p>Vid samma tidpunkt deltog Airikainen i Finlands Ekonomers sommarkurs d\u00e4r en uppgift var att skriva en arbetsans\u00f6kan. N\u00e4r hon l\u00e4mnade in uppgiften ber\u00e4ttade hon att hon t\u00e4nker s\u00f6ka platsen p\u00e5 riktigt med sin ans\u00f6kan.<\/p>\n\n\n\n<p>Eftersom Airikainen hade skaffat <strong><a href=\"https:\/\/www.ekonomit.fi\/sv\/medlemskap\/kylteriplus-paketet\/\" target=\"_blank\" rel=\"noreferrer noopener\">KylteriPlus-paketet <\/a><\/strong>med till\u00e4ggstj\u00e4nster som \u00e4r avsett f\u00f6r ekonomistuderande, fick hon hj\u00e4lp med ans\u00f6kan av en karri\u00e4rcoach vid Finlands Ekonomer. Karri\u00e4rcoachen <strong>Taija Keskinen<\/strong> l\u00e4ste Airikainens ans\u00f6kan, gav feedback och l\u00e4ste igenom den p\u00e5 nytt efter att Airikainen hade finslipat den.<\/p>\n\n\n\n<p>\u201dHon f\u00f6reslog att jag i h\u00f6gre grad fokuserar p\u00e5 det arbete jag s\u00f6ker i ans\u00f6kan. Jag kompletterade ans\u00f6kan med mitt kunnande och n\u00e4mnde att jag har kunskaper i redovisning. Samt att jag \u00e4r intresserad uttryckligen av det. N\u00e4r Taija l\u00e4ste min nya version konstaterade hon att den ser ut som den ska.\u201d<\/p>\n\n\n\n<figure class=\"wp-block-pullquote\"><blockquote><p>\u201dArbetsgivaren l\u00e4ser troligtvis hundra ans\u00f6kningar och d\u00e4rf\u00f6r \u00e4r det bra att fokusera p\u00e5 det viktigaste.\u201d<\/p><\/blockquote><\/figure>\n\n\n\n<p>Taija Keskinen kommer ih\u00e5g att Airikainens ursprungliga ans\u00f6kan redan var mycket bra.<\/p>\n\n\n\n<p>\u201dVi f\u00f6rs\u00f6kte \u00e4nd\u00e5 tillsammans g\u00f6ra den mer koncis. Arbetsgivaren l\u00e4ser troligtvis hundra ans\u00f6kningar med anstr\u00e4ngda \u00f6gon och som \u00f6vertidsarbete. D\u00e4rf\u00f6r \u00e4r det bra att fokusera p\u00e5 det viktigaste. Vi gick ocks\u00e5 igenom platsannonsen och jag gav tips om hur ans\u00f6kan \u00e4nnu b\u00e4ttre kan svara p\u00e5 inneh\u00e5llet i annonsen.\u201d<\/p>\n\n\n\n<h2 class=\"wp-block-heading\">\u201dMitt sj\u00e4lvf\u00f6rtroende v\u00e4xte\u201d<\/h2>\n\n\n\n<p>Airikainen beh\u00f6vde snart mer hj\u00e4lp, d\u00e5 ans\u00f6kan resulterade i att hon blev kallad till anst\u00e4llningsintervju. Hon ville g\u00e4rna ha hj\u00e4lp med att f\u00f6rbereda sig inf\u00f6r intervjun och skickade e-post till Ekonomernas karri\u00e4rtj\u00e4nst.<\/p>\n\n\n\n<p>P\u00e5 grund av coronakrisen sparrades hon av karri\u00e4rcoachen <strong>Birgit Lindholm <\/strong>per telefon. F\u00f6rst gick de igenom hurdant arbete det \u00e4r fr\u00e5ga om och varf\u00f6r Airikainen \u00e4r intresserad av det.<\/p>\n\n\n\n<p>\u201dBirgit st\u00e4llde s\u00e5dana fr\u00e5gor som mycket v\u00e4l kunde dyka upp i intervjun och tipsade mig om bra svar. Hon p\u00e5pekade att rekryteraren kan f\u00e5 svar av tio andra ocks\u00e5 och uppmanade mig att fundera om jag hade n\u00e5gonting extra att l\u00e4gga till. Jag beskrev i st\u00f6rre detalj varf\u00f6r jag vill jobba i detta f\u00f6retag och inte n\u00e5gon annanstans. Det l\u00e4r vara en vanlig fr\u00e5ga.\u201d<\/p>\n\n\n\n<p>Airikainen tyckte det var nytta av att ha \u00f6vat sig p\u00e5 intervjun. Hon fick \u00f6va sig p\u00e5 svaren i lugn och ro och dessutom p\u00e5 nytt g\u00e5 igenom bekanta fr\u00e5gor.<\/p>\n\n\n\n<p>\u201dJag k\u00e4nde mig mer sj\u00e4lvs\u00e4ker n\u00e4r det var dags f\u00f6r den riktiga intervjun. Det var dessutom min f\u00f6rsta intervju p\u00e5 engelska och via Teams. Jag \u00f6vade ytterligare d\u00e4r hemma och gjorde upp en id\u00e9karta \u00f6ver mig sj\u00e4lv.\u201d<\/p>\n\n\n\n<p>Karri\u00e4rcoachen Birgit Lindholm kommer ih\u00e5g att hon gav Airikainen f\u00f6ljande tips: var inte r\u00e4dd f\u00f6r att vara nerv\u00f6s.<\/p>\n\n\n\n<p>\u201dDet \u00e4r en naturlig reaktion. Rekryteraren kan till och med tolka det som ett positivt tecken p\u00e5 att man verkligen \u00e4r intresserad av arbetsplatsen.\u201d<\/p>\n\n\n\n<h2 class=\"wp-block-heading\">\u201dAntalet s\u00f6kande \u00e4r stort, men det \u00e4r arbetsplatserna ocks\u00e5&#8221;<\/h2>\n\n\n\n<p>Janina Airikainen fick inte jobbet hon s\u00f6kte, men hon var n\u00f6jd med att vara bland de tre b\u00e4sta. Birgit Lindholm h\u00e5ller med:<\/p>\n\n\n\n<p>\u201dDet \u00e4r mycket bra. Bara en kan f\u00e5 guldmedalj, men hon kom p\u00e5 prispallen.\u201d<\/p>\n\n\n\n<p>Nu h\u00e5ller Airikainen p\u00e5 med sin pro gradu-avhandling. P\u00e5 v\u00e5ren v\u00e4ntar redan n\u00e4sta praktikplats d\u00e4r hon f\u00e5r l\u00e4ra sig mer om revision.<\/p>\n\n\n\n<p>Airikainen upplever att hon haft nytta av karri\u00e4rcoachingen n\u00e4r hon s\u00f6kte arbete: det k\u00e4nns l\u00e4ttare att kontakta arbetsgivarna. Trots att konkurrensen har h\u00e5rdnat tror hon att \u00e4ven de som inleder sin karri\u00e4r har chans att f\u00e5 arbete.<\/p>\n\n\n\n<figure class=\"wp-block-pullquote\"><blockquote><p>\u201dKnappast blir vi alla blir arbetsl\u00f6sa.\u201d<\/p><\/blockquote><\/figure>\n\n\n\n<p>\u201dAntalet s\u00f6kande \u00e4r stort, men det \u00e4r arbetsplatserna ocks\u00e5. Jag f\u00e5r \u00e5tminstone via LinkedIn hela tiden nys om praktikplatser i min egen bransch, dvs. ekonomif\u00f6rvaltning. Knappast blir vi alla blir arbetsl\u00f6sa.\u201d<\/p>\n\n\n\n<p>Airikainen tror att hon slutligen f\u00e5r en arbetsplats som kanske \u00e4r n\u00e5gonting helt annat \u00e4n vad hon t\u00e4nkt sig. I uppdraget som Ekonomernas kontaktperson f\u00f6r ekonomistuderande har hon m\u00e4rkt att arbetsuppgifter till exempel inom marknadsf\u00f6ring och evenemangsproduktion kunde k\u00e4nnas intressanta.<\/p>\n\n\n\n<p>\u00c4ven karri\u00e4rcoachen Birgit Lindholm tror att det trots coronakrisen g\u00e5r att hitta meningsfullt arbete som st\u00e4mmer \u00f6verens med de egna v\u00e4rderingarna.<\/p>\n\n\n\n<p>\u201dDet finns fortfarande lediga platser.&#8221;<\/p>\n\n\n\n<h2 class=\"wp-block-heading\">\u201dKarri\u00e4rcoachingen kan ha en avg\u00f6rande betydelse\u201d<\/h2>\n\n\n\n<p>Airikainen tyckte att karri\u00e4rcoachingen var f\u00f6rm\u00e5nlig i och med att den ing\u00e5r i tj\u00e4nsten KylteriPlus. Hon t\u00e4nker k\u00f6pa KylteriPlus \u00e4ven f\u00f6r den \u00e5terst\u00e5ende studietiden b\u00e5de f\u00f6r Kauppalehtis och f\u00f6r karri\u00e4rtj\u00e4nsternas skull. KylteriPlus med alla f\u00f6rm\u00e5ner kostar 25 euro.<\/p>\n\n\n\n<p>\u201dJag vet inte n\u00e5got annat st\u00e4lle d\u00e4r studerandena lika billigt och smidigt skulle f\u00e5 hj\u00e4lp med fr\u00e5gor som g\u00e4ller arbetss\u00f6kning. Via KylteriPlus \u00e4r coachingen s\u00e4kert mycket f\u00f6rm\u00e5nligare \u00e4n annan coaching.\u201d<\/p>\n\n\n\n<p>Airikainen f\u00f6rmodar att coacher fr\u00e5n ekonomernas eget fackf\u00f6rbund b\u00e4ttre k\u00e4nner till ekonomernas m\u00f6jligheter att f\u00e5 arbete och kan ge mer exakt hj\u00e4lp \u00e4n andra karri\u00e4rcoacher. Hon anser ocks\u00e5 att det \u00e4r l\u00e4ttare att ta kontakt med Ekonomernas karri\u00e4rcoacher \u00e4n med andra.<\/p>\n\n\n\n<p>I detta skede, n\u00e4r hon snart \u00e4r en ekonom som ska inleda sin karri\u00e4r, tror hon att hon kommer att utnyttja f\u00f6rbundets karri\u00e4rcoaching \u00e4ven senare till exempel n\u00e4r hon funderar p\u00e5 den egna karri\u00e4rv\u00e4gen. Airikainen anser att man h\u00e5lls \u00f6dmjuk n\u00e4r man inte f\u00f6rest\u00e4ller sig att man beh\u00e4rskar allt genast i b\u00f6rjan.<\/p>\n\n\n\n<p>\u201dJag h\u00f6r inte till dem som tror att jag klarar mig ensam i alla situationer. Jag ifr\u00e5gas\u00e4tter mina id\u00e9er och tar g\u00e4rna emot synpunkter av n\u00e5gon som vet mer \u00e4n jag. Karri\u00e4rcoacherna k\u00e4nner till arbetss\u00f6kningsprocessen utan och innan.\u201d<\/p>\n\n\n\n<p>Tillg\u00e5ngen till en karri\u00e4rcoach \u00e4r enligt henne den klart viktigaste <strong><a href=\"https:\/\/www.ekonomit.fi\/sv\/medlemskap\/kylteriplus-paketet\/\" target=\"_blank\" rel=\"noreferrer noopener\">f\u00f6rm\u00e5nen som h\u00f6r till KylteriPlus<\/a><\/strong>. N\u00e4r antalet lediga platser \u00e4r \u00e4nnu mindre \u00e4n tidigare \u00e4r det viktigt att kunna lyfta fram sig sj\u00e4lv p\u00e5 ett mer f\u00f6rdelaktigt s\u00e4tt \u00e4n andra.<\/p>\n\n\n\n<p>\u201dDet kan vara avg\u00f6rande till exempel f\u00f6r om man f\u00e5r sommarjobb eller inte.\u201d<\/p>\n\n\n\n<p><strong>Text<\/strong>: Arja Kuittinen<br><strong>Bild<\/strong>: Aleksei Dernjatin<\/p>\n\n\n\n<p><\/p>\n<div class=\"rns\" data-title=\"Janina Airikainen, 23, studerande p\u00e5 Hanken: \u201dKarri\u00e4rcoachingen gav mig sj\u00e4lvf\u00f6rtroende inf\u00f6r arbetss\u00f6kningen\u201d\" data-tags=\"Ekonomistuderande,Karri\u00e4rcoaching,Karri\u00e4rskildring\" data-categories=\"Arbete\" data-comments=\"0\" data-date=\"1602752423000\" data-author=\"heidihaapalainen\" data-single=\"\" data-url=\"https:\/\/www.ekonomit.fi\/sv\/arbete\/janina-airikainen\/\"><\/div> <!-- Check out https:\/\/reactandshare.com -->","protected":false},"excerpt":{"rendered":"<p>Antalet s\u00f6kande till olika arbetsplatser \u00e4r nu stort och d\u00e4rf\u00f6r borde man lyckas skilja sig fr\u00e5n m\u00e4ngden \u00e4nnu b\u00e4ttre \u00e4n f\u00f6rut. Ekonomernas karri\u00e4rcoaching gav ekonomistuderanden Janina Airikainen nyttig information och sj\u00e4lvf\u00f6rtroende inf\u00f6r arbetss\u00f6kningen.<\/p>\n","protected":false},"author":3,"featured_media":12819,"comment_status":"closed","ping_status":"closed","sticky":false,"template":"","format":"standard","meta":{"_acf_changed":false,"inline_featured_image":false,"advgb_blocks_editor_width":"","advgb_blocks_columns_visual_guide":"","_jetpack_memberships_contains_paid_content":false,"footnotes":""},"categories":[105],"tags":[148,161,160],"class_list":["post-13191","post","type-post","status-publish","format-standard","has-post-thumbnail","hentry","category-arbete","tag-ekonomistuderande","tag-karriarcoaching","tag-karriarskildring"],"acf":[],"yoast_head":"<!-- This site is optimized with the Yoast SEO plugin v27.5 - https:\/\/yoast.com\/product\/yoast-seo-wordpress\/ -->\n<title>Janina Airikainen, 23, studerande p\u00e5 Hanken: \u201dKarri\u00e4rcoachingen gav mig sj\u00e4lvf\u00f6rtroende inf\u00f6r arbetss\u00f6kningen\u201d - Suomen Ekonomit<\/title>\n<meta name=\"description\" content=\"Kauppatieteiden opiskelija Janina Airikainen hy\u00f6dynsi Ekonomien uravalmennusta ty\u00f6nhaussa. KylteriPlussan uravalmennus antoi itsevarmuutta.\" \/>\n<meta name=\"robots\" content=\"index, follow, max-snippet:-1, max-image-preview:large, max-video-preview:-1\" \/>\n<link rel=\"canonical\" href=\"https:\/\/www.ekonomit.fi\/sv\/arbete\/janina-airikainen\/\" \/>\n<meta property=\"og:locale\" content=\"sv_SE\" \/>\n<meta property=\"og:type\" content=\"article\" \/>\n<meta property=\"og:title\" content=\"Janina Airikainen, 23, studerande p\u00e5 Hanken: \u201dKarri\u00e4rcoachingen gav mig sj\u00e4lvf\u00f6rtroende inf\u00f6r arbetss\u00f6kningen\u201d - Suomen Ekonomit\" \/>\n<meta property=\"og:description\" content=\"Kauppatieteiden opiskelija Janina Airikainen hy\u00f6dynsi Ekonomien uravalmennusta ty\u00f6nhaussa. KylteriPlussan uravalmennus antoi itsevarmuutta.\" \/>\n<meta property=\"og:url\" content=\"https:\/\/www.ekonomit.fi\/sv\/arbete\/janina-airikainen\/\" \/>\n<meta property=\"og:site_name\" content=\"Suomen Ekonomit\" \/>\n<meta property=\"article:published_time\" content=\"2020-10-15T06:00:23+00:00\" \/>\n<meta property=\"article:modified_time\" content=\"2020-10-26T08:02:44+00:00\" \/>\n<meta property=\"og:image\" content=\"https:\/\/www.ekonomit.fi\/wp-content\/uploads\/2020\/10\/Janina_Airikainen-scaled.jpg\" \/>\n\t<meta property=\"og:image:width\" content=\"2560\" \/>\n\t<meta property=\"og:image:height\" content=\"1707\" \/>\n\t<meta property=\"og:image:type\" content=\"image\/jpeg\" \/>\n<meta name=\"author\" content=\"heidihaapalainen\" \/>\n<meta name=\"twitter:card\" content=\"summary_large_image\" \/>\n<meta name=\"twitter:label1\" content=\"Skriven av\" \/>\n\t<meta name=\"twitter:data1\" content=\"heidihaapalainen\" \/>\n\t<meta name=\"twitter:label2\" content=\"Ber\u00e4knad l\u00e4stid\" \/>\n\t<meta name=\"twitter:data2\" content=\"6 minuter\" \/>\n<script type=\"application\/ld+json\" class=\"yoast-schema-graph\">{\"@context\":\"https:\\\/\\\/schema.org\",\"@graph\":[{\"@type\":\"Article\",\"@id\":\"https:\\\/\\\/www.ekonomit.fi\\\/sv\\\/arbete\\\/janina-airikainen\\\/#article\",\"isPartOf\":{\"@id\":\"https:\\\/\\\/www.ekonomit.fi\\\/sv\\\/arbete\\\/janina-airikainen\\\/\"},\"author\":{\"name\":\"heidihaapalainen\",\"@id\":\"https:\\\/\\\/www.ekonomit.fi\\\/sv\\\/#\\\/schema\\\/person\\\/1fbd84fd17a8f0f947f8beab7b23949b\"},\"headline\":\"Janina Airikainen, 23, studerande p\u00e5 Hanken: \u201dKarri\u00e4rcoachingen gav mig sj\u00e4lvf\u00f6rtroende inf\u00f6r arbetss\u00f6kningen\u201d\",\"datePublished\":\"2020-10-15T06:00:23+00:00\",\"dateModified\":\"2020-10-26T08:02:44+00:00\",\"mainEntityOfPage\":{\"@id\":\"https:\\\/\\\/www.ekonomit.fi\\\/sv\\\/arbete\\\/janina-airikainen\\\/\"},\"wordCount\":1307,\"publisher\":{\"@id\":\"https:\\\/\\\/www.ekonomit.fi\\\/sv\\\/#organization\"},\"image\":{\"@id\":\"https:\\\/\\\/www.ekonomit.fi\\\/sv\\\/arbete\\\/janina-airikainen\\\/#primaryimage\"},\"thumbnailUrl\":\"https:\\\/\\\/www.ekonomit.fi\\\/wp-content\\\/uploads\\\/2020\\\/10\\\/Janina_Airikainen-scaled.jpg\",\"keywords\":[\"Ekonomistuderande\",\"Karri\u00e4rcoaching\",\"Karri\u00e4rskildring\"],\"articleSection\":[\"Arbete\"],\"inLanguage\":\"sv-SE\"},{\"@type\":\"WebPage\",\"@id\":\"https:\\\/\\\/www.ekonomit.fi\\\/sv\\\/arbete\\\/janina-airikainen\\\/\",\"url\":\"https:\\\/\\\/www.ekonomit.fi\\\/sv\\\/arbete\\\/janina-airikainen\\\/\",\"name\":\"Janina Airikainen, 23, studerande p\u00e5 Hanken: \u201dKarri\u00e4rcoachingen gav mig sj\u00e4lvf\u00f6rtroende inf\u00f6r arbetss\u00f6kningen\u201d - Suomen Ekonomit\",\"isPartOf\":{\"@id\":\"https:\\\/\\\/www.ekonomit.fi\\\/sv\\\/#website\"},\"primaryImageOfPage\":{\"@id\":\"https:\\\/\\\/www.ekonomit.fi\\\/sv\\\/arbete\\\/janina-airikainen\\\/#primaryimage\"},\"image\":{\"@id\":\"https:\\\/\\\/www.ekonomit.fi\\\/sv\\\/arbete\\\/janina-airikainen\\\/#primaryimage\"},\"thumbnailUrl\":\"https:\\\/\\\/www.ekonomit.fi\\\/wp-content\\\/uploads\\\/2020\\\/10\\\/Janina_Airikainen-scaled.jpg\",\"datePublished\":\"2020-10-15T06:00:23+00:00\",\"dateModified\":\"2020-10-26T08:02:44+00:00\",\"description\":\"Kauppatieteiden opiskelija Janina Airikainen hy\u00f6dynsi Ekonomien uravalmennusta ty\u00f6nhaussa. KylteriPlussan uravalmennus antoi itsevarmuutta.\",\"breadcrumb\":{\"@id\":\"https:\\\/\\\/www.ekonomit.fi\\\/sv\\\/arbete\\\/janina-airikainen\\\/#breadcrumb\"},\"inLanguage\":\"sv-SE\",\"potentialAction\":[{\"@type\":\"ReadAction\",\"target\":[\"https:\\\/\\\/www.ekonomit.fi\\\/sv\\\/arbete\\\/janina-airikainen\\\/\"]}]},{\"@type\":\"ImageObject\",\"inLanguage\":\"sv-SE\",\"@id\":\"https:\\\/\\\/www.ekonomit.fi\\\/sv\\\/arbete\\\/janina-airikainen\\\/#primaryimage\",\"url\":\"https:\\\/\\\/www.ekonomit.fi\\\/wp-content\\\/uploads\\\/2020\\\/10\\\/Janina_Airikainen-scaled.jpg\",\"contentUrl\":\"https:\\\/\\\/www.ekonomit.fi\\\/wp-content\\\/uploads\\\/2020\\\/10\\\/Janina_Airikainen-scaled.jpg\",\"width\":2560,\"height\":1707},{\"@type\":\"BreadcrumbList\",\"@id\":\"https:\\\/\\\/www.ekonomit.fi\\\/sv\\\/arbete\\\/janina-airikainen\\\/#breadcrumb\",\"itemListElement\":[{\"@type\":\"ListItem\",\"position\":1,\"name\":\"Home\",\"item\":\"https:\\\/\\\/www.ekonomit.fi\\\/sv\\\/\"},{\"@type\":\"ListItem\",\"position\":2,\"name\":\"Janina Airikainen, 23, studerande p\u00e5 Hanken: \u201dKarri\u00e4rcoachingen gav mig sj\u00e4lvf\u00f6rtroende inf\u00f6r arbetss\u00f6kningen\u201d\"}]},{\"@type\":\"WebSite\",\"@id\":\"https:\\\/\\\/www.ekonomit.fi\\\/sv\\\/#website\",\"url\":\"https:\\\/\\\/www.ekonomit.fi\\\/sv\\\/\",\"name\":\"Suomen Ekonomit\",\"description\":\"\",\"publisher\":{\"@id\":\"https:\\\/\\\/www.ekonomit.fi\\\/sv\\\/#organization\"},\"potentialAction\":[{\"@type\":\"SearchAction\",\"target\":{\"@type\":\"EntryPoint\",\"urlTemplate\":\"https:\\\/\\\/www.ekonomit.fi\\\/sv\\\/?s={search_term_string}\"},\"query-input\":{\"@type\":\"PropertyValueSpecification\",\"valueRequired\":true,\"valueName\":\"search_term_string\"}}],\"inLanguage\":\"sv-SE\"},{\"@type\":\"Organization\",\"@id\":\"https:\\\/\\\/www.ekonomit.fi\\\/sv\\\/#organization\",\"name\":\"Suomen Ekonomit\",\"url\":\"https:\\\/\\\/www.ekonomit.fi\\\/sv\\\/\",\"logo\":{\"@type\":\"ImageObject\",\"inLanguage\":\"sv-SE\",\"@id\":\"https:\\\/\\\/www.ekonomit.fi\\\/sv\\\/#\\\/schema\\\/logo\\\/image\\\/\",\"url\":\"https:\\\/\\\/www.ekonomit.fi\\\/wp-content\\\/uploads\\\/2020\\\/05\\\/ekonomit-mer-nega.png\",\"contentUrl\":\"https:\\\/\\\/www.ekonomit.fi\\\/wp-content\\\/uploads\\\/2020\\\/05\\\/ekonomit-mer-nega.png\",\"width\":870,\"height\":307,\"caption\":\"Suomen Ekonomit\"},\"image\":{\"@id\":\"https:\\\/\\\/www.ekonomit.fi\\\/sv\\\/#\\\/schema\\\/logo\\\/image\\\/\"}},{\"@type\":\"Person\",\"@id\":\"https:\\\/\\\/www.ekonomit.fi\\\/sv\\\/#\\\/schema\\\/person\\\/1fbd84fd17a8f0f947f8beab7b23949b\",\"name\":\"heidihaapalainen\",\"image\":{\"@type\":\"ImageObject\",\"inLanguage\":\"sv-SE\",\"@id\":\"https:\\\/\\\/www.ekonomit.fi\\\/wp-content\\\/litespeed\\\/avatar\\\/6dfbd5e6c01a5a4b70a51b4d45a75a45.jpg?ver=1777364979\",\"url\":\"https:\\\/\\\/www.ekonomit.fi\\\/wp-content\\\/litespeed\\\/avatar\\\/6dfbd5e6c01a5a4b70a51b4d45a75a45.jpg?ver=1777364979\",\"contentUrl\":\"https:\\\/\\\/www.ekonomit.fi\\\/wp-content\\\/litespeed\\\/avatar\\\/6dfbd5e6c01a5a4b70a51b4d45a75a45.jpg?ver=1777364979\",\"caption\":\"heidihaapalainen\"}}]}<\/script>\n<!-- \/ Yoast SEO plugin. -->","yoast_head_json":{"title":"Janina Airikainen, 23, studerande p\u00e5 Hanken: \u201dKarri\u00e4rcoachingen gav mig sj\u00e4lvf\u00f6rtroende inf\u00f6r arbetss\u00f6kningen\u201d - Suomen Ekonomit","description":"Kauppatieteiden opiskelija Janina Airikainen hy\u00f6dynsi Ekonomien uravalmennusta ty\u00f6nhaussa. KylteriPlussan uravalmennus antoi itsevarmuutta.","robots":{"index":"index","follow":"follow","max-snippet":"max-snippet:-1","max-image-preview":"max-image-preview:large","max-video-preview":"max-video-preview:-1"},"canonical":"https:\/\/www.ekonomit.fi\/sv\/arbete\/janina-airikainen\/","og_locale":"sv_SE","og_type":"article","og_title":"Janina Airikainen, 23, studerande p\u00e5 Hanken: \u201dKarri\u00e4rcoachingen gav mig sj\u00e4lvf\u00f6rtroende inf\u00f6r arbetss\u00f6kningen\u201d - Suomen Ekonomit","og_description":"Kauppatieteiden opiskelija Janina Airikainen hy\u00f6dynsi Ekonomien uravalmennusta ty\u00f6nhaussa. KylteriPlussan uravalmennus antoi itsevarmuutta.","og_url":"https:\/\/www.ekonomit.fi\/sv\/arbete\/janina-airikainen\/","og_site_name":"Suomen Ekonomit","article_published_time":"2020-10-15T06:00:23+00:00","article_modified_time":"2020-10-26T08:02:44+00:00","og_image":[{"width":2560,"height":1707,"url":"https:\/\/www.ekonomit.fi\/wp-content\/uploads\/2020\/10\/Janina_Airikainen-scaled.jpg","type":"image\/jpeg"}],"author":"heidihaapalainen","twitter_card":"summary_large_image","twitter_misc":{"Skriven av":"heidihaapalainen","Ber\u00e4knad l\u00e4stid":"6 minuter"},"schema":{"@context":"https:\/\/schema.org","@graph":[{"@type":"Article","@id":"https:\/\/www.ekonomit.fi\/sv\/arbete\/janina-airikainen\/#article","isPartOf":{"@id":"https:\/\/www.ekonomit.fi\/sv\/arbete\/janina-airikainen\/"},"author":{"name":"heidihaapalainen","@id":"https:\/\/www.ekonomit.fi\/sv\/#\/schema\/person\/1fbd84fd17a8f0f947f8beab7b23949b"},"headline":"Janina Airikainen, 23, studerande p\u00e5 Hanken: \u201dKarri\u00e4rcoachingen gav mig sj\u00e4lvf\u00f6rtroende inf\u00f6r arbetss\u00f6kningen\u201d","datePublished":"2020-10-15T06:00:23+00:00","dateModified":"2020-10-26T08:02:44+00:00","mainEntityOfPage":{"@id":"https:\/\/www.ekonomit.fi\/sv\/arbete\/janina-airikainen\/"},"wordCount":1307,"publisher":{"@id":"https:\/\/www.ekonomit.fi\/sv\/#organization"},"image":{"@id":"https:\/\/www.ekonomit.fi\/sv\/arbete\/janina-airikainen\/#primaryimage"},"thumbnailUrl":"https:\/\/www.ekonomit.fi\/wp-content\/uploads\/2020\/10\/Janina_Airikainen-scaled.jpg","keywords":["Ekonomistuderande","Karri\u00e4rcoaching","Karri\u00e4rskildring"],"articleSection":["Arbete"],"inLanguage":"sv-SE"},{"@type":"WebPage","@id":"https:\/\/www.ekonomit.fi\/sv\/arbete\/janina-airikainen\/","url":"https:\/\/www.ekonomit.fi\/sv\/arbete\/janina-airikainen\/","name":"Janina Airikainen, 23, studerande p\u00e5 Hanken: \u201dKarri\u00e4rcoachingen gav mig sj\u00e4lvf\u00f6rtroende inf\u00f6r arbetss\u00f6kningen\u201d - Suomen Ekonomit","isPartOf":{"@id":"https:\/\/www.ekonomit.fi\/sv\/#website"},"primaryImageOfPage":{"@id":"https:\/\/www.ekonomit.fi\/sv\/arbete\/janina-airikainen\/#primaryimage"},"image":{"@id":"https:\/\/www.ekonomit.fi\/sv\/arbete\/janina-airikainen\/#primaryimage"},"thumbnailUrl":"https:\/\/www.ekonomit.fi\/wp-content\/uploads\/2020\/10\/Janina_Airikainen-scaled.jpg","datePublished":"2020-10-15T06:00:23+00:00","dateModified":"2020-10-26T08:02:44+00:00","description":"Kauppatieteiden opiskelija Janina Airikainen hy\u00f6dynsi Ekonomien uravalmennusta ty\u00f6nhaussa. KylteriPlussan uravalmennus antoi itsevarmuutta.","breadcrumb":{"@id":"https:\/\/www.ekonomit.fi\/sv\/arbete\/janina-airikainen\/#breadcrumb"},"inLanguage":"sv-SE","potentialAction":[{"@type":"ReadAction","target":["https:\/\/www.ekonomit.fi\/sv\/arbete\/janina-airikainen\/"]}]},{"@type":"ImageObject","inLanguage":"sv-SE","@id":"https:\/\/www.ekonomit.fi\/sv\/arbete\/janina-airikainen\/#primaryimage","url":"https:\/\/www.ekonomit.fi\/wp-content\/uploads\/2020\/10\/Janina_Airikainen-scaled.jpg","contentUrl":"https:\/\/www.ekonomit.fi\/wp-content\/uploads\/2020\/10\/Janina_Airikainen-scaled.jpg","width":2560,"height":1707},{"@type":"BreadcrumbList","@id":"https:\/\/www.ekonomit.fi\/sv\/arbete\/janina-airikainen\/#breadcrumb","itemListElement":[{"@type":"ListItem","position":1,"name":"Home","item":"https:\/\/www.ekonomit.fi\/sv\/"},{"@type":"ListItem","position":2,"name":"Janina Airikainen, 23, studerande p\u00e5 Hanken: \u201dKarri\u00e4rcoachingen gav mig sj\u00e4lvf\u00f6rtroende inf\u00f6r arbetss\u00f6kningen\u201d"}]},{"@type":"WebSite","@id":"https:\/\/www.ekonomit.fi\/sv\/#website","url":"https:\/\/www.ekonomit.fi\/sv\/","name":"Suomen Ekonomit","description":"","publisher":{"@id":"https:\/\/www.ekonomit.fi\/sv\/#organization"},"potentialAction":[{"@type":"SearchAction","target":{"@type":"EntryPoint","urlTemplate":"https:\/\/www.ekonomit.fi\/sv\/?s={search_term_string}"},"query-input":{"@type":"PropertyValueSpecification","valueRequired":true,"valueName":"search_term_string"}}],"inLanguage":"sv-SE"},{"@type":"Organization","@id":"https:\/\/www.ekonomit.fi\/sv\/#organization","name":"Suomen Ekonomit","url":"https:\/\/www.ekonomit.fi\/sv\/","logo":{"@type":"ImageObject","inLanguage":"sv-SE","@id":"https:\/\/www.ekonomit.fi\/sv\/#\/schema\/logo\/image\/","url":"https:\/\/www.ekonomit.fi\/wp-content\/uploads\/2020\/05\/ekonomit-mer-nega.png","contentUrl":"https:\/\/www.ekonomit.fi\/wp-content\/uploads\/2020\/05\/ekonomit-mer-nega.png","width":870,"height":307,"caption":"Suomen Ekonomit"},"image":{"@id":"https:\/\/www.ekonomit.fi\/sv\/#\/schema\/logo\/image\/"}},{"@type":"Person","@id":"https:\/\/www.ekonomit.fi\/sv\/#\/schema\/person\/1fbd84fd17a8f0f947f8beab7b23949b","name":"heidihaapalainen","image":{"@type":"ImageObject","inLanguage":"sv-SE","@id":"https:\/\/www.ekonomit.fi\/wp-content\/litespeed\/avatar\/6dfbd5e6c01a5a4b70a51b4d45a75a45.jpg?ver=1777364979","url":"https:\/\/www.ekonomit.fi\/wp-content\/litespeed\/avatar\/6dfbd5e6c01a5a4b70a51b4d45a75a45.jpg?ver=1777364979","contentUrl":"https:\/\/www.ekonomit.fi\/wp-content\/litespeed\/avatar\/6dfbd5e6c01a5a4b70a51b4d45a75a45.jpg?ver=1777364979","caption":"heidihaapalainen"}}]}},"author_meta":{"display_name":"heidihaapalainen","author_link":"https:\/\/www.ekonomit.fi\/sv\/author\/heidihaapalainen\/"},"featured_img":"https:\/\/www.ekonomit.fi\/wp-content\/uploads\/2020\/10\/Janina_Airikainen-300x200.jpg","jetpack_featured_media_url":"https:\/\/www.ekonomit.fi\/wp-content\/uploads\/2020\/10\/Janina_Airikainen-scaled.jpg","coauthors":[],"tax_additional":{"categories":{"linked":["<a href=\"https:\/\/www.ekonomit.fi\/sv\/category\/arbete\/\" class=\"advgb-post-tax-term\">Arbete<\/a>"],"unlinked":["<span class=\"advgb-post-tax-term\">Arbete<\/span>"]},"tags":{"linked":["<a href=\"https:\/\/www.ekonomit.fi\/sv\/category\/arbete\/\" class=\"advgb-post-tax-term\">Ekonomistuderande<\/a>","<a href=\"https:\/\/www.ekonomit.fi\/sv\/category\/arbete\/\" class=\"advgb-post-tax-term\">Karri\u00e4rcoaching<\/a>","<a href=\"https:\/\/www.ekonomit.fi\/sv\/category\/arbete\/\" class=\"advgb-post-tax-term\">Karri\u00e4rskildring<\/a>"],"unlinked":["<span class=\"advgb-post-tax-term\">Ekonomistuderande<\/span>","<span class=\"advgb-post-tax-term\">Karri\u00e4rcoaching<\/span>","<span class=\"advgb-post-tax-term\">Karri\u00e4rskildring<\/span>"]}},"comment_count":0,"relative_dates":{"created":"Publicerad 6 \u00e5r sedan","modified":"Uppdaterad 6 \u00e5r sedan"},"absolute_dates":{"created":"Publicerat den 15 oktober 2020","modified":"Uppdaterad den 26 oktober 2020"},"absolute_dates_time":{"created":"Publicerat den 15 oktober 2020 09:00","modified":"Uppdaterad den 26 oktober 2020 10:02"},"featured_img_caption":"","series_order":"","jetpack_sharing_enabled":true,"_links":{"self":[{"href":"https:\/\/www.ekonomit.fi\/sv\/wp-json\/wp\/v2\/posts\/13191","targetHints":{"allow":["GET"]}}],"collection":[{"href":"https:\/\/www.ekonomit.fi\/sv\/wp-json\/wp\/v2\/posts"}],"about":[{"href":"https:\/\/www.ekonomit.fi\/sv\/wp-json\/wp\/v2\/types\/post"}],"author":[{"embeddable":true,"href":"https:\/\/www.ekonomit.fi\/sv\/wp-json\/wp\/v2\/users\/3"}],"replies":[{"embeddable":true,"href":"https:\/\/www.ekonomit.fi\/sv\/wp-json\/wp\/v2\/comments?post=13191"}],"version-history":[{"count":3,"href":"https:\/\/www.ekonomit.fi\/sv\/wp-json\/wp\/v2\/posts\/13191\/revisions"}],"predecessor-version":[{"id":13197,"href":"https:\/\/www.ekonomit.fi\/sv\/wp-json\/wp\/v2\/posts\/13191\/revisions\/13197"}],"wp:featuredmedia":[{"embeddable":true,"href":"https:\/\/www.ekonomit.fi\/sv\/wp-json\/wp\/v2\/media\/12819"}],"wp:attachment":[{"href":"https:\/\/www.ekonomit.fi\/sv\/wp-json\/wp\/v2\/media?parent=13191"}],"wp:term":[{"taxonomy":"category","embeddable":true,"href":"https:\/\/www.ekonomit.fi\/sv\/wp-json\/wp\/v2\/categories?post=13191"},{"taxonomy":"post_tag","embeddable":true,"href":"https:\/\/www.ekonomit.fi\/sv\/wp-json\/wp\/v2\/tags?post=13191"}],"curies":[{"name":"wp","href":"https:\/\/api.w.org\/{rel}","templated":true}]}}