{"id":28054,"date":"2022-02-10T06:00:00","date_gmt":"2022-02-10T04:00:00","guid":{"rendered":"https:\/\/www.ekonomit.fi\/?p=28054"},"modified":"2022-02-09T10:18:04","modified_gmt":"2022-02-09T08:18:04","slug":"ekonomien-palkkatutkimus-nousua-kautta-linjan-julkinen-sektori-kuronut-eroa-yksityiseen","status":"publish","type":"post","link":"https:\/\/www.ekonomit.fi\/sv\/pressmeddelande\/ekonomien-palkkatutkimus-nousua-kautta-linjan-julkinen-sektori-kuronut-eroa-yksityiseen\/","title":{"rendered":"L\u00f6neunders\u00f6kning: tillv\u00e4xt genom linjen \u2013 den offentliga sektorn har minskat skillnaden till den privata sektorn"},"content":{"rendered":"\n<figure class=\"wp-block-image alignfull size-large\"><img decoding=\"async\" width=\"1024\" height=\"576\" src=\"https:\/\/www.ekonomit.fi\/wp-content\/uploads\/2022\/02\/Nimeton-suunn.malli-16-1024x576.png\" alt=\"\" class=\"wp-image-28050\" srcset=\"https:\/\/www.ekonomit.fi\/wp-content\/uploads\/2022\/02\/Nimeton-suunn.malli-16-1024x576.png 1024w, https:\/\/www.ekonomit.fi\/wp-content\/uploads\/2022\/02\/Nimeton-suunn.malli-16-300x169.png 300w, https:\/\/www.ekonomit.fi\/wp-content\/uploads\/2022\/02\/Nimeton-suunn.malli-16-768x432.png 768w, https:\/\/www.ekonomit.fi\/wp-content\/uploads\/2022\/02\/Nimeton-suunn.malli-16-1600x900.png 1600w, https:\/\/www.ekonomit.fi\/wp-content\/uploads\/2022\/02\/Nimeton-suunn.malli-16-1536x864.png 1536w, https:\/\/www.ekonomit.fi\/wp-content\/uploads\/2022\/02\/Nimeton-suunn.malli-16.png 1920w\" sizes=\"(max-width: 1024px) 100vw, 1024px\" \/><\/figure>\n\n\n\n<p>Finlands Ekonomer unders\u00f6ker \u00e5rligen sina medlemmars l\u00f6ner. Uppgifterna baserar sig p\u00e5 materialet som har samlats in i november 2021. S\u00e5 h\u00e4r utvecklades l\u00f6nerna:&nbsp;<\/p>\n\n\n\n<p><strong>I Helsingfors ekonomiska region:<br><\/strong>medianinkomst 5 683 euro per m\u00e5nad<br>+3,3 % j\u00e4mf\u00f6rt med f\u00f6reg\u00e5ende \u00e5r<\/p>\n\n\n\n<p><strong>I \u00f6vriga landet:<br><\/strong>medianinkomst 4 800 euro per m\u00e5nad<br>+2,1 % j\u00e4mf\u00f6rt med f\u00f6reg\u00e5ende \u00e5r<\/p>\n\n\n\n<p><strong>Inom den privata sektorn<br><\/strong>medianinkomst 5 450 euro per m\u00e5nad<br>+2,8 % j\u00e4mf\u00f6rt med f\u00f6reg\u00e5ende \u00e5r<\/p>\n\n\n\n<p><strong>Inom staten<br><\/strong>medianinkomst 4 850 euro per m\u00e5nad<br>+3,8 % j\u00e4mf\u00f6rt med f\u00f6reg\u00e5ende \u00e5r<\/p>\n\n\n\n<p><strong>I kommunerna<br><\/strong>medianinkomst 4 878 euro per m\u00e5nad<br>+3,8 % j\u00e4mf\u00f6rt med f\u00f6reg\u00e5ende \u00e5r<\/p>\n\n\n\n<p>N\u00e4stan 70 procent av de svarande ber\u00e4ttar att deras l\u00f6ner har \u00f6kat under \u00e5r 2021. Den absolut viktigaste orsaken till l\u00f6nef\u00f6rh\u00f6jningen var en generell l\u00f6neh\u00f6jning enligt kollektivavtalet. D\u00e4refter var de vanligaste orsakerna en l\u00f6neh\u00f6jning som grundar sig p\u00e5 den personliga arbetsprestandan, en ny st\u00e4llning eller uppgift p\u00e5 den nuvarande arbetsplatsen och \u00f6verg\u00e5ngen till en ny arbetsplats.&nbsp;<\/p>\n\n\n\n<p>\u2013 Den generella l\u00f6neh\u00f6jningen \u00e4r viktig f\u00f6r ekonomer eftersom l\u00f6nerna ser ut att utvecklas brett via den. Och d\u00e4rf\u00f6r \u00e4r kollektivavtalen viktiga, s\u00e4ger arbetsmarknadsdirekt\u00f6r <strong>Riku Salokannel<\/strong>.&nbsp;<\/p>\n\n\n\n<h2 class=\"wp-block-heading\"><strong>Arbetsveckorna \u00e4r s\u00e5 h\u00e4r l\u00e5nga<\/strong>&nbsp;<\/h2>\n\n\n\n<p>Ekonomer med heltidsarbete arbetar i genomsnitt 41 timmar per vecka. Det \u00e4r oroande att veckoarbetstiden \u00e4r 46 timmar eller mer f\u00f6r tio procent av ekonomerna.&nbsp;&nbsp;<\/p>\n\n\n\n<p>\u2013 Antalet arbetstimmar har lyckligtvis inte l\u00e4ngre \u00f6kat, utan det har stabiliserat sig p\u00e5 41 timmar. De som arbetar i ledningsuppgifter har flest arbetstimmar. Man m\u00e5ste \u00e4nd\u00e5 komma ih\u00e5g att \u00e4ven ledare beh\u00f6ver vilotid, s\u00e4ger forskningschef <strong>Juha Oksanen<\/strong>.&nbsp;<\/p>\n\n\n\n<p>De svarande ser ut att trivas i sitt arbete: 85 procent av de svarande \u00e4r antingen mycket eller ganska n\u00f6jda med sitt arbete.&nbsp;&nbsp;<\/p>\n\n\n\n<h2 class=\"wp-block-heading\"><strong>Distansarbete \u00e4r mycket popul\u00e4rt<\/strong>&nbsp;<\/h2>\n\n\n\n<p>Ekonomer utf\u00f6r en betydande m\u00e4ngd distansarbete. En tredjedel av de svarande utf\u00f6r endast distansarbete, en tredjedel g\u00e5r till arbetsplatsen en eller tv\u00e5 g\u00e5nger i veckan och mindre \u00e4n en tredjedel g\u00e5r till arbetsplatsen p\u00e5 3\u20134 dagar i veckan. Endast sex procent av de svarande utf\u00f6r inget distansarbete alls.&nbsp;&nbsp;<\/p>\n\n\n\n<p>\u00c4ven om man offentligt har diskuterat nackdelar med distansarbete har ekonomer tillgodogjort sig distansarbetet. \u00d6ver h\u00e4lften av de svarande \u00e4r mycket n\u00f6jda med distansarbetet och ocks\u00e5 n\u00e4stan alla andra \u00e4r ganska n\u00f6jda med distansarbetet. Endast fyra procent av de svarande \u00e4r missn\u00f6jda med distansarbetet.&nbsp;&nbsp;&nbsp;&nbsp;&nbsp;<\/p>\n\n\n\n<p>Sju av tio ekonomer tycker att arbete och fritid \u00e4r i en bra eller ganska bra balans i deras liv. Balansen \u00e4r inte bra f\u00f6r en tredjedel av ekonomerna.&nbsp;&nbsp;<\/p>\n\n\n\n<p>V\u00e4lbefinnandet i arbetet kan enligt svarandena f\u00f6rb\u00e4ttras genom att f\u00f6rb\u00e4ttra interaktionen p\u00e5 arbetsplatsen, utveckla arbetsmetoder och -verktyg samt f\u00f6rtydliga organisationens m\u00e5l.&nbsp;&nbsp;<\/p>\n\n\n\n<h2 class=\"wp-block-heading\"><strong>Fakta om l\u00f6neniv\u00e5unders\u00f6kningen:<\/strong>&nbsp;<\/h2>\n\n\n\n<ul class=\"wp-block-list\"><li>3 120 svarande&nbsp;<\/li><li>Utg\u00f6r ett tv\u00e4rsnitt av Finlands Ekonomers medlemmars l\u00f6neniv\u00e5&nbsp;<\/li><li>I unders\u00f6kningen efterfr\u00e5gades heltidsanst\u00e4lldas inkomster i oktober 2021 (inkl. naturaf\u00f6rm\u00e5ner)&nbsp;<\/li><li>50 procent av de svarande var sakkunniga, 19 procent i mellanledning och 24 procent inom ledande befattningar&nbsp;<\/li><li>De svarande hade en genomsnittlig arbetstid p\u00e5 40,8 timmar per vecka&nbsp;<\/li><li>59 procent var kvinnor och 41 procent m\u00e4n&nbsp;<\/li><li>De svarande hade i genomsnitt 15,6 \u00e5rs arbetserfarenhet&nbsp;<\/li><\/ul>\n\n\n\n<div class=\"wp-block-buttons is-layout-flex wp-block-buttons-is-layout-flex\">\n<div class=\"wp-block-button\"><a class=\"wp-block-button__link\" href=\"https:\/\/www.ekonomit.fi\/sv\/tjanster\/loneradgivning\/\" target=\"_blank\" rel=\"noreferrer noopener\">Bekanta dig med v\u00e5ra l\u00f6netj\u00e4nster<\/a><\/div>\n<\/div>\n<div class=\"rns\" data-title=\"L\u00f6neunders\u00f6kning: tillv\u00e4xt genom linjen \u2013 den offentliga sektorn har minskat skillnaden till den privata sektorn\" data-tags=\"Distansarbete,L\u00f6n\" data-categories=\"Pressmeddelande\" data-comments=\"0\" data-date=\"1644472800000\" data-author=\"idalevanen\" data-single=\"\" data-url=\"https:\/\/www.ekonomit.fi\/sv\/pressmeddelande\/ekonomien-palkkatutkimus-nousua-kautta-linjan-julkinen-sektori-kuronut-eroa-yksityiseen\/\"><\/div> <!-- Check out https:\/\/reactandshare.com -->","protected":false},"excerpt":{"rendered":"<p>Ekonomers medianl\u00f6n i Helsingfors ekonomiska region \u00e4r 5 683 euro per m\u00e5nad och 4 800 euro i \u00f6vriga landet. L\u00f6neunders\u00f6kningen visade ocks\u00e5 vad som har h\u00e4nt med antalet veckotimmar i ekonomernas arbete och vad ekonomerna verkligen tycker om distansarbete.  <\/p>\n","protected":false},"author":4,"featured_media":28050,"comment_status":"closed","ping_status":"closed","sticky":false,"template":"","format":"standard","meta":{"_acf_changed":false,"inline_featured_image":false,"advgb_blocks_editor_width":"","advgb_blocks_columns_visual_guide":"","_jetpack_memberships_contains_paid_content":false,"footnotes":""},"categories":[112],"tags":[143,153],"class_list":["post-28054","post","type-post","status-publish","format-standard","has-post-thumbnail","hentry","category-pressmeddelande","tag-distansarbete","tag-lon"],"acf":[],"yoast_head":"<!-- This site is optimized with the Yoast SEO plugin v27.5 - https:\/\/yoast.com\/product\/yoast-seo-wordpress\/ -->\n<title>L\u00f6neunders\u00f6kning: tillv\u00e4xt genom linjen \u2013 den offentliga sektorn har minskat skillnaden till den privata sektorn - Suomen Ekonomit<\/title>\n<meta name=\"robots\" content=\"index, follow, max-snippet:-1, max-image-preview:large, max-video-preview:-1\" \/>\n<link rel=\"canonical\" href=\"https:\/\/www.ekonomit.fi\/sv\/pressmeddelande\/ekonomien-palkkatutkimus-nousua-kautta-linjan-julkinen-sektori-kuronut-eroa-yksityiseen\/\" \/>\n<meta property=\"og:locale\" content=\"sv_SE\" \/>\n<meta property=\"og:type\" content=\"article\" \/>\n<meta property=\"og:title\" content=\"L\u00f6neunders\u00f6kning: tillv\u00e4xt genom linjen \u2013 den offentliga sektorn har minskat skillnaden till den privata sektorn - Suomen Ekonomit\" \/>\n<meta property=\"og:description\" content=\"Ekonomers medianl\u00f6n i Helsingfors ekonomiska region \u00e4r 5 683 euro per m\u00e5nad och 4 800 euro i \u00f6vriga landet. L\u00f6neunders\u00f6kningen visade ocks\u00e5 vad som har h\u00e4nt med antalet veckotimmar i ekonomernas arbete och vad ekonomerna verkligen tycker om distansarbete.\" \/>\n<meta property=\"og:url\" content=\"https:\/\/www.ekonomit.fi\/sv\/pressmeddelande\/ekonomien-palkkatutkimus-nousua-kautta-linjan-julkinen-sektori-kuronut-eroa-yksityiseen\/\" \/>\n<meta property=\"og:site_name\" content=\"Suomen Ekonomit\" \/>\n<meta property=\"article:published_time\" content=\"2022-02-10T04:00:00+00:00\" \/>\n<meta property=\"og:image\" content=\"https:\/\/www.ekonomit.fi\/wp-content\/uploads\/2022\/02\/Nimeton-suunn.malli-16.png\" \/>\n\t<meta property=\"og:image:width\" content=\"1920\" \/>\n\t<meta property=\"og:image:height\" content=\"1080\" \/>\n\t<meta property=\"og:image:type\" content=\"image\/png\" \/>\n<meta name=\"author\" content=\"idalevanen\" \/>\n<meta name=\"twitter:card\" content=\"summary_large_image\" \/>\n<meta name=\"twitter:label1\" content=\"Skriven av\" \/>\n\t<meta name=\"twitter:data1\" content=\"idalevanen\" \/>\n\t<meta name=\"twitter:label2\" content=\"Ber\u00e4knad l\u00e4stid\" \/>\n\t<meta name=\"twitter:data2\" content=\"4 minuter\" \/>\n<script type=\"application\/ld+json\" class=\"yoast-schema-graph\">{\"@context\":\"https:\\\/\\\/schema.org\",\"@graph\":[{\"@type\":\"Article\",\"@id\":\"https:\\\/\\\/www.ekonomit.fi\\\/sv\\\/pressmeddelande\\\/ekonomien-palkkatutkimus-nousua-kautta-linjan-julkinen-sektori-kuronut-eroa-yksityiseen\\\/#article\",\"isPartOf\":{\"@id\":\"https:\\\/\\\/www.ekonomit.fi\\\/sv\\\/pressmeddelande\\\/ekonomien-palkkatutkimus-nousua-kautta-linjan-julkinen-sektori-kuronut-eroa-yksityiseen\\\/\"},\"author\":{\"name\":\"idalevanen\",\"@id\":\"https:\\\/\\\/www.ekonomit.fi\\\/sv\\\/#\\\/schema\\\/person\\\/554e98e5e34c51fcdc89c46badffadbf\"},\"headline\":\"L\u00f6neunders\u00f6kning: tillv\u00e4xt genom linjen \u2013 den offentliga sektorn har minskat skillnaden till den privata sektorn\",\"datePublished\":\"2022-02-10T04:00:00+00:00\",\"mainEntityOfPage\":{\"@id\":\"https:\\\/\\\/www.ekonomit.fi\\\/sv\\\/pressmeddelande\\\/ekonomien-palkkatutkimus-nousua-kautta-linjan-julkinen-sektori-kuronut-eroa-yksityiseen\\\/\"},\"wordCount\":591,\"publisher\":{\"@id\":\"https:\\\/\\\/www.ekonomit.fi\\\/sv\\\/#organization\"},\"image\":{\"@id\":\"https:\\\/\\\/www.ekonomit.fi\\\/sv\\\/pressmeddelande\\\/ekonomien-palkkatutkimus-nousua-kautta-linjan-julkinen-sektori-kuronut-eroa-yksityiseen\\\/#primaryimage\"},\"thumbnailUrl\":\"https:\\\/\\\/www.ekonomit.fi\\\/wp-content\\\/uploads\\\/2022\\\/02\\\/Nimeton-suunn.malli-16.png\",\"keywords\":[\"Distansarbete\",\"L\u00f6n\"],\"articleSection\":[\"Pressmeddelande\"],\"inLanguage\":\"sv-SE\"},{\"@type\":\"WebPage\",\"@id\":\"https:\\\/\\\/www.ekonomit.fi\\\/sv\\\/pressmeddelande\\\/ekonomien-palkkatutkimus-nousua-kautta-linjan-julkinen-sektori-kuronut-eroa-yksityiseen\\\/\",\"url\":\"https:\\\/\\\/www.ekonomit.fi\\\/sv\\\/pressmeddelande\\\/ekonomien-palkkatutkimus-nousua-kautta-linjan-julkinen-sektori-kuronut-eroa-yksityiseen\\\/\",\"name\":\"L\u00f6neunders\u00f6kning: tillv\u00e4xt genom linjen \u2013 den offentliga sektorn har minskat skillnaden till den privata sektorn - Suomen Ekonomit\",\"isPartOf\":{\"@id\":\"https:\\\/\\\/www.ekonomit.fi\\\/sv\\\/#website\"},\"primaryImageOfPage\":{\"@id\":\"https:\\\/\\\/www.ekonomit.fi\\\/sv\\\/pressmeddelande\\\/ekonomien-palkkatutkimus-nousua-kautta-linjan-julkinen-sektori-kuronut-eroa-yksityiseen\\\/#primaryimage\"},\"image\":{\"@id\":\"https:\\\/\\\/www.ekonomit.fi\\\/sv\\\/pressmeddelande\\\/ekonomien-palkkatutkimus-nousua-kautta-linjan-julkinen-sektori-kuronut-eroa-yksityiseen\\\/#primaryimage\"},\"thumbnailUrl\":\"https:\\\/\\\/www.ekonomit.fi\\\/wp-content\\\/uploads\\\/2022\\\/02\\\/Nimeton-suunn.malli-16.png\",\"datePublished\":\"2022-02-10T04:00:00+00:00\",\"breadcrumb\":{\"@id\":\"https:\\\/\\\/www.ekonomit.fi\\\/sv\\\/pressmeddelande\\\/ekonomien-palkkatutkimus-nousua-kautta-linjan-julkinen-sektori-kuronut-eroa-yksityiseen\\\/#breadcrumb\"},\"inLanguage\":\"sv-SE\",\"potentialAction\":[{\"@type\":\"ReadAction\",\"target\":[\"https:\\\/\\\/www.ekonomit.fi\\\/sv\\\/pressmeddelande\\\/ekonomien-palkkatutkimus-nousua-kautta-linjan-julkinen-sektori-kuronut-eroa-yksityiseen\\\/\"]}]},{\"@type\":\"ImageObject\",\"inLanguage\":\"sv-SE\",\"@id\":\"https:\\\/\\\/www.ekonomit.fi\\\/sv\\\/pressmeddelande\\\/ekonomien-palkkatutkimus-nousua-kautta-linjan-julkinen-sektori-kuronut-eroa-yksityiseen\\\/#primaryimage\",\"url\":\"https:\\\/\\\/www.ekonomit.fi\\\/wp-content\\\/uploads\\\/2022\\\/02\\\/Nimeton-suunn.malli-16.png\",\"contentUrl\":\"https:\\\/\\\/www.ekonomit.fi\\\/wp-content\\\/uploads\\\/2022\\\/02\\\/Nimeton-suunn.malli-16.png\",\"width\":1920,\"height\":1080},{\"@type\":\"BreadcrumbList\",\"@id\":\"https:\\\/\\\/www.ekonomit.fi\\\/sv\\\/pressmeddelande\\\/ekonomien-palkkatutkimus-nousua-kautta-linjan-julkinen-sektori-kuronut-eroa-yksityiseen\\\/#breadcrumb\",\"itemListElement\":[{\"@type\":\"ListItem\",\"position\":1,\"name\":\"Home\",\"item\":\"https:\\\/\\\/www.ekonomit.fi\\\/sv\\\/\"},{\"@type\":\"ListItem\",\"position\":2,\"name\":\"L\u00f6neunders\u00f6kning: tillv\u00e4xt genom linjen \u2013 den offentliga sektorn har minskat skillnaden till den privata sektorn\"}]},{\"@type\":\"WebSite\",\"@id\":\"https:\\\/\\\/www.ekonomit.fi\\\/sv\\\/#website\",\"url\":\"https:\\\/\\\/www.ekonomit.fi\\\/sv\\\/\",\"name\":\"Suomen Ekonomit\",\"description\":\"\",\"publisher\":{\"@id\":\"https:\\\/\\\/www.ekonomit.fi\\\/sv\\\/#organization\"},\"potentialAction\":[{\"@type\":\"SearchAction\",\"target\":{\"@type\":\"EntryPoint\",\"urlTemplate\":\"https:\\\/\\\/www.ekonomit.fi\\\/sv\\\/?s={search_term_string}\"},\"query-input\":{\"@type\":\"PropertyValueSpecification\",\"valueRequired\":true,\"valueName\":\"search_term_string\"}}],\"inLanguage\":\"sv-SE\"},{\"@type\":\"Organization\",\"@id\":\"https:\\\/\\\/www.ekonomit.fi\\\/sv\\\/#organization\",\"name\":\"Suomen Ekonomit\",\"url\":\"https:\\\/\\\/www.ekonomit.fi\\\/sv\\\/\",\"logo\":{\"@type\":\"ImageObject\",\"inLanguage\":\"sv-SE\",\"@id\":\"https:\\\/\\\/www.ekonomit.fi\\\/sv\\\/#\\\/schema\\\/logo\\\/image\\\/\",\"url\":\"https:\\\/\\\/www.ekonomit.fi\\\/wp-content\\\/uploads\\\/2020\\\/05\\\/ekonomit-mer-nega.png\",\"contentUrl\":\"https:\\\/\\\/www.ekonomit.fi\\\/wp-content\\\/uploads\\\/2020\\\/05\\\/ekonomit-mer-nega.png\",\"width\":870,\"height\":307,\"caption\":\"Suomen Ekonomit\"},\"image\":{\"@id\":\"https:\\\/\\\/www.ekonomit.fi\\\/sv\\\/#\\\/schema\\\/logo\\\/image\\\/\"}},{\"@type\":\"Person\",\"@id\":\"https:\\\/\\\/www.ekonomit.fi\\\/sv\\\/#\\\/schema\\\/person\\\/554e98e5e34c51fcdc89c46badffadbf\",\"name\":\"idalevanen\",\"image\":{\"@type\":\"ImageObject\",\"inLanguage\":\"sv-SE\",\"@id\":\"https:\\\/\\\/www.ekonomit.fi\\\/wp-content\\\/litespeed\\\/avatar\\\/632fbac5f499bf8a7bd6f3297b3dffdb.jpg?ver=1777366207\",\"url\":\"https:\\\/\\\/www.ekonomit.fi\\\/wp-content\\\/litespeed\\\/avatar\\\/632fbac5f499bf8a7bd6f3297b3dffdb.jpg?ver=1777366207\",\"contentUrl\":\"https:\\\/\\\/www.ekonomit.fi\\\/wp-content\\\/litespeed\\\/avatar\\\/632fbac5f499bf8a7bd6f3297b3dffdb.jpg?ver=1777366207\",\"caption\":\"idalevanen\"}}]}<\/script>\n<!-- \/ Yoast SEO plugin. -->","yoast_head_json":{"title":"L\u00f6neunders\u00f6kning: tillv\u00e4xt genom linjen \u2013 den offentliga sektorn har minskat skillnaden till den privata sektorn - Suomen Ekonomit","robots":{"index":"index","follow":"follow","max-snippet":"max-snippet:-1","max-image-preview":"max-image-preview:large","max-video-preview":"max-video-preview:-1"},"canonical":"https:\/\/www.ekonomit.fi\/sv\/pressmeddelande\/ekonomien-palkkatutkimus-nousua-kautta-linjan-julkinen-sektori-kuronut-eroa-yksityiseen\/","og_locale":"sv_SE","og_type":"article","og_title":"L\u00f6neunders\u00f6kning: tillv\u00e4xt genom linjen \u2013 den offentliga sektorn har minskat skillnaden till den privata sektorn - Suomen Ekonomit","og_description":"Ekonomers medianl\u00f6n i Helsingfors ekonomiska region \u00e4r 5 683 euro per m\u00e5nad och 4 800 euro i \u00f6vriga landet. L\u00f6neunders\u00f6kningen visade ocks\u00e5 vad som har h\u00e4nt med antalet veckotimmar i ekonomernas arbete och vad ekonomerna verkligen tycker om distansarbete.","og_url":"https:\/\/www.ekonomit.fi\/sv\/pressmeddelande\/ekonomien-palkkatutkimus-nousua-kautta-linjan-julkinen-sektori-kuronut-eroa-yksityiseen\/","og_site_name":"Suomen Ekonomit","article_published_time":"2022-02-10T04:00:00+00:00","og_image":[{"width":1920,"height":1080,"url":"https:\/\/www.ekonomit.fi\/wp-content\/uploads\/2022\/02\/Nimeton-suunn.malli-16.png","type":"image\/png"}],"author":"idalevanen","twitter_card":"summary_large_image","twitter_misc":{"Skriven av":"idalevanen","Ber\u00e4knad l\u00e4stid":"4 minuter"},"schema":{"@context":"https:\/\/schema.org","@graph":[{"@type":"Article","@id":"https:\/\/www.ekonomit.fi\/sv\/pressmeddelande\/ekonomien-palkkatutkimus-nousua-kautta-linjan-julkinen-sektori-kuronut-eroa-yksityiseen\/#article","isPartOf":{"@id":"https:\/\/www.ekonomit.fi\/sv\/pressmeddelande\/ekonomien-palkkatutkimus-nousua-kautta-linjan-julkinen-sektori-kuronut-eroa-yksityiseen\/"},"author":{"name":"idalevanen","@id":"https:\/\/www.ekonomit.fi\/sv\/#\/schema\/person\/554e98e5e34c51fcdc89c46badffadbf"},"headline":"L\u00f6neunders\u00f6kning: tillv\u00e4xt genom linjen \u2013 den offentliga sektorn har minskat skillnaden till den privata sektorn","datePublished":"2022-02-10T04:00:00+00:00","mainEntityOfPage":{"@id":"https:\/\/www.ekonomit.fi\/sv\/pressmeddelande\/ekonomien-palkkatutkimus-nousua-kautta-linjan-julkinen-sektori-kuronut-eroa-yksityiseen\/"},"wordCount":591,"publisher":{"@id":"https:\/\/www.ekonomit.fi\/sv\/#organization"},"image":{"@id":"https:\/\/www.ekonomit.fi\/sv\/pressmeddelande\/ekonomien-palkkatutkimus-nousua-kautta-linjan-julkinen-sektori-kuronut-eroa-yksityiseen\/#primaryimage"},"thumbnailUrl":"https:\/\/www.ekonomit.fi\/wp-content\/uploads\/2022\/02\/Nimeton-suunn.malli-16.png","keywords":["Distansarbete","L\u00f6n"],"articleSection":["Pressmeddelande"],"inLanguage":"sv-SE"},{"@type":"WebPage","@id":"https:\/\/www.ekonomit.fi\/sv\/pressmeddelande\/ekonomien-palkkatutkimus-nousua-kautta-linjan-julkinen-sektori-kuronut-eroa-yksityiseen\/","url":"https:\/\/www.ekonomit.fi\/sv\/pressmeddelande\/ekonomien-palkkatutkimus-nousua-kautta-linjan-julkinen-sektori-kuronut-eroa-yksityiseen\/","name":"L\u00f6neunders\u00f6kning: tillv\u00e4xt genom linjen \u2013 den offentliga sektorn har minskat skillnaden till den privata sektorn - Suomen Ekonomit","isPartOf":{"@id":"https:\/\/www.ekonomit.fi\/sv\/#website"},"primaryImageOfPage":{"@id":"https:\/\/www.ekonomit.fi\/sv\/pressmeddelande\/ekonomien-palkkatutkimus-nousua-kautta-linjan-julkinen-sektori-kuronut-eroa-yksityiseen\/#primaryimage"},"image":{"@id":"https:\/\/www.ekonomit.fi\/sv\/pressmeddelande\/ekonomien-palkkatutkimus-nousua-kautta-linjan-julkinen-sektori-kuronut-eroa-yksityiseen\/#primaryimage"},"thumbnailUrl":"https:\/\/www.ekonomit.fi\/wp-content\/uploads\/2022\/02\/Nimeton-suunn.malli-16.png","datePublished":"2022-02-10T04:00:00+00:00","breadcrumb":{"@id":"https:\/\/www.ekonomit.fi\/sv\/pressmeddelande\/ekonomien-palkkatutkimus-nousua-kautta-linjan-julkinen-sektori-kuronut-eroa-yksityiseen\/#breadcrumb"},"inLanguage":"sv-SE","potentialAction":[{"@type":"ReadAction","target":["https:\/\/www.ekonomit.fi\/sv\/pressmeddelande\/ekonomien-palkkatutkimus-nousua-kautta-linjan-julkinen-sektori-kuronut-eroa-yksityiseen\/"]}]},{"@type":"ImageObject","inLanguage":"sv-SE","@id":"https:\/\/www.ekonomit.fi\/sv\/pressmeddelande\/ekonomien-palkkatutkimus-nousua-kautta-linjan-julkinen-sektori-kuronut-eroa-yksityiseen\/#primaryimage","url":"https:\/\/www.ekonomit.fi\/wp-content\/uploads\/2022\/02\/Nimeton-suunn.malli-16.png","contentUrl":"https:\/\/www.ekonomit.fi\/wp-content\/uploads\/2022\/02\/Nimeton-suunn.malli-16.png","width":1920,"height":1080},{"@type":"BreadcrumbList","@id":"https:\/\/www.ekonomit.fi\/sv\/pressmeddelande\/ekonomien-palkkatutkimus-nousua-kautta-linjan-julkinen-sektori-kuronut-eroa-yksityiseen\/#breadcrumb","itemListElement":[{"@type":"ListItem","position":1,"name":"Home","item":"https:\/\/www.ekonomit.fi\/sv\/"},{"@type":"ListItem","position":2,"name":"L\u00f6neunders\u00f6kning: tillv\u00e4xt genom linjen \u2013 den offentliga sektorn har minskat skillnaden till den privata sektorn"}]},{"@type":"WebSite","@id":"https:\/\/www.ekonomit.fi\/sv\/#website","url":"https:\/\/www.ekonomit.fi\/sv\/","name":"Suomen Ekonomit","description":"","publisher":{"@id":"https:\/\/www.ekonomit.fi\/sv\/#organization"},"potentialAction":[{"@type":"SearchAction","target":{"@type":"EntryPoint","urlTemplate":"https:\/\/www.ekonomit.fi\/sv\/?s={search_term_string}"},"query-input":{"@type":"PropertyValueSpecification","valueRequired":true,"valueName":"search_term_string"}}],"inLanguage":"sv-SE"},{"@type":"Organization","@id":"https:\/\/www.ekonomit.fi\/sv\/#organization","name":"Suomen Ekonomit","url":"https:\/\/www.ekonomit.fi\/sv\/","logo":{"@type":"ImageObject","inLanguage":"sv-SE","@id":"https:\/\/www.ekonomit.fi\/sv\/#\/schema\/logo\/image\/","url":"https:\/\/www.ekonomit.fi\/wp-content\/uploads\/2020\/05\/ekonomit-mer-nega.png","contentUrl":"https:\/\/www.ekonomit.fi\/wp-content\/uploads\/2020\/05\/ekonomit-mer-nega.png","width":870,"height":307,"caption":"Suomen Ekonomit"},"image":{"@id":"https:\/\/www.ekonomit.fi\/sv\/#\/schema\/logo\/image\/"}},{"@type":"Person","@id":"https:\/\/www.ekonomit.fi\/sv\/#\/schema\/person\/554e98e5e34c51fcdc89c46badffadbf","name":"idalevanen","image":{"@type":"ImageObject","inLanguage":"sv-SE","@id":"https:\/\/www.ekonomit.fi\/wp-content\/litespeed\/avatar\/632fbac5f499bf8a7bd6f3297b3dffdb.jpg?ver=1777366207","url":"https:\/\/www.ekonomit.fi\/wp-content\/litespeed\/avatar\/632fbac5f499bf8a7bd6f3297b3dffdb.jpg?ver=1777366207","contentUrl":"https:\/\/www.ekonomit.fi\/wp-content\/litespeed\/avatar\/632fbac5f499bf8a7bd6f3297b3dffdb.jpg?ver=1777366207","caption":"idalevanen"}}]}},"author_meta":{"display_name":"idalevanen","author_link":"https:\/\/www.ekonomit.fi\/sv\/author\/idalevanen\/"},"featured_img":"https:\/\/www.ekonomit.fi\/wp-content\/uploads\/2022\/02\/Nimeton-suunn.malli-16-300x169.png","jetpack_featured_media_url":"https:\/\/www.ekonomit.fi\/wp-content\/uploads\/2022\/02\/Nimeton-suunn.malli-16.png","coauthors":[],"tax_additional":{"categories":{"linked":["<a href=\"https:\/\/www.ekonomit.fi\/sv\/category\/pressmeddelande\/\" class=\"advgb-post-tax-term\">Pressmeddelande<\/a>"],"unlinked":["<span class=\"advgb-post-tax-term\">Pressmeddelande<\/span>"]},"tags":{"linked":["<a href=\"https:\/\/www.ekonomit.fi\/sv\/category\/pressmeddelande\/\" class=\"advgb-post-tax-term\">Distansarbete<\/a>","<a href=\"https:\/\/www.ekonomit.fi\/sv\/category\/pressmeddelande\/\" class=\"advgb-post-tax-term\">L\u00f6n<\/a>"],"unlinked":["<span class=\"advgb-post-tax-term\">Distansarbete<\/span>","<span class=\"advgb-post-tax-term\">L\u00f6n<\/span>"]}},"comment_count":0,"relative_dates":{"created":"Publicerad 4 \u00e5r sedan","modified":"Uppdaterad 4 \u00e5r sedan"},"absolute_dates":{"created":"Publicerat den 10 februari 2022","modified":"Uppdaterad den 9 februari 2022"},"absolute_dates_time":{"created":"Publicerat den 10 februari 2022 06:00","modified":"Uppdaterad den 9 februari 2022 10:18"},"featured_img_caption":"","series_order":"","jetpack_sharing_enabled":true,"_links":{"self":[{"href":"https:\/\/www.ekonomit.fi\/sv\/wp-json\/wp\/v2\/posts\/28054","targetHints":{"allow":["GET"]}}],"collection":[{"href":"https:\/\/www.ekonomit.fi\/sv\/wp-json\/wp\/v2\/posts"}],"about":[{"href":"https:\/\/www.ekonomit.fi\/sv\/wp-json\/wp\/v2\/types\/post"}],"author":[{"embeddable":true,"href":"https:\/\/www.ekonomit.fi\/sv\/wp-json\/wp\/v2\/users\/4"}],"replies":[{"embeddable":true,"href":"https:\/\/www.ekonomit.fi\/sv\/wp-json\/wp\/v2\/comments?post=28054"}],"version-history":[{"count":5,"href":"https:\/\/www.ekonomit.fi\/sv\/wp-json\/wp\/v2\/posts\/28054\/revisions"}],"predecessor-version":[{"id":28073,"href":"https:\/\/www.ekonomit.fi\/sv\/wp-json\/wp\/v2\/posts\/28054\/revisions\/28073"}],"wp:featuredmedia":[{"embeddable":true,"href":"https:\/\/www.ekonomit.fi\/sv\/wp-json\/wp\/v2\/media\/28050"}],"wp:attachment":[{"href":"https:\/\/www.ekonomit.fi\/sv\/wp-json\/wp\/v2\/media?parent=28054"}],"wp:term":[{"taxonomy":"category","embeddable":true,"href":"https:\/\/www.ekonomit.fi\/sv\/wp-json\/wp\/v2\/categories?post=28054"},{"taxonomy":"post_tag","embeddable":true,"href":"https:\/\/www.ekonomit.fi\/sv\/wp-json\/wp\/v2\/tags?post=28054"}],"curies":[{"name":"wp","href":"https:\/\/api.w.org\/{rel}","templated":true}]}}