{"id":33344,"date":"2022-11-16T15:11:07","date_gmt":"2022-11-16T13:11:07","guid":{"rendered":"https:\/\/www.ekonomit.fi\/?p=33344"},"modified":"2022-11-16T15:13:56","modified_gmt":"2022-11-16T13:13:56","slug":"dagens-unga-mar-allt-samre-jag-ar-en-av-dem","status":"publish","type":"post","link":"https:\/\/www.ekonomit.fi\/sv\/blogg\/dagens-unga-mar-allt-samre-jag-ar-en-av-dem\/","title":{"rendered":"Dagens unga m\u00e5r allt s\u00e4mre \u2013 jag \u00e4r en av dem"},"content":{"rendered":"\n<figure class=\"wp-block-image size-large\"><img decoding=\"async\" width=\"1024\" height=\"683\" src=\"https:\/\/www.ekonomit.fi\/wp-content\/uploads\/2022\/11\/EmiliaW_blogi_1605x1070px-1024x683.png\" alt=\"\" class=\"wp-image-33335\" srcset=\"https:\/\/www.ekonomit.fi\/wp-content\/uploads\/2022\/11\/EmiliaW_blogi_1605x1070px-1024x683.png 1024w, https:\/\/www.ekonomit.fi\/wp-content\/uploads\/2022\/11\/EmiliaW_blogi_1605x1070px-300x200.png 300w, https:\/\/www.ekonomit.fi\/wp-content\/uploads\/2022\/11\/EmiliaW_blogi_1605x1070px-768x512.png 768w, https:\/\/www.ekonomit.fi\/wp-content\/uploads\/2022\/11\/EmiliaW_blogi_1605x1070px-1600x1067.png 1600w, https:\/\/www.ekonomit.fi\/wp-content\/uploads\/2022\/11\/EmiliaW_blogi_1605x1070px-1536x1024.png 1536w, https:\/\/www.ekonomit.fi\/wp-content\/uploads\/2022\/11\/EmiliaW_blogi_1605x1070px-1200x800.png 1200w, https:\/\/www.ekonomit.fi\/wp-content\/uploads\/2022\/11\/EmiliaW_blogi_1605x1070px.png 1605w\" sizes=\"(max-width: 1024px) 100vw, 1024px\" \/><\/figure>\n\n\n\n<p>Jag \u00e4r en fj\u00e4rde \u00e5rets studerande vid Hanken och mina senaste \u00e5r har jag \u00e4gnat \u00e5t att jobba ideellt p\u00e5 v\u00e5r studentk\u00e5r. Jag har d\u00e4r f\u00e5tt se verkligheten av hur dagens unga m\u00e5r. Att se hur b\u00e5de jag sj\u00e4lv och andra f\u00e5tt k\u00e4mpa med mental h\u00e4lsa har f\u00e5tt mig att vilja tala \u00f6ppet om mina egna erfarenheter, och med det jobba f\u00f6r b\u00e4ttre f\u00f6rst\u00e5else f\u00f6r psykisk oh\u00e4lsa.<\/p>\n\n\n\n<h2 class=\"wp-block-heading\">Fr\u00e5n fest till botten<\/h2>\n\n\n\n<p>I slutet av min gymnasietid b\u00f6rjade en berg- och dalbana med min mentala h\u00e4lsa. Vissa tidsperioder fl\u00f6g jag p\u00e5 ett moln, var effektiv, social och charmig. Det var den v\u00e4lk\u00e4nda festversionen av mig sj\u00e4lv, d\u00e5 mitt liv blev ett enda s\u00f6kande efter en fest. I efterhand har jag sv\u00e5rt att komma ih\u00e5g det mesta som h\u00e4nde under dessa tidsperioder, men jag minns att fr\u00e5n att ha k\u00e4nt att jag \u00e4ger hela v\u00e4rlden kom en dag d\u00e5 n\u00e5gon drog mattan under mina f\u00f6tter och jag f\u00f6ll ner i ett m\u00f6rkt h\u00e5l. D\u00e5 avbokade jag hela kalendern, gick dagar utan att l\u00e4mna l\u00e4genheten och soffan och s\u00e4ngen blev mina b\u00e4sta v\u00e4nner.<\/p>\n\n\n\n<p>I \u00e5r levde jag i dessa v\u00e5gor, och t\u00e4nkte att det \u00e4r vad livet \u00e4r. Det satte enorm press p\u00e5 mig, min n\u00e4ra och mina v\u00e4nner. Jag visste inte riktigt vem jag var, och mina n\u00e4rmaste visste inte hurdan jag skulle vara fr\u00e5n dag till dag. Mitt m\u00e5ende blev s\u00e4mre och jag b\u00f6rjade k\u00e4nna desperation, det blev allt sv\u00e5rare att leva. Jag b\u00f6rjade tappa hoppet f\u00f6r framtiden, en normal vardag med till exempel familj och karri\u00e4r k\u00e4ndes inte fullst\u00e4dnigt orealististk\u201d<\/p>\n\n\n\n<p>V\u00e5ren 2021 l\u00e5g jag igen hemma i s\u00e4ngen och kunde inte ta mig an att l\u00e4mna l\u00e4genheten. Jag hade nyligen b\u00f6rjat mitt f\u00f6rsta \u00e5r i SHS styrelse och bodde i en fin l\u00e4genhet och hade v\u00e4nner:allt var bra p\u00e5 papper. <\/p>\n\n\n\n<blockquote class=\"wp-block-quote is-layout-flow wp-block-quote-is-layout-flow\">\n<p>\u00c4nd\u00e5 m\u00e5dde jag s\u00e4mre \u00e4n n\u00e5gonsin. En liten del av mig ins\u00e5g att om jag inte s\u00f6kte hj\u00e4lp och fick det skulle jag inte klara det<br>l\u00e4ngre. Fr\u00e5n botten av s\u00e4ngen fick jag min f\u00f6rsta tid till en sjuksk\u00f6terska p\u00e5 studenth\u00e4lsan.<\/p>\n<\/blockquote>\n\n\n\n<p>D\u00e5 p\u00e5b\u00f6rjades en flera m\u00e5nader l\u00e5ng process d\u00e5 jag fick svara p\u00e5 vad som k\u00e4ndes som o\u00e4ndligt m\u00e5nga fr\u00e5gor och varenda detalj av mina svar analyserades. Jag bollades fram och tillbaka mellan studenth\u00e4lsan, kommunens olika h\u00e4lsoinsatser och jag fick alltid v\u00e4nta i veckor p\u00e5 n\u00e4sta tid. Till slut fick jag en diagnos och resultatet blev mitt livs v\u00e4rsta depression till p\u00e5f\u00f6ljd av diagnosen f\u00f6r en livsl\u00e5ng psykisk sjukdom.<\/p>\n\n\n\n<p>Jag lider av bipol\u00e4r sjukdom typ tv\u00e5, vilket inneb\u00e4r stora utmaningar livet ut och behov till kontinuerlig v\u00e5rd. Det inneb\u00e4r m\u00e5nga uppoffringar, konstant str\u00e4van efter stabilitet i vardagen, medicinering och uppf\u00f6ljning av mitt m\u00e5ende.<\/p>\n\n\n\n<p>Varf\u00f6r ber\u00e4ttar jag allt det h\u00e4r? Om jag som yngre skulle ha h\u00f6rt mer om psykisk oh\u00e4lsa och att en diagnos inte \u00e4r ett misslyckande skulle jag inte ha k\u00e4mpat ensam s\u00e5 l\u00e4nge utan s\u00f6kt hj\u00e4lp tidigare.<\/p>\n\n\n\n<h2 class=\"wp-block-heading\">Var inte r\u00e4dd f\u00f6r att s\u00f6ka efter hj\u00e4lp och leva med diagnosen<\/h2>\n\n\n\n<p>R\u00e4dslan f\u00f6r att bli d\u00f6md av andra och att min diagnos skulle f\u00f6rs\u00e4mra mina m\u00f6jligheter i arbetslivet fick mig att l\u00e4nge vara r\u00e4dd f\u00f6r att s\u00f6ka v\u00e5rd. Du ska inte l\u00e5ta r\u00e4dslan f\u00f6r andras reaktioner hindra dig fr\u00e5n att f\u00e5 det st\u00f6d och hj\u00e4lp man kan f\u00e5 f\u00f6r att m\u00e5 bra. <\/p>\n\n\n\n<blockquote class=\"wp-block-quote is-layout-flow wp-block-quote-is-layout-flow\">\n<p>Samh\u00e4llet har \u00e4ndrats och kommer att \u00e4ndras \u00e4nnu mer. Jag vill \u00e5tminstone aldrig jobba n\u00e5gonstans som d\u00f6mer mig f\u00f6r min diagnos. Jag \u00e4r v\u00e4rd mera och det \u00e4r \u00e4ven du.<\/p>\n<\/blockquote>\n\n\n\n<p>Jag klev ut ur min depression i slutet av 2021, d\u00e5 vi funnit r\u00e4tt medicinering och b\u00f6rjat hitta verktyg \u00e5t mig f\u00f6r att jobba med mitt m\u00e5ende dagligen. Det har varit sv\u00e5rt att hitta balansen och de senaste \u00e5ren har jag haft sv\u00e5rt att l\u00e4ra mig att leva med sjukdomen. Det har inneburit en utmaning ocks\u00e5 f\u00f6r mina n\u00e4ra. I b\u00f6rjan var jag r\u00e4dd f\u00f6r framtiden, idag k\u00e4nner jag hopp, en framtid med karri\u00e4r och familj k\u00e4nns som en m\u00f6jlighet igen. <\/p>\n\n\n\n<p>Det senaste \u00e5ret har jag sj\u00e4lvmant, med mitt v\u00e5rdteam och i gruppterapi f\u00e5tt jobba f\u00f6r att p\u00e5 olika s\u00e4tt att hantera mitt m\u00e5ende. Det har varit en utmaning att bli okej med tanken p\u00e5 att jag alltid kommer beh\u00f6va jobba f\u00f6r att uppr\u00e4tth\u00e5lla en god psykisk h\u00e4lsa. Det finns en del saker som jag har l\u00e4rt mig och g\u00e4rna delar med mig.<\/p>\n\n\n\n<ol class=\"wp-block-list\">\n<li><strong>L\u00e4mna bort alkoholen ibland<\/strong>.Tidigare n\u00e4r jag m\u00e5tt d\u00e5ligt har jag anv\u00e4nt alkohol som en l\u00f6sning p\u00e5 problemen. Min \u00e5ngest d\u00e5 jag anv\u00e4nde alkohol blev f\u00f6r stor och jag slutade med anv\u00e4ndning av det under en l\u00e4ngre period i \u00e5r. Av det l\u00e4rde jag mig en hel del. Att l\u00e4mna bort alkoholen nu som d\u00e5 \u00e4r ett bra val och det b\u00e4sta \u00e4r s\u00f6ndagsmorgnar d\u00e5 jag vaknar pigg och redo f\u00f6r dagen.<\/li>\n\n\n\n<li><strong>V\u00e4rdes\u00e4tta sin s\u00f6mn<\/strong>. N\u00e4r s\u00f6mnrytmen \u00e4ndras \u00e4r f\u00f6r\u00e4ndringar i ens m\u00e5ende p\u00e5 v\u00e4g. Rutiner \u00e4r det viktigaste att h\u00e5lla fast vid f\u00f6r en god grund f\u00f6r sitt m\u00e5ende.<\/li>\n\n\n\n<li><strong>V\u00e5ga vara s\u00e5rbar<\/strong>. Att tala \u00f6ppet om sina sv\u00e5righeter, be om hj\u00e4lp och ta emot hj\u00e4lp. Det tog mig allt f\u00f6r l\u00e4nge att v\u00e5ga be om hj\u00e4lp och verkligen ta emot det sedan. Nu n\u00e4r jag har gjort det \u00e4r livet inte l\u00e4ngre s\u00e5 skr\u00e4mmande och utmanade.<\/li>\n<\/ol>\n\n\n\n<p>Ifall jag kunde skulle jag g\u00e5 tillbaka i tiden och ber\u00e4tta \u00e5t den yngre versionen av mig sj\u00e4lv att allt nog blir okej. \u00c4ven om du \u00e4r annorlunda s\u00e5 kommer du kunna f\u00e5 det du dr\u00f6mt om i ditt liv. Psykisk oh\u00e4lsa definierar inte ditt v\u00e4rde som m\u00e4nniska och hindrar dig inte fr\u00e5n att lyckas i livet.<\/p>\n\n\n\n<p>Vi m\u00e5ste prata om psykisk oh\u00e4lsa. Det \u00e4r inte bara statistik och siffror utan riktiga m\u00e4nniskor det handlar om. Jag \u00e4r en del av statistiken och vet hur sv\u00e5rt det kan k\u00e4nnas. Vi m\u00e5ste alla jobba f\u00f6r mental h\u00e4lsa och prata om det \u00f6ppet f\u00f6r att tillsammans g\u00f6ra en b\u00e4ttre morgondag.<\/p>\n\n\n\n<div style=\"height:15px\" aria-hidden=\"true\" class=\"wp-block-spacer\"><\/div>\n\n\n\n<p><em>Skribenten <strong>Emilia Winqvist<\/strong> \u00e4r ekonomistuderande p\u00e5 Svenska handelsh\u00f6gskolan i Helsingfors. Hon innehar flera f\u00f6rtroendeuppdrag, bland annat som Styrelseordf\u00f6rande vid Svenska handelsh\u00f6gskolan studentk\u00e5r 2022, samt ordf\u00f6rande f\u00f6r n\u00e4tverket f\u00f6r ekonomistuderande f\u00f6reningarnas ordf\u00f6randen.<\/em><\/p>\n\n\n\n<div style=\"height:30px\" aria-hidden=\"true\" class=\"wp-block-spacer\"><\/div>\n<div class=\"rns\" data-title=\"Dagens unga m\u00e5r allt s\u00e4mre \u2013 jag \u00e4r en av dem\" data-tags=\"\" data-categories=\"Blogg\" data-comments=\"0\" data-date=\"1668611467000\" data-author=\"heidihaapalainen\" data-single=\"\" data-url=\"https:\/\/www.ekonomit.fi\/sv\/blogg\/dagens-unga-mar-allt-samre-jag-ar-en-av-dem\/\"><\/div> <!-- Check out https:\/\/reactandshare.com -->","protected":false},"excerpt":{"rendered":"<p>Vi lever i en kris. Dagens unga m\u00e5r allt s\u00e4mre, samtidigt som vi pratar om mental h\u00e4lsa allt mer. Temat \u00e4r h\u00f6gst aktuellt, men fortfarande saknar diskussioner om mental oh\u00e4lsa \u00e4nnu de \u00e4rliga ber\u00e4ttelserna fr\u00e5n de som k\u00e4mpar. Jag \u00e4r en av dem som k\u00e4mpar.<\/p>\n","protected":false},"author":3,"featured_media":33335,"comment_status":"closed","ping_status":"closed","sticky":false,"template":"","format":"standard","meta":{"_acf_changed":false,"inline_featured_image":false,"advgb_blocks_editor_width":"","advgb_blocks_columns_visual_guide":"","_jetpack_memberships_contains_paid_content":false,"footnotes":""},"categories":[113],"tags":[],"class_list":["post-33344","post","type-post","status-publish","format-standard","has-post-thumbnail","hentry","category-blogg"],"acf":[],"yoast_head":"<!-- This site is optimized with the Yoast SEO plugin v27.5 - https:\/\/yoast.com\/product\/yoast-seo-wordpress\/ -->\n<title>Dagens unga m\u00e5r allt s\u00e4mre \u2013 jag \u00e4r en av dem - Suomen Ekonomit<\/title>\n<meta name=\"robots\" content=\"index, follow, max-snippet:-1, max-image-preview:large, max-video-preview:-1\" \/>\n<link rel=\"canonical\" href=\"https:\/\/www.ekonomit.fi\/sv\/blogg\/dagens-unga-mar-allt-samre-jag-ar-en-av-dem\/\" \/>\n<meta property=\"og:locale\" content=\"sv_SE\" \/>\n<meta property=\"og:type\" content=\"article\" \/>\n<meta property=\"og:title\" content=\"Dagens unga m\u00e5r allt s\u00e4mre \u2013 jag \u00e4r en av dem - Suomen Ekonomit\" \/>\n<meta property=\"og:description\" content=\"Vi lever i en kris. Dagens unga m\u00e5r allt s\u00e4mre, samtidigt som vi pratar om mental h\u00e4lsa allt mer. Temat \u00e4r h\u00f6gst aktuellt, men fortfarande saknar diskussioner om mental oh\u00e4lsa \u00e4nnu de \u00e4rliga ber\u00e4ttelserna fr\u00e5n de som k\u00e4mpar. Jag \u00e4r en av dem som k\u00e4mpar.\" \/>\n<meta property=\"og:url\" content=\"https:\/\/www.ekonomit.fi\/sv\/blogg\/dagens-unga-mar-allt-samre-jag-ar-en-av-dem\/\" \/>\n<meta property=\"og:site_name\" content=\"Suomen Ekonomit\" \/>\n<meta property=\"article:published_time\" content=\"2022-11-16T13:11:07+00:00\" \/>\n<meta property=\"article:modified_time\" content=\"2022-11-16T13:13:56+00:00\" \/>\n<meta property=\"og:image\" content=\"https:\/\/www.ekonomit.fi\/wp-content\/uploads\/2022\/11\/EmiliaW_blogi_1605x1070px.png\" \/>\n\t<meta property=\"og:image:width\" content=\"1605\" \/>\n\t<meta property=\"og:image:height\" content=\"1070\" \/>\n\t<meta property=\"og:image:type\" content=\"image\/png\" \/>\n<meta name=\"author\" content=\"heidihaapalainen\" \/>\n<meta name=\"twitter:card\" content=\"summary_large_image\" \/>\n<meta name=\"twitter:label1\" content=\"Skriven av\" \/>\n\t<meta name=\"twitter:data1\" content=\"heidihaapalainen\" \/>\n\t<meta name=\"twitter:label2\" content=\"Ber\u00e4knad l\u00e4stid\" \/>\n\t<meta name=\"twitter:data2\" content=\"7 minuter\" \/>\n<script type=\"application\/ld+json\" class=\"yoast-schema-graph\">{\"@context\":\"https:\\\/\\\/schema.org\",\"@graph\":[{\"@type\":\"Article\",\"@id\":\"https:\\\/\\\/www.ekonomit.fi\\\/sv\\\/blogg\\\/dagens-unga-mar-allt-samre-jag-ar-en-av-dem\\\/#article\",\"isPartOf\":{\"@id\":\"https:\\\/\\\/www.ekonomit.fi\\\/sv\\\/blogg\\\/dagens-unga-mar-allt-samre-jag-ar-en-av-dem\\\/\"},\"author\":{\"name\":\"heidihaapalainen\",\"@id\":\"https:\\\/\\\/www.ekonomit.fi\\\/sv\\\/#\\\/schema\\\/person\\\/1fbd84fd17a8f0f947f8beab7b23949b\"},\"headline\":\"Dagens unga m\u00e5r allt s\u00e4mre \u2013 jag \u00e4r en av dem\",\"datePublished\":\"2022-11-16T13:11:07+00:00\",\"dateModified\":\"2022-11-16T13:13:56+00:00\",\"mainEntityOfPage\":{\"@id\":\"https:\\\/\\\/www.ekonomit.fi\\\/sv\\\/blogg\\\/dagens-unga-mar-allt-samre-jag-ar-en-av-dem\\\/\"},\"wordCount\":1249,\"publisher\":{\"@id\":\"https:\\\/\\\/www.ekonomit.fi\\\/sv\\\/#organization\"},\"image\":{\"@id\":\"https:\\\/\\\/www.ekonomit.fi\\\/sv\\\/blogg\\\/dagens-unga-mar-allt-samre-jag-ar-en-av-dem\\\/#primaryimage\"},\"thumbnailUrl\":\"https:\\\/\\\/www.ekonomit.fi\\\/wp-content\\\/uploads\\\/2022\\\/11\\\/EmiliaW_blogi_1605x1070px.png\",\"articleSection\":[\"Blogg\"],\"inLanguage\":\"sv-SE\"},{\"@type\":\"WebPage\",\"@id\":\"https:\\\/\\\/www.ekonomit.fi\\\/sv\\\/blogg\\\/dagens-unga-mar-allt-samre-jag-ar-en-av-dem\\\/\",\"url\":\"https:\\\/\\\/www.ekonomit.fi\\\/sv\\\/blogg\\\/dagens-unga-mar-allt-samre-jag-ar-en-av-dem\\\/\",\"name\":\"Dagens unga m\u00e5r allt s\u00e4mre \u2013 jag \u00e4r en av dem - Suomen Ekonomit\",\"isPartOf\":{\"@id\":\"https:\\\/\\\/www.ekonomit.fi\\\/sv\\\/#website\"},\"primaryImageOfPage\":{\"@id\":\"https:\\\/\\\/www.ekonomit.fi\\\/sv\\\/blogg\\\/dagens-unga-mar-allt-samre-jag-ar-en-av-dem\\\/#primaryimage\"},\"image\":{\"@id\":\"https:\\\/\\\/www.ekonomit.fi\\\/sv\\\/blogg\\\/dagens-unga-mar-allt-samre-jag-ar-en-av-dem\\\/#primaryimage\"},\"thumbnailUrl\":\"https:\\\/\\\/www.ekonomit.fi\\\/wp-content\\\/uploads\\\/2022\\\/11\\\/EmiliaW_blogi_1605x1070px.png\",\"datePublished\":\"2022-11-16T13:11:07+00:00\",\"dateModified\":\"2022-11-16T13:13:56+00:00\",\"breadcrumb\":{\"@id\":\"https:\\\/\\\/www.ekonomit.fi\\\/sv\\\/blogg\\\/dagens-unga-mar-allt-samre-jag-ar-en-av-dem\\\/#breadcrumb\"},\"inLanguage\":\"sv-SE\",\"potentialAction\":[{\"@type\":\"ReadAction\",\"target\":[\"https:\\\/\\\/www.ekonomit.fi\\\/sv\\\/blogg\\\/dagens-unga-mar-allt-samre-jag-ar-en-av-dem\\\/\"]}]},{\"@type\":\"ImageObject\",\"inLanguage\":\"sv-SE\",\"@id\":\"https:\\\/\\\/www.ekonomit.fi\\\/sv\\\/blogg\\\/dagens-unga-mar-allt-samre-jag-ar-en-av-dem\\\/#primaryimage\",\"url\":\"https:\\\/\\\/www.ekonomit.fi\\\/wp-content\\\/uploads\\\/2022\\\/11\\\/EmiliaW_blogi_1605x1070px.png\",\"contentUrl\":\"https:\\\/\\\/www.ekonomit.fi\\\/wp-content\\\/uploads\\\/2022\\\/11\\\/EmiliaW_blogi_1605x1070px.png\",\"width\":1605,\"height\":1070},{\"@type\":\"BreadcrumbList\",\"@id\":\"https:\\\/\\\/www.ekonomit.fi\\\/sv\\\/blogg\\\/dagens-unga-mar-allt-samre-jag-ar-en-av-dem\\\/#breadcrumb\",\"itemListElement\":[{\"@type\":\"ListItem\",\"position\":1,\"name\":\"Home\",\"item\":\"https:\\\/\\\/www.ekonomit.fi\\\/sv\\\/\"},{\"@type\":\"ListItem\",\"position\":2,\"name\":\"Dagens unga m\u00e5r allt s\u00e4mre \u2013 jag \u00e4r en av dem\"}]},{\"@type\":\"WebSite\",\"@id\":\"https:\\\/\\\/www.ekonomit.fi\\\/sv\\\/#website\",\"url\":\"https:\\\/\\\/www.ekonomit.fi\\\/sv\\\/\",\"name\":\"Suomen Ekonomit\",\"description\":\"\",\"publisher\":{\"@id\":\"https:\\\/\\\/www.ekonomit.fi\\\/sv\\\/#organization\"},\"potentialAction\":[{\"@type\":\"SearchAction\",\"target\":{\"@type\":\"EntryPoint\",\"urlTemplate\":\"https:\\\/\\\/www.ekonomit.fi\\\/sv\\\/?s={search_term_string}\"},\"query-input\":{\"@type\":\"PropertyValueSpecification\",\"valueRequired\":true,\"valueName\":\"search_term_string\"}}],\"inLanguage\":\"sv-SE\"},{\"@type\":\"Organization\",\"@id\":\"https:\\\/\\\/www.ekonomit.fi\\\/sv\\\/#organization\",\"name\":\"Suomen Ekonomit\",\"url\":\"https:\\\/\\\/www.ekonomit.fi\\\/sv\\\/\",\"logo\":{\"@type\":\"ImageObject\",\"inLanguage\":\"sv-SE\",\"@id\":\"https:\\\/\\\/www.ekonomit.fi\\\/sv\\\/#\\\/schema\\\/logo\\\/image\\\/\",\"url\":\"https:\\\/\\\/www.ekonomit.fi\\\/wp-content\\\/uploads\\\/2020\\\/05\\\/ekonomit-mer-nega.png\",\"contentUrl\":\"https:\\\/\\\/www.ekonomit.fi\\\/wp-content\\\/uploads\\\/2020\\\/05\\\/ekonomit-mer-nega.png\",\"width\":870,\"height\":307,\"caption\":\"Suomen Ekonomit\"},\"image\":{\"@id\":\"https:\\\/\\\/www.ekonomit.fi\\\/sv\\\/#\\\/schema\\\/logo\\\/image\\\/\"}},{\"@type\":\"Person\",\"@id\":\"https:\\\/\\\/www.ekonomit.fi\\\/sv\\\/#\\\/schema\\\/person\\\/1fbd84fd17a8f0f947f8beab7b23949b\",\"name\":\"heidihaapalainen\",\"image\":{\"@type\":\"ImageObject\",\"inLanguage\":\"sv-SE\",\"@id\":\"https:\\\/\\\/www.ekonomit.fi\\\/wp-content\\\/litespeed\\\/avatar\\\/6dfbd5e6c01a5a4b70a51b4d45a75a45.jpg?ver=1777364979\",\"url\":\"https:\\\/\\\/www.ekonomit.fi\\\/wp-content\\\/litespeed\\\/avatar\\\/6dfbd5e6c01a5a4b70a51b4d45a75a45.jpg?ver=1777364979\",\"contentUrl\":\"https:\\\/\\\/www.ekonomit.fi\\\/wp-content\\\/litespeed\\\/avatar\\\/6dfbd5e6c01a5a4b70a51b4d45a75a45.jpg?ver=1777364979\",\"caption\":\"heidihaapalainen\"}}]}<\/script>\n<!-- \/ Yoast SEO plugin. -->","yoast_head_json":{"title":"Dagens unga m\u00e5r allt s\u00e4mre \u2013 jag \u00e4r en av dem - Suomen Ekonomit","robots":{"index":"index","follow":"follow","max-snippet":"max-snippet:-1","max-image-preview":"max-image-preview:large","max-video-preview":"max-video-preview:-1"},"canonical":"https:\/\/www.ekonomit.fi\/sv\/blogg\/dagens-unga-mar-allt-samre-jag-ar-en-av-dem\/","og_locale":"sv_SE","og_type":"article","og_title":"Dagens unga m\u00e5r allt s\u00e4mre \u2013 jag \u00e4r en av dem - Suomen Ekonomit","og_description":"Vi lever i en kris. Dagens unga m\u00e5r allt s\u00e4mre, samtidigt som vi pratar om mental h\u00e4lsa allt mer. Temat \u00e4r h\u00f6gst aktuellt, men fortfarande saknar diskussioner om mental oh\u00e4lsa \u00e4nnu de \u00e4rliga ber\u00e4ttelserna fr\u00e5n de som k\u00e4mpar. Jag \u00e4r en av dem som k\u00e4mpar.","og_url":"https:\/\/www.ekonomit.fi\/sv\/blogg\/dagens-unga-mar-allt-samre-jag-ar-en-av-dem\/","og_site_name":"Suomen Ekonomit","article_published_time":"2022-11-16T13:11:07+00:00","article_modified_time":"2022-11-16T13:13:56+00:00","og_image":[{"width":1605,"height":1070,"url":"https:\/\/www.ekonomit.fi\/wp-content\/uploads\/2022\/11\/EmiliaW_blogi_1605x1070px.png","type":"image\/png"}],"author":"heidihaapalainen","twitter_card":"summary_large_image","twitter_misc":{"Skriven av":"heidihaapalainen","Ber\u00e4knad l\u00e4stid":"7 minuter"},"schema":{"@context":"https:\/\/schema.org","@graph":[{"@type":"Article","@id":"https:\/\/www.ekonomit.fi\/sv\/blogg\/dagens-unga-mar-allt-samre-jag-ar-en-av-dem\/#article","isPartOf":{"@id":"https:\/\/www.ekonomit.fi\/sv\/blogg\/dagens-unga-mar-allt-samre-jag-ar-en-av-dem\/"},"author":{"name":"heidihaapalainen","@id":"https:\/\/www.ekonomit.fi\/sv\/#\/schema\/person\/1fbd84fd17a8f0f947f8beab7b23949b"},"headline":"Dagens unga m\u00e5r allt s\u00e4mre \u2013 jag \u00e4r en av dem","datePublished":"2022-11-16T13:11:07+00:00","dateModified":"2022-11-16T13:13:56+00:00","mainEntityOfPage":{"@id":"https:\/\/www.ekonomit.fi\/sv\/blogg\/dagens-unga-mar-allt-samre-jag-ar-en-av-dem\/"},"wordCount":1249,"publisher":{"@id":"https:\/\/www.ekonomit.fi\/sv\/#organization"},"image":{"@id":"https:\/\/www.ekonomit.fi\/sv\/blogg\/dagens-unga-mar-allt-samre-jag-ar-en-av-dem\/#primaryimage"},"thumbnailUrl":"https:\/\/www.ekonomit.fi\/wp-content\/uploads\/2022\/11\/EmiliaW_blogi_1605x1070px.png","articleSection":["Blogg"],"inLanguage":"sv-SE"},{"@type":"WebPage","@id":"https:\/\/www.ekonomit.fi\/sv\/blogg\/dagens-unga-mar-allt-samre-jag-ar-en-av-dem\/","url":"https:\/\/www.ekonomit.fi\/sv\/blogg\/dagens-unga-mar-allt-samre-jag-ar-en-av-dem\/","name":"Dagens unga m\u00e5r allt s\u00e4mre \u2013 jag \u00e4r en av dem - Suomen Ekonomit","isPartOf":{"@id":"https:\/\/www.ekonomit.fi\/sv\/#website"},"primaryImageOfPage":{"@id":"https:\/\/www.ekonomit.fi\/sv\/blogg\/dagens-unga-mar-allt-samre-jag-ar-en-av-dem\/#primaryimage"},"image":{"@id":"https:\/\/www.ekonomit.fi\/sv\/blogg\/dagens-unga-mar-allt-samre-jag-ar-en-av-dem\/#primaryimage"},"thumbnailUrl":"https:\/\/www.ekonomit.fi\/wp-content\/uploads\/2022\/11\/EmiliaW_blogi_1605x1070px.png","datePublished":"2022-11-16T13:11:07+00:00","dateModified":"2022-11-16T13:13:56+00:00","breadcrumb":{"@id":"https:\/\/www.ekonomit.fi\/sv\/blogg\/dagens-unga-mar-allt-samre-jag-ar-en-av-dem\/#breadcrumb"},"inLanguage":"sv-SE","potentialAction":[{"@type":"ReadAction","target":["https:\/\/www.ekonomit.fi\/sv\/blogg\/dagens-unga-mar-allt-samre-jag-ar-en-av-dem\/"]}]},{"@type":"ImageObject","inLanguage":"sv-SE","@id":"https:\/\/www.ekonomit.fi\/sv\/blogg\/dagens-unga-mar-allt-samre-jag-ar-en-av-dem\/#primaryimage","url":"https:\/\/www.ekonomit.fi\/wp-content\/uploads\/2022\/11\/EmiliaW_blogi_1605x1070px.png","contentUrl":"https:\/\/www.ekonomit.fi\/wp-content\/uploads\/2022\/11\/EmiliaW_blogi_1605x1070px.png","width":1605,"height":1070},{"@type":"BreadcrumbList","@id":"https:\/\/www.ekonomit.fi\/sv\/blogg\/dagens-unga-mar-allt-samre-jag-ar-en-av-dem\/#breadcrumb","itemListElement":[{"@type":"ListItem","position":1,"name":"Home","item":"https:\/\/www.ekonomit.fi\/sv\/"},{"@type":"ListItem","position":2,"name":"Dagens unga m\u00e5r allt s\u00e4mre \u2013 jag \u00e4r en av dem"}]},{"@type":"WebSite","@id":"https:\/\/www.ekonomit.fi\/sv\/#website","url":"https:\/\/www.ekonomit.fi\/sv\/","name":"Suomen Ekonomit","description":"","publisher":{"@id":"https:\/\/www.ekonomit.fi\/sv\/#organization"},"potentialAction":[{"@type":"SearchAction","target":{"@type":"EntryPoint","urlTemplate":"https:\/\/www.ekonomit.fi\/sv\/?s={search_term_string}"},"query-input":{"@type":"PropertyValueSpecification","valueRequired":true,"valueName":"search_term_string"}}],"inLanguage":"sv-SE"},{"@type":"Organization","@id":"https:\/\/www.ekonomit.fi\/sv\/#organization","name":"Suomen Ekonomit","url":"https:\/\/www.ekonomit.fi\/sv\/","logo":{"@type":"ImageObject","inLanguage":"sv-SE","@id":"https:\/\/www.ekonomit.fi\/sv\/#\/schema\/logo\/image\/","url":"https:\/\/www.ekonomit.fi\/wp-content\/uploads\/2020\/05\/ekonomit-mer-nega.png","contentUrl":"https:\/\/www.ekonomit.fi\/wp-content\/uploads\/2020\/05\/ekonomit-mer-nega.png","width":870,"height":307,"caption":"Suomen Ekonomit"},"image":{"@id":"https:\/\/www.ekonomit.fi\/sv\/#\/schema\/logo\/image\/"}},{"@type":"Person","@id":"https:\/\/www.ekonomit.fi\/sv\/#\/schema\/person\/1fbd84fd17a8f0f947f8beab7b23949b","name":"heidihaapalainen","image":{"@type":"ImageObject","inLanguage":"sv-SE","@id":"https:\/\/www.ekonomit.fi\/wp-content\/litespeed\/avatar\/6dfbd5e6c01a5a4b70a51b4d45a75a45.jpg?ver=1777364979","url":"https:\/\/www.ekonomit.fi\/wp-content\/litespeed\/avatar\/6dfbd5e6c01a5a4b70a51b4d45a75a45.jpg?ver=1777364979","contentUrl":"https:\/\/www.ekonomit.fi\/wp-content\/litespeed\/avatar\/6dfbd5e6c01a5a4b70a51b4d45a75a45.jpg?ver=1777364979","caption":"heidihaapalainen"}}]}},"author_meta":{"display_name":"heidihaapalainen","author_link":"https:\/\/www.ekonomit.fi\/sv\/author\/heidihaapalainen\/"},"featured_img":"https:\/\/www.ekonomit.fi\/wp-content\/uploads\/2022\/11\/EmiliaW_blogi_1605x1070px-300x200.png","jetpack_featured_media_url":"https:\/\/www.ekonomit.fi\/wp-content\/uploads\/2022\/11\/EmiliaW_blogi_1605x1070px.png","coauthors":[],"tax_additional":{"categories":{"linked":["<a href=\"https:\/\/www.ekonomit.fi\/sv\/category\/blogg\/\" class=\"advgb-post-tax-term\">Blogg<\/a>"],"unlinked":["<span class=\"advgb-post-tax-term\">Blogg<\/span>"]}},"comment_count":0,"relative_dates":{"created":"Publicerad 3 \u00e5r sedan","modified":"Uppdaterad 3 \u00e5r sedan"},"absolute_dates":{"created":"Publicerat den 16 november 2022","modified":"Uppdaterad den 16 november 2022"},"absolute_dates_time":{"created":"Publicerat den 16 november 2022 15:11","modified":"Uppdaterad den 16 november 2022 15:13"},"featured_img_caption":"","series_order":"","jetpack_sharing_enabled":true,"_links":{"self":[{"href":"https:\/\/www.ekonomit.fi\/sv\/wp-json\/wp\/v2\/posts\/33344","targetHints":{"allow":["GET"]}}],"collection":[{"href":"https:\/\/www.ekonomit.fi\/sv\/wp-json\/wp\/v2\/posts"}],"about":[{"href":"https:\/\/www.ekonomit.fi\/sv\/wp-json\/wp\/v2\/types\/post"}],"author":[{"embeddable":true,"href":"https:\/\/www.ekonomit.fi\/sv\/wp-json\/wp\/v2\/users\/3"}],"replies":[{"embeddable":true,"href":"https:\/\/www.ekonomit.fi\/sv\/wp-json\/wp\/v2\/comments?post=33344"}],"version-history":[{"count":5,"href":"https:\/\/www.ekonomit.fi\/sv\/wp-json\/wp\/v2\/posts\/33344\/revisions"}],"predecessor-version":[{"id":33352,"href":"https:\/\/www.ekonomit.fi\/sv\/wp-json\/wp\/v2\/posts\/33344\/revisions\/33352"}],"wp:featuredmedia":[{"embeddable":true,"href":"https:\/\/www.ekonomit.fi\/sv\/wp-json\/wp\/v2\/media\/33335"}],"wp:attachment":[{"href":"https:\/\/www.ekonomit.fi\/sv\/wp-json\/wp\/v2\/media?parent=33344"}],"wp:term":[{"taxonomy":"category","embeddable":true,"href":"https:\/\/www.ekonomit.fi\/sv\/wp-json\/wp\/v2\/categories?post=33344"},{"taxonomy":"post_tag","embeddable":true,"href":"https:\/\/www.ekonomit.fi\/sv\/wp-json\/wp\/v2\/tags?post=33344"}],"curies":[{"name":"wp","href":"https:\/\/api.w.org\/{rel}","templated":true}]}}