{"id":34913,"date":"2023-02-16T16:03:49","date_gmt":"2023-02-16T14:03:49","guid":{"rendered":"https:\/\/www.ekonomit.fi\/?p=34913"},"modified":"2023-02-16T16:12:09","modified_gmt":"2023-02-16T14:12:09","slug":"jasentutkimus-2023-kerro-nakemyksesi-ekonomiyhteisosta-ja-voit-voittaa-100-e-superlahjakortin","status":"publish","type":"post","link":"https:\/\/www.ekonomit.fi\/sv\/gemenskap\/jasentutkimus-2023-kerro-nakemyksesi-ekonomiyhteisosta-ja-voit-voittaa-100-e-superlahjakortin\/","title":{"rendered":"Ber\u00e4tta din \u00e5sikt om ekonomgemenskapen och vinn ett presentkort p\u00e5 100\u20ac!"},"content":{"rendered":"\n<figure class=\"wp-block-image size-large\"><img decoding=\"async\" width=\"1024\" height=\"686\" src=\"https:\/\/www.ekonomit.fi\/wp-content\/uploads\/2023\/02\/Kopio-Ekonomit_gettyimages-918086800.jpg-1024x686.jpg\" alt=\"\" class=\"wp-image-34904\" srcset=\"https:\/\/www.ekonomit.fi\/wp-content\/uploads\/2023\/02\/Kopio-Ekonomit_gettyimages-918086800.jpg-1024x686.jpg 1024w, https:\/\/www.ekonomit.fi\/wp-content\/uploads\/2023\/02\/Kopio-Ekonomit_gettyimages-918086800.jpg-300x201.jpg 300w, https:\/\/www.ekonomit.fi\/wp-content\/uploads\/2023\/02\/Kopio-Ekonomit_gettyimages-918086800.jpg-768x514.jpg 768w, https:\/\/www.ekonomit.fi\/wp-content\/uploads\/2023\/02\/Kopio-Ekonomit_gettyimages-918086800.jpg-1536x1028.jpg 1536w, https:\/\/www.ekonomit.fi\/wp-content\/uploads\/2023\/02\/Kopio-Ekonomit_gettyimages-918086800.jpg-1600x1071.jpg 1600w, https:\/\/www.ekonomit.fi\/wp-content\/uploads\/2023\/02\/Kopio-Ekonomit_gettyimages-918086800.jpg.jpg 1610w\" sizes=\"(max-width: 1024px) 100vw, 1024px\" \/><\/figure>\n\n\n\n<p>P\u00e5 samma g\u00e5ng deltar du i utlottningen av ett 100\u20ac GoGift Superpresentkort. Vi lottar ut 5 presentkort.&nbsp;<\/p>\n\n\n\n<p>Vad f\u00f6r nytt \u00f6nskar du? Vad vill du h\u00e5lla \u00e4nnu i forts\u00e4ttningen? Ber\u00e4tta oss!&nbsp;<\/p>\n\n\n\n<p>Det l\u00f6nar sig att svara, eftersom du samtidigt g\u00f6r en god g\u00e4rning: F\u00f6r varje svar donerar vi 1 euro till Ukraina via R\u00f6da Korset. &nbsp;<\/p>\n\n\n\n<p>Svara innan den 5.3.2023.\u00a0<\/p>\n\n\n\n<div class=\"wp-block-buttons is-layout-flex wp-block-buttons-is-layout-flex\">\n<div class=\"wp-block-button\"><a class=\"wp-block-button__link wp-element-button\" href=\"https:\/\/elounge.ekonomit.fi\/pages\/palvelut\/jasentutkimus-2023\">Svara h\u00e4r<\/a><\/div>\n<\/div>\n<div class=\"rns\" data-title=\"Ber\u00e4tta din \u00e5sikt om ekonomgemenskapen och vinn ett presentkort p\u00e5 100\u20ac!\" data-tags=\"\" data-categories=\"Gemenskap\" data-comments=\"0\" data-date=\"1676563429000\" data-author=\"idalevanen\" data-single=\"\" data-url=\"https:\/\/www.ekonomit.fi\/sv\/gemenskap\/jasentutkimus-2023-kerro-nakemyksesi-ekonomiyhteisosta-ja-voit-voittaa-100-e-superlahjakortin\/\"><\/div> <!-- Check out https:\/\/reactandshare.com -->","protected":false},"excerpt":{"rendered":"<p>B\u00e4sta medlem, hur vill du att v\u00e5r ekonomgemenskap ser ut? Svara p\u00e5 v\u00e5r medlemsunders\u00f6kning, s\u00e5 att vi kan erbjuda dig tj\u00e4nster, f\u00f6rm\u00e5ner och intressebevakning, som motsvarar just dina behov. <\/p>\n","protected":false},"author":4,"featured_media":34906,"comment_status":"closed","ping_status":"closed","sticky":false,"template":"","format":"standard","meta":{"_acf_changed":false,"inline_featured_image":false,"advgb_blocks_editor_width":"","advgb_blocks_columns_visual_guide":"","_jetpack_memberships_contains_paid_content":false,"footnotes":""},"categories":[109],"tags":[],"class_list":["post-34913","post","type-post","status-publish","format-standard","has-post-thumbnail","hentry","category-gemenskap"],"acf":[],"yoast_head":"<!-- This site is optimized with the Yoast SEO plugin v27.4 - https:\/\/yoast.com\/product\/yoast-seo-wordpress\/ -->\n<title>Ber\u00e4tta din \u00e5sikt om ekonomgemenskapen och vinn ett presentkort p\u00e5 100\u20ac! - Suomen Ekonomit<\/title>\n<meta name=\"robots\" content=\"index, follow, max-snippet:-1, max-image-preview:large, max-video-preview:-1\" \/>\n<link rel=\"canonical\" href=\"https:\/\/www.ekonomit.fi\/sv\/gemenskap\/jasentutkimus-2023-kerro-nakemyksesi-ekonomiyhteisosta-ja-voit-voittaa-100-e-superlahjakortin\/\" \/>\n<meta property=\"og:locale\" content=\"sv_SE\" \/>\n<meta property=\"og:type\" content=\"article\" \/>\n<meta property=\"og:title\" content=\"Ber\u00e4tta din \u00e5sikt om ekonomgemenskapen och vinn ett presentkort p\u00e5 100\u20ac! - Suomen Ekonomit\" \/>\n<meta property=\"og:description\" content=\"B\u00e4sta medlem, hur vill du att v\u00e5r ekonomgemenskap ser ut? Svara p\u00e5 v\u00e5r medlemsunders\u00f6kning, s\u00e5 att vi kan erbjuda dig tj\u00e4nster, f\u00f6rm\u00e5ner och intressebevakning, som motsvarar just dina behov.\" \/>\n<meta property=\"og:url\" content=\"https:\/\/www.ekonomit.fi\/sv\/gemenskap\/jasentutkimus-2023-kerro-nakemyksesi-ekonomiyhteisosta-ja-voit-voittaa-100-e-superlahjakortin\/\" \/>\n<meta property=\"og:site_name\" content=\"Suomen Ekonomit\" \/>\n<meta property=\"article:published_time\" content=\"2023-02-16T14:03:49+00:00\" \/>\n<meta property=\"article:modified_time\" content=\"2023-02-16T14:12:09+00:00\" \/>\n<meta property=\"og:image\" content=\"https:\/\/www.ekonomit.fi\/wp-content\/uploads\/2023\/02\/Kopio-Ekonomit_gettyimages-918086800.jpg.jpg\" \/>\n\t<meta property=\"og:image:width\" content=\"1610\" \/>\n\t<meta property=\"og:image:height\" content=\"1078\" \/>\n\t<meta property=\"og:image:type\" content=\"image\/jpeg\" \/>\n<meta name=\"author\" content=\"idalevanen\" \/>\n<meta name=\"twitter:card\" content=\"summary_large_image\" \/>\n<meta name=\"twitter:label1\" content=\"Skriven av\" \/>\n\t<meta name=\"twitter:data1\" content=\"idalevanen\" \/>\n\t<meta name=\"twitter:label2\" content=\"Ber\u00e4knad l\u00e4stid\" \/>\n\t<meta name=\"twitter:data2\" content=\"1 minut\" \/>\n<script type=\"application\/ld+json\" class=\"yoast-schema-graph\">{\"@context\":\"https:\\\/\\\/schema.org\",\"@graph\":[{\"@type\":\"Article\",\"@id\":\"https:\\\/\\\/www.ekonomit.fi\\\/sv\\\/gemenskap\\\/jasentutkimus-2023-kerro-nakemyksesi-ekonomiyhteisosta-ja-voit-voittaa-100-e-superlahjakortin\\\/#article\",\"isPartOf\":{\"@id\":\"https:\\\/\\\/www.ekonomit.fi\\\/sv\\\/gemenskap\\\/jasentutkimus-2023-kerro-nakemyksesi-ekonomiyhteisosta-ja-voit-voittaa-100-e-superlahjakortin\\\/\"},\"author\":{\"name\":\"idalevanen\",\"@id\":\"https:\\\/\\\/www.ekonomit.fi\\\/sv\\\/#\\\/schema\\\/person\\\/554e98e5e34c51fcdc89c46badffadbf\"},\"headline\":\"Ber\u00e4tta din \u00e5sikt om ekonomgemenskapen och vinn ett presentkort p\u00e5 100\u20ac!\",\"datePublished\":\"2023-02-16T14:03:49+00:00\",\"dateModified\":\"2023-02-16T14:12:09+00:00\",\"mainEntityOfPage\":{\"@id\":\"https:\\\/\\\/www.ekonomit.fi\\\/sv\\\/gemenskap\\\/jasentutkimus-2023-kerro-nakemyksesi-ekonomiyhteisosta-ja-voit-voittaa-100-e-superlahjakortin\\\/\"},\"wordCount\":82,\"publisher\":{\"@id\":\"https:\\\/\\\/www.ekonomit.fi\\\/sv\\\/#organization\"},\"image\":{\"@id\":\"https:\\\/\\\/www.ekonomit.fi\\\/sv\\\/gemenskap\\\/jasentutkimus-2023-kerro-nakemyksesi-ekonomiyhteisosta-ja-voit-voittaa-100-e-superlahjakortin\\\/#primaryimage\"},\"thumbnailUrl\":\"https:\\\/\\\/www.ekonomit.fi\\\/wp-content\\\/uploads\\\/2023\\\/02\\\/Kopio-Ekonomit_gettyimages-918086800.jpg.jpg\",\"articleSection\":[\"Gemenskap\"],\"inLanguage\":\"sv-SE\"},{\"@type\":\"WebPage\",\"@id\":\"https:\\\/\\\/www.ekonomit.fi\\\/sv\\\/gemenskap\\\/jasentutkimus-2023-kerro-nakemyksesi-ekonomiyhteisosta-ja-voit-voittaa-100-e-superlahjakortin\\\/\",\"url\":\"https:\\\/\\\/www.ekonomit.fi\\\/sv\\\/gemenskap\\\/jasentutkimus-2023-kerro-nakemyksesi-ekonomiyhteisosta-ja-voit-voittaa-100-e-superlahjakortin\\\/\",\"name\":\"Ber\u00e4tta din \u00e5sikt om ekonomgemenskapen och vinn ett presentkort p\u00e5 100\u20ac! - Suomen Ekonomit\",\"isPartOf\":{\"@id\":\"https:\\\/\\\/www.ekonomit.fi\\\/sv\\\/#website\"},\"primaryImageOfPage\":{\"@id\":\"https:\\\/\\\/www.ekonomit.fi\\\/sv\\\/gemenskap\\\/jasentutkimus-2023-kerro-nakemyksesi-ekonomiyhteisosta-ja-voit-voittaa-100-e-superlahjakortin\\\/#primaryimage\"},\"image\":{\"@id\":\"https:\\\/\\\/www.ekonomit.fi\\\/sv\\\/gemenskap\\\/jasentutkimus-2023-kerro-nakemyksesi-ekonomiyhteisosta-ja-voit-voittaa-100-e-superlahjakortin\\\/#primaryimage\"},\"thumbnailUrl\":\"https:\\\/\\\/www.ekonomit.fi\\\/wp-content\\\/uploads\\\/2023\\\/02\\\/Kopio-Ekonomit_gettyimages-918086800.jpg.jpg\",\"datePublished\":\"2023-02-16T14:03:49+00:00\",\"dateModified\":\"2023-02-16T14:12:09+00:00\",\"breadcrumb\":{\"@id\":\"https:\\\/\\\/www.ekonomit.fi\\\/sv\\\/gemenskap\\\/jasentutkimus-2023-kerro-nakemyksesi-ekonomiyhteisosta-ja-voit-voittaa-100-e-superlahjakortin\\\/#breadcrumb\"},\"inLanguage\":\"sv-SE\",\"potentialAction\":[{\"@type\":\"ReadAction\",\"target\":[\"https:\\\/\\\/www.ekonomit.fi\\\/sv\\\/gemenskap\\\/jasentutkimus-2023-kerro-nakemyksesi-ekonomiyhteisosta-ja-voit-voittaa-100-e-superlahjakortin\\\/\"]}]},{\"@type\":\"ImageObject\",\"inLanguage\":\"sv-SE\",\"@id\":\"https:\\\/\\\/www.ekonomit.fi\\\/sv\\\/gemenskap\\\/jasentutkimus-2023-kerro-nakemyksesi-ekonomiyhteisosta-ja-voit-voittaa-100-e-superlahjakortin\\\/#primaryimage\",\"url\":\"https:\\\/\\\/www.ekonomit.fi\\\/wp-content\\\/uploads\\\/2023\\\/02\\\/Kopio-Ekonomit_gettyimages-918086800.jpg.jpg\",\"contentUrl\":\"https:\\\/\\\/www.ekonomit.fi\\\/wp-content\\\/uploads\\\/2023\\\/02\\\/Kopio-Ekonomit_gettyimages-918086800.jpg.jpg\",\"width\":1610,\"height\":1078},{\"@type\":\"BreadcrumbList\",\"@id\":\"https:\\\/\\\/www.ekonomit.fi\\\/sv\\\/gemenskap\\\/jasentutkimus-2023-kerro-nakemyksesi-ekonomiyhteisosta-ja-voit-voittaa-100-e-superlahjakortin\\\/#breadcrumb\",\"itemListElement\":[{\"@type\":\"ListItem\",\"position\":1,\"name\":\"Home\",\"item\":\"https:\\\/\\\/www.ekonomit.fi\\\/sv\\\/\"},{\"@type\":\"ListItem\",\"position\":2,\"name\":\"Ber\u00e4tta din \u00e5sikt om ekonomgemenskapen och vinn ett presentkort p\u00e5 100\u20ac!\"}]},{\"@type\":\"WebSite\",\"@id\":\"https:\\\/\\\/www.ekonomit.fi\\\/sv\\\/#website\",\"url\":\"https:\\\/\\\/www.ekonomit.fi\\\/sv\\\/\",\"name\":\"Suomen Ekonomit\",\"description\":\"\",\"publisher\":{\"@id\":\"https:\\\/\\\/www.ekonomit.fi\\\/sv\\\/#organization\"},\"potentialAction\":[{\"@type\":\"SearchAction\",\"target\":{\"@type\":\"EntryPoint\",\"urlTemplate\":\"https:\\\/\\\/www.ekonomit.fi\\\/sv\\\/?s={search_term_string}\"},\"query-input\":{\"@type\":\"PropertyValueSpecification\",\"valueRequired\":true,\"valueName\":\"search_term_string\"}}],\"inLanguage\":\"sv-SE\"},{\"@type\":\"Organization\",\"@id\":\"https:\\\/\\\/www.ekonomit.fi\\\/sv\\\/#organization\",\"name\":\"Suomen Ekonomit\",\"url\":\"https:\\\/\\\/www.ekonomit.fi\\\/sv\\\/\",\"logo\":{\"@type\":\"ImageObject\",\"inLanguage\":\"sv-SE\",\"@id\":\"https:\\\/\\\/www.ekonomit.fi\\\/sv\\\/#\\\/schema\\\/logo\\\/image\\\/\",\"url\":\"https:\\\/\\\/www.ekonomit.fi\\\/wp-content\\\/uploads\\\/2020\\\/05\\\/ekonomit-mer-nega.png\",\"contentUrl\":\"https:\\\/\\\/www.ekonomit.fi\\\/wp-content\\\/uploads\\\/2020\\\/05\\\/ekonomit-mer-nega.png\",\"width\":870,\"height\":307,\"caption\":\"Suomen Ekonomit\"},\"image\":{\"@id\":\"https:\\\/\\\/www.ekonomit.fi\\\/sv\\\/#\\\/schema\\\/logo\\\/image\\\/\"}},{\"@type\":\"Person\",\"@id\":\"https:\\\/\\\/www.ekonomit.fi\\\/sv\\\/#\\\/schema\\\/person\\\/554e98e5e34c51fcdc89c46badffadbf\",\"name\":\"idalevanen\",\"image\":{\"@type\":\"ImageObject\",\"inLanguage\":\"sv-SE\",\"@id\":\"https:\\\/\\\/www.ekonomit.fi\\\/wp-content\\\/litespeed\\\/avatar\\\/632fbac5f499bf8a7bd6f3297b3dffdb.jpg?ver=1776760890\",\"url\":\"https:\\\/\\\/www.ekonomit.fi\\\/wp-content\\\/litespeed\\\/avatar\\\/632fbac5f499bf8a7bd6f3297b3dffdb.jpg?ver=1776760890\",\"contentUrl\":\"https:\\\/\\\/www.ekonomit.fi\\\/wp-content\\\/litespeed\\\/avatar\\\/632fbac5f499bf8a7bd6f3297b3dffdb.jpg?ver=1776760890\",\"caption\":\"idalevanen\"}}]}<\/script>\n<!-- \/ Yoast SEO plugin. -->","yoast_head_json":{"title":"Ber\u00e4tta din \u00e5sikt om ekonomgemenskapen och vinn ett presentkort p\u00e5 100\u20ac! - Suomen Ekonomit","robots":{"index":"index","follow":"follow","max-snippet":"max-snippet:-1","max-image-preview":"max-image-preview:large","max-video-preview":"max-video-preview:-1"},"canonical":"https:\/\/www.ekonomit.fi\/sv\/gemenskap\/jasentutkimus-2023-kerro-nakemyksesi-ekonomiyhteisosta-ja-voit-voittaa-100-e-superlahjakortin\/","og_locale":"sv_SE","og_type":"article","og_title":"Ber\u00e4tta din \u00e5sikt om ekonomgemenskapen och vinn ett presentkort p\u00e5 100\u20ac! - Suomen Ekonomit","og_description":"B\u00e4sta medlem, hur vill du att v\u00e5r ekonomgemenskap ser ut? Svara p\u00e5 v\u00e5r medlemsunders\u00f6kning, s\u00e5 att vi kan erbjuda dig tj\u00e4nster, f\u00f6rm\u00e5ner och intressebevakning, som motsvarar just dina behov.","og_url":"https:\/\/www.ekonomit.fi\/sv\/gemenskap\/jasentutkimus-2023-kerro-nakemyksesi-ekonomiyhteisosta-ja-voit-voittaa-100-e-superlahjakortin\/","og_site_name":"Suomen Ekonomit","article_published_time":"2023-02-16T14:03:49+00:00","article_modified_time":"2023-02-16T14:12:09+00:00","og_image":[{"width":1610,"height":1078,"url":"https:\/\/www.ekonomit.fi\/wp-content\/uploads\/2023\/02\/Kopio-Ekonomit_gettyimages-918086800.jpg.jpg","type":"image\/jpeg"}],"author":"idalevanen","twitter_card":"summary_large_image","twitter_misc":{"Skriven av":"idalevanen","Ber\u00e4knad l\u00e4stid":"1 minut"},"schema":{"@context":"https:\/\/schema.org","@graph":[{"@type":"Article","@id":"https:\/\/www.ekonomit.fi\/sv\/gemenskap\/jasentutkimus-2023-kerro-nakemyksesi-ekonomiyhteisosta-ja-voit-voittaa-100-e-superlahjakortin\/#article","isPartOf":{"@id":"https:\/\/www.ekonomit.fi\/sv\/gemenskap\/jasentutkimus-2023-kerro-nakemyksesi-ekonomiyhteisosta-ja-voit-voittaa-100-e-superlahjakortin\/"},"author":{"name":"idalevanen","@id":"https:\/\/www.ekonomit.fi\/sv\/#\/schema\/person\/554e98e5e34c51fcdc89c46badffadbf"},"headline":"Ber\u00e4tta din \u00e5sikt om ekonomgemenskapen och vinn ett presentkort p\u00e5 100\u20ac!","datePublished":"2023-02-16T14:03:49+00:00","dateModified":"2023-02-16T14:12:09+00:00","mainEntityOfPage":{"@id":"https:\/\/www.ekonomit.fi\/sv\/gemenskap\/jasentutkimus-2023-kerro-nakemyksesi-ekonomiyhteisosta-ja-voit-voittaa-100-e-superlahjakortin\/"},"wordCount":82,"publisher":{"@id":"https:\/\/www.ekonomit.fi\/sv\/#organization"},"image":{"@id":"https:\/\/www.ekonomit.fi\/sv\/gemenskap\/jasentutkimus-2023-kerro-nakemyksesi-ekonomiyhteisosta-ja-voit-voittaa-100-e-superlahjakortin\/#primaryimage"},"thumbnailUrl":"https:\/\/www.ekonomit.fi\/wp-content\/uploads\/2023\/02\/Kopio-Ekonomit_gettyimages-918086800.jpg.jpg","articleSection":["Gemenskap"],"inLanguage":"sv-SE"},{"@type":"WebPage","@id":"https:\/\/www.ekonomit.fi\/sv\/gemenskap\/jasentutkimus-2023-kerro-nakemyksesi-ekonomiyhteisosta-ja-voit-voittaa-100-e-superlahjakortin\/","url":"https:\/\/www.ekonomit.fi\/sv\/gemenskap\/jasentutkimus-2023-kerro-nakemyksesi-ekonomiyhteisosta-ja-voit-voittaa-100-e-superlahjakortin\/","name":"Ber\u00e4tta din \u00e5sikt om ekonomgemenskapen och vinn ett presentkort p\u00e5 100\u20ac! - Suomen Ekonomit","isPartOf":{"@id":"https:\/\/www.ekonomit.fi\/sv\/#website"},"primaryImageOfPage":{"@id":"https:\/\/www.ekonomit.fi\/sv\/gemenskap\/jasentutkimus-2023-kerro-nakemyksesi-ekonomiyhteisosta-ja-voit-voittaa-100-e-superlahjakortin\/#primaryimage"},"image":{"@id":"https:\/\/www.ekonomit.fi\/sv\/gemenskap\/jasentutkimus-2023-kerro-nakemyksesi-ekonomiyhteisosta-ja-voit-voittaa-100-e-superlahjakortin\/#primaryimage"},"thumbnailUrl":"https:\/\/www.ekonomit.fi\/wp-content\/uploads\/2023\/02\/Kopio-Ekonomit_gettyimages-918086800.jpg.jpg","datePublished":"2023-02-16T14:03:49+00:00","dateModified":"2023-02-16T14:12:09+00:00","breadcrumb":{"@id":"https:\/\/www.ekonomit.fi\/sv\/gemenskap\/jasentutkimus-2023-kerro-nakemyksesi-ekonomiyhteisosta-ja-voit-voittaa-100-e-superlahjakortin\/#breadcrumb"},"inLanguage":"sv-SE","potentialAction":[{"@type":"ReadAction","target":["https:\/\/www.ekonomit.fi\/sv\/gemenskap\/jasentutkimus-2023-kerro-nakemyksesi-ekonomiyhteisosta-ja-voit-voittaa-100-e-superlahjakortin\/"]}]},{"@type":"ImageObject","inLanguage":"sv-SE","@id":"https:\/\/www.ekonomit.fi\/sv\/gemenskap\/jasentutkimus-2023-kerro-nakemyksesi-ekonomiyhteisosta-ja-voit-voittaa-100-e-superlahjakortin\/#primaryimage","url":"https:\/\/www.ekonomit.fi\/wp-content\/uploads\/2023\/02\/Kopio-Ekonomit_gettyimages-918086800.jpg.jpg","contentUrl":"https:\/\/www.ekonomit.fi\/wp-content\/uploads\/2023\/02\/Kopio-Ekonomit_gettyimages-918086800.jpg.jpg","width":1610,"height":1078},{"@type":"BreadcrumbList","@id":"https:\/\/www.ekonomit.fi\/sv\/gemenskap\/jasentutkimus-2023-kerro-nakemyksesi-ekonomiyhteisosta-ja-voit-voittaa-100-e-superlahjakortin\/#breadcrumb","itemListElement":[{"@type":"ListItem","position":1,"name":"Home","item":"https:\/\/www.ekonomit.fi\/sv\/"},{"@type":"ListItem","position":2,"name":"Ber\u00e4tta din \u00e5sikt om ekonomgemenskapen och vinn ett presentkort p\u00e5 100\u20ac!"}]},{"@type":"WebSite","@id":"https:\/\/www.ekonomit.fi\/sv\/#website","url":"https:\/\/www.ekonomit.fi\/sv\/","name":"Suomen Ekonomit","description":"","publisher":{"@id":"https:\/\/www.ekonomit.fi\/sv\/#organization"},"potentialAction":[{"@type":"SearchAction","target":{"@type":"EntryPoint","urlTemplate":"https:\/\/www.ekonomit.fi\/sv\/?s={search_term_string}"},"query-input":{"@type":"PropertyValueSpecification","valueRequired":true,"valueName":"search_term_string"}}],"inLanguage":"sv-SE"},{"@type":"Organization","@id":"https:\/\/www.ekonomit.fi\/sv\/#organization","name":"Suomen Ekonomit","url":"https:\/\/www.ekonomit.fi\/sv\/","logo":{"@type":"ImageObject","inLanguage":"sv-SE","@id":"https:\/\/www.ekonomit.fi\/sv\/#\/schema\/logo\/image\/","url":"https:\/\/www.ekonomit.fi\/wp-content\/uploads\/2020\/05\/ekonomit-mer-nega.png","contentUrl":"https:\/\/www.ekonomit.fi\/wp-content\/uploads\/2020\/05\/ekonomit-mer-nega.png","width":870,"height":307,"caption":"Suomen Ekonomit"},"image":{"@id":"https:\/\/www.ekonomit.fi\/sv\/#\/schema\/logo\/image\/"}},{"@type":"Person","@id":"https:\/\/www.ekonomit.fi\/sv\/#\/schema\/person\/554e98e5e34c51fcdc89c46badffadbf","name":"idalevanen","image":{"@type":"ImageObject","inLanguage":"sv-SE","@id":"https:\/\/www.ekonomit.fi\/wp-content\/litespeed\/avatar\/632fbac5f499bf8a7bd6f3297b3dffdb.jpg?ver=1776760890","url":"https:\/\/www.ekonomit.fi\/wp-content\/litespeed\/avatar\/632fbac5f499bf8a7bd6f3297b3dffdb.jpg?ver=1776760890","contentUrl":"https:\/\/www.ekonomit.fi\/wp-content\/litespeed\/avatar\/632fbac5f499bf8a7bd6f3297b3dffdb.jpg?ver=1776760890","caption":"idalevanen"}}]}},"author_meta":{"display_name":"idalevanen","author_link":"https:\/\/www.ekonomit.fi\/sv\/author\/idalevanen\/"},"featured_img":"https:\/\/www.ekonomit.fi\/wp-content\/uploads\/2023\/02\/Kopio-Ekonomit_gettyimages-918086800.jpg-300x201.jpg","jetpack_featured_media_url":"https:\/\/www.ekonomit.fi\/wp-content\/uploads\/2023\/02\/Kopio-Ekonomit_gettyimages-918086800.jpg.jpg","coauthors":[],"tax_additional":{"categories":{"linked":["<a href=\"https:\/\/www.ekonomit.fi\/sv\/category\/gemenskap\/\" class=\"advgb-post-tax-term\">Gemenskap<\/a>"],"unlinked":["<span class=\"advgb-post-tax-term\">Gemenskap<\/span>"]}},"comment_count":0,"relative_dates":{"created":"Publicerad 3 \u00e5r sedan","modified":"Uppdaterad 3 \u00e5r sedan"},"absolute_dates":{"created":"Publicerat den 16 februari 2023","modified":"Uppdaterad den 16 februari 2023"},"absolute_dates_time":{"created":"Publicerat den 16 februari 2023 16:03","modified":"Uppdaterad den 16 februari 2023 16:12"},"featured_img_caption":"","series_order":"","jetpack_sharing_enabled":true,"_links":{"self":[{"href":"https:\/\/www.ekonomit.fi\/sv\/wp-json\/wp\/v2\/posts\/34913","targetHints":{"allow":["GET"]}}],"collection":[{"href":"https:\/\/www.ekonomit.fi\/sv\/wp-json\/wp\/v2\/posts"}],"about":[{"href":"https:\/\/www.ekonomit.fi\/sv\/wp-json\/wp\/v2\/types\/post"}],"author":[{"embeddable":true,"href":"https:\/\/www.ekonomit.fi\/sv\/wp-json\/wp\/v2\/users\/4"}],"replies":[{"embeddable":true,"href":"https:\/\/www.ekonomit.fi\/sv\/wp-json\/wp\/v2\/comments?post=34913"}],"version-history":[{"count":10,"href":"https:\/\/www.ekonomit.fi\/sv\/wp-json\/wp\/v2\/posts\/34913\/revisions"}],"predecessor-version":[{"id":34933,"href":"https:\/\/www.ekonomit.fi\/sv\/wp-json\/wp\/v2\/posts\/34913\/revisions\/34933"}],"wp:featuredmedia":[{"embeddable":true,"href":"https:\/\/www.ekonomit.fi\/sv\/wp-json\/wp\/v2\/media\/34906"}],"wp:attachment":[{"href":"https:\/\/www.ekonomit.fi\/sv\/wp-json\/wp\/v2\/media?parent=34913"}],"wp:term":[{"taxonomy":"category","embeddable":true,"href":"https:\/\/www.ekonomit.fi\/sv\/wp-json\/wp\/v2\/categories?post=34913"},{"taxonomy":"post_tag","embeddable":true,"href":"https:\/\/www.ekonomit.fi\/sv\/wp-json\/wp\/v2\/tags?post=34913"}],"curies":[{"name":"wp","href":"https:\/\/api.w.org\/{rel}","templated":true}]}}