{"id":36686,"date":"2023-06-21T11:59:15","date_gmt":"2023-06-21T08:59:15","guid":{"rendered":"https:\/\/www.ekonomit.fi\/?p=36686"},"modified":"2023-08-01T10:08:09","modified_gmt":"2023-08-01T07:08:09","slug":"ansokan-till-ekonomers-styrelse-borjar-1-8","status":"publish","type":"post","link":"https:\/\/www.ekonomit.fi\/sv\/aktuellt\/ansokan-till-ekonomers-styrelse-borjar-1-8\/","title":{"rendered":"Ans\u00f6kan till Ekonomers styrelse b\u00f6rjar 1.8"},"content":{"rendered":"\n<figure class=\"wp-block-image size-large\"><img decoding=\"async\" width=\"1024\" height=\"686\" src=\"https:\/\/www.ekonomit.fi\/wp-content\/uploads\/2023\/06\/Ekonomit_GettyImages-607477435_1610x1078px-1024x686.jpg\" alt=\"Kuvituskuva\" class=\"wp-image-36570\" srcset=\"https:\/\/www.ekonomit.fi\/wp-content\/uploads\/2023\/06\/Ekonomit_GettyImages-607477435_1610x1078px-1024x686.jpg 1024w, https:\/\/www.ekonomit.fi\/wp-content\/uploads\/2023\/06\/Ekonomit_GettyImages-607477435_1610x1078px-300x201.jpg 300w, https:\/\/www.ekonomit.fi\/wp-content\/uploads\/2023\/06\/Ekonomit_GettyImages-607477435_1610x1078px-768x514.jpg 768w, https:\/\/www.ekonomit.fi\/wp-content\/uploads\/2023\/06\/Ekonomit_GettyImages-607477435_1610x1078px-1536x1028.jpg 1536w, https:\/\/www.ekonomit.fi\/wp-content\/uploads\/2023\/06\/Ekonomit_GettyImages-607477435_1610x1078px-1600x1071.jpg 1600w, https:\/\/www.ekonomit.fi\/wp-content\/uploads\/2023\/06\/Ekonomit_GettyImages-607477435_1610x1078px.jpg 1610w\" sizes=\"(max-width: 1024px) 100vw, 1024px\" \/><\/figure>\n\n\n\n<p>Finlands Ekonomer har en omfattande organisation med m\u00e5nga olika organ. Det h\u00f6gsta beslutande organet \u00e4r f\u00f6rbundsm\u00f6tet. F\u00f6rbundets r\u00f6stber\u00e4ttigade medlemmar \u00e4r ekonomf\u00f6reningarna och studerandef\u00f6reningarna. F\u00f6rbundsm\u00f6tet v\u00e4ljer Finlands Ekonomers styrelse f\u00f6r tre \u00e5r \u00e5t g\u00e5ngen. M\u00e5nga olika kommitt\u00e9er, arbetsgrupper och n\u00e4tverk \u00e4r underst\u00e4llda styrelsen.<\/p>\n\n\n\n<p>Styrelsen utg\u00f6rs av en ordf\u00f6rande och tv\u00e5 vice ordf\u00f6randena samt minst sex och h\u00f6gst nio \u00f6vriga medlemmar. Minst en medlem ska representera studerandena. En av ordf\u00f6randena ska representera svenskspr\u00e5kiga ekonomf\u00f6reningar. Alla styrelsemedlemmar m\u00e5ste vara medlemmar i en medlemsf\u00f6rening.<\/p>\n\n\n\n<p>Om du vill st\u00e4lla upp som kandidat till Finlands Ekonomers styrelse ska du fylla i den elektroniska ans\u00f6kningsblanketten j\u00e4mte CV-uppgifter.<\/p>\n\n\n\n<p><strong>Ans\u00f6kningstid 1.8\u2013 31.8.2023.<\/strong><\/p>\n\n\n\n<div class=\"wp-block-buttons is-layout-flex wp-block-buttons-is-layout-flex\">\n<div class=\"wp-block-button\"><a class=\"wp-block-button__link wp-element-button\" href=\"https:\/\/elounge.ekonomit.fi\/pages\/palvelut\/suomen-ekonomien-hallitushaku\" target=\"_blank\" rel=\"noreferrer noopener\">L\u00c4S MER<\/a><\/div>\n<\/div>\n<div class=\"rns\" data-title=\"Ans\u00f6kan till Ekonomers styrelse b\u00f6rjar 1.8\" data-tags=\"\" data-categories=\"Aktuellt,Gemenskap\" data-comments=\"0\" data-date=\"1687348755000\" data-author=\"heidihaapalainen\" data-single=\"\" data-url=\"https:\/\/www.ekonomit.fi\/sv\/aktuellt\/ansokan-till-ekonomers-styrelse-borjar-1-8\/\"><\/div> <!-- Check out https:\/\/reactandshare.com -->","protected":false},"excerpt":{"rendered":"<p>Hej medlem! \u00c4r du intresserad av att vara med i Ekonomernas styrelse? Vi s\u00f6ker aktiva personer i olika \u00e5ldrar f\u00f6r styrelseperioden 2024\u20132026. Ans\u00f6kningstiden p\u00e5g\u00e5r 1\u201331.8.2023.<\/p>\n","protected":false},"author":3,"featured_media":36570,"comment_status":"closed","ping_status":"closed","sticky":false,"template":"","format":"standard","meta":{"_acf_changed":false,"inline_featured_image":false,"advgb_blocks_editor_width":"","advgb_blocks_columns_visual_guide":"","_jetpack_memberships_contains_paid_content":false,"footnotes":""},"categories":[110,109],"tags":[],"class_list":["post-36686","post","type-post","status-publish","format-standard","has-post-thumbnail","hentry","category-aktuellt","category-gemenskap"],"acf":[],"yoast_head":"<!-- This site is optimized with the Yoast SEO plugin v27.5 - https:\/\/yoast.com\/product\/yoast-seo-wordpress\/ -->\n<title>Ans\u00f6kan till Ekonomers styrelse b\u00f6rjar 1.8 - Suomen Ekonomit<\/title>\n<meta name=\"robots\" content=\"index, follow, max-snippet:-1, max-image-preview:large, max-video-preview:-1\" \/>\n<link rel=\"canonical\" href=\"https:\/\/www.ekonomit.fi\/sv\/aktuellt\/ansokan-till-ekonomers-styrelse-borjar-1-8\/\" \/>\n<meta property=\"og:locale\" content=\"sv_SE\" \/>\n<meta property=\"og:type\" content=\"article\" \/>\n<meta property=\"og:title\" content=\"Ans\u00f6kan till Ekonomers styrelse b\u00f6rjar 1.8 - Suomen Ekonomit\" \/>\n<meta property=\"og:description\" content=\"Hej medlem! \u00c4r du intresserad av att vara med i Ekonomernas styrelse? Vi s\u00f6ker aktiva personer i olika \u00e5ldrar f\u00f6r styrelseperioden 2024\u20132026. Ans\u00f6kningstiden p\u00e5g\u00e5r 1\u201331.8.2023.\" \/>\n<meta property=\"og:url\" content=\"https:\/\/www.ekonomit.fi\/sv\/aktuellt\/ansokan-till-ekonomers-styrelse-borjar-1-8\/\" \/>\n<meta property=\"og:site_name\" content=\"Suomen Ekonomit\" \/>\n<meta property=\"article:published_time\" content=\"2023-06-21T08:59:15+00:00\" \/>\n<meta property=\"article:modified_time\" content=\"2023-08-01T07:08:09+00:00\" \/>\n<meta property=\"og:image\" content=\"https:\/\/www.ekonomit.fi\/wp-content\/uploads\/2023\/06\/Ekonomit_GettyImages-607477435_1610x1078px.jpg\" \/>\n\t<meta property=\"og:image:width\" content=\"1610\" \/>\n\t<meta property=\"og:image:height\" content=\"1078\" \/>\n\t<meta property=\"og:image:type\" content=\"image\/jpeg\" \/>\n<meta name=\"author\" content=\"heidihaapalainen\" \/>\n<meta name=\"twitter:card\" content=\"summary_large_image\" \/>\n<meta name=\"twitter:label1\" content=\"Skriven av\" \/>\n\t<meta name=\"twitter:data1\" content=\"heidihaapalainen\" \/>\n\t<meta name=\"twitter:label2\" content=\"Ber\u00e4knad l\u00e4stid\" \/>\n\t<meta name=\"twitter:data2\" content=\"1 minut\" \/>\n<script type=\"application\/ld+json\" class=\"yoast-schema-graph\">{\"@context\":\"https:\\\/\\\/schema.org\",\"@graph\":[{\"@type\":\"Article\",\"@id\":\"https:\\\/\\\/www.ekonomit.fi\\\/sv\\\/aktuellt\\\/ansokan-till-ekonomers-styrelse-borjar-1-8\\\/#article\",\"isPartOf\":{\"@id\":\"https:\\\/\\\/www.ekonomit.fi\\\/sv\\\/aktuellt\\\/ansokan-till-ekonomers-styrelse-borjar-1-8\\\/\"},\"author\":{\"name\":\"heidihaapalainen\",\"@id\":\"https:\\\/\\\/www.ekonomit.fi\\\/sv\\\/#\\\/schema\\\/person\\\/1fbd84fd17a8f0f947f8beab7b23949b\"},\"headline\":\"Ans\u00f6kan till Ekonomers styrelse b\u00f6rjar 1.8\",\"datePublished\":\"2023-06-21T08:59:15+00:00\",\"dateModified\":\"2023-08-01T07:08:09+00:00\",\"mainEntityOfPage\":{\"@id\":\"https:\\\/\\\/www.ekonomit.fi\\\/sv\\\/aktuellt\\\/ansokan-till-ekonomers-styrelse-borjar-1-8\\\/\"},\"wordCount\":142,\"publisher\":{\"@id\":\"https:\\\/\\\/www.ekonomit.fi\\\/sv\\\/#organization\"},\"image\":{\"@id\":\"https:\\\/\\\/www.ekonomit.fi\\\/sv\\\/aktuellt\\\/ansokan-till-ekonomers-styrelse-borjar-1-8\\\/#primaryimage\"},\"thumbnailUrl\":\"https:\\\/\\\/www.ekonomit.fi\\\/wp-content\\\/uploads\\\/2023\\\/06\\\/Ekonomit_GettyImages-607477435_1610x1078px.jpg\",\"articleSection\":[\"Aktuellt\",\"Gemenskap\"],\"inLanguage\":\"sv-SE\"},{\"@type\":\"WebPage\",\"@id\":\"https:\\\/\\\/www.ekonomit.fi\\\/sv\\\/aktuellt\\\/ansokan-till-ekonomers-styrelse-borjar-1-8\\\/\",\"url\":\"https:\\\/\\\/www.ekonomit.fi\\\/sv\\\/aktuellt\\\/ansokan-till-ekonomers-styrelse-borjar-1-8\\\/\",\"name\":\"Ans\u00f6kan till Ekonomers styrelse b\u00f6rjar 1.8 - Suomen Ekonomit\",\"isPartOf\":{\"@id\":\"https:\\\/\\\/www.ekonomit.fi\\\/sv\\\/#website\"},\"primaryImageOfPage\":{\"@id\":\"https:\\\/\\\/www.ekonomit.fi\\\/sv\\\/aktuellt\\\/ansokan-till-ekonomers-styrelse-borjar-1-8\\\/#primaryimage\"},\"image\":{\"@id\":\"https:\\\/\\\/www.ekonomit.fi\\\/sv\\\/aktuellt\\\/ansokan-till-ekonomers-styrelse-borjar-1-8\\\/#primaryimage\"},\"thumbnailUrl\":\"https:\\\/\\\/www.ekonomit.fi\\\/wp-content\\\/uploads\\\/2023\\\/06\\\/Ekonomit_GettyImages-607477435_1610x1078px.jpg\",\"datePublished\":\"2023-06-21T08:59:15+00:00\",\"dateModified\":\"2023-08-01T07:08:09+00:00\",\"breadcrumb\":{\"@id\":\"https:\\\/\\\/www.ekonomit.fi\\\/sv\\\/aktuellt\\\/ansokan-till-ekonomers-styrelse-borjar-1-8\\\/#breadcrumb\"},\"inLanguage\":\"sv-SE\",\"potentialAction\":[{\"@type\":\"ReadAction\",\"target\":[\"https:\\\/\\\/www.ekonomit.fi\\\/sv\\\/aktuellt\\\/ansokan-till-ekonomers-styrelse-borjar-1-8\\\/\"]}]},{\"@type\":\"ImageObject\",\"inLanguage\":\"sv-SE\",\"@id\":\"https:\\\/\\\/www.ekonomit.fi\\\/sv\\\/aktuellt\\\/ansokan-till-ekonomers-styrelse-borjar-1-8\\\/#primaryimage\",\"url\":\"https:\\\/\\\/www.ekonomit.fi\\\/wp-content\\\/uploads\\\/2023\\\/06\\\/Ekonomit_GettyImages-607477435_1610x1078px.jpg\",\"contentUrl\":\"https:\\\/\\\/www.ekonomit.fi\\\/wp-content\\\/uploads\\\/2023\\\/06\\\/Ekonomit_GettyImages-607477435_1610x1078px.jpg\",\"width\":1610,\"height\":1078,\"caption\":\"Kuvituskuva\"},{\"@type\":\"BreadcrumbList\",\"@id\":\"https:\\\/\\\/www.ekonomit.fi\\\/sv\\\/aktuellt\\\/ansokan-till-ekonomers-styrelse-borjar-1-8\\\/#breadcrumb\",\"itemListElement\":[{\"@type\":\"ListItem\",\"position\":1,\"name\":\"Home\",\"item\":\"https:\\\/\\\/www.ekonomit.fi\\\/sv\\\/\"},{\"@type\":\"ListItem\",\"position\":2,\"name\":\"Ans\u00f6kan till Ekonomers styrelse b\u00f6rjar 1.8\"}]},{\"@type\":\"WebSite\",\"@id\":\"https:\\\/\\\/www.ekonomit.fi\\\/sv\\\/#website\",\"url\":\"https:\\\/\\\/www.ekonomit.fi\\\/sv\\\/\",\"name\":\"Suomen Ekonomit\",\"description\":\"\",\"publisher\":{\"@id\":\"https:\\\/\\\/www.ekonomit.fi\\\/sv\\\/#organization\"},\"potentialAction\":[{\"@type\":\"SearchAction\",\"target\":{\"@type\":\"EntryPoint\",\"urlTemplate\":\"https:\\\/\\\/www.ekonomit.fi\\\/sv\\\/?s={search_term_string}\"},\"query-input\":{\"@type\":\"PropertyValueSpecification\",\"valueRequired\":true,\"valueName\":\"search_term_string\"}}],\"inLanguage\":\"sv-SE\"},{\"@type\":\"Organization\",\"@id\":\"https:\\\/\\\/www.ekonomit.fi\\\/sv\\\/#organization\",\"name\":\"Suomen Ekonomit\",\"url\":\"https:\\\/\\\/www.ekonomit.fi\\\/sv\\\/\",\"logo\":{\"@type\":\"ImageObject\",\"inLanguage\":\"sv-SE\",\"@id\":\"https:\\\/\\\/www.ekonomit.fi\\\/sv\\\/#\\\/schema\\\/logo\\\/image\\\/\",\"url\":\"https:\\\/\\\/www.ekonomit.fi\\\/wp-content\\\/uploads\\\/2020\\\/05\\\/ekonomit-mer-nega.png\",\"contentUrl\":\"https:\\\/\\\/www.ekonomit.fi\\\/wp-content\\\/uploads\\\/2020\\\/05\\\/ekonomit-mer-nega.png\",\"width\":870,\"height\":307,\"caption\":\"Suomen Ekonomit\"},\"image\":{\"@id\":\"https:\\\/\\\/www.ekonomit.fi\\\/sv\\\/#\\\/schema\\\/logo\\\/image\\\/\"}},{\"@type\":\"Person\",\"@id\":\"https:\\\/\\\/www.ekonomit.fi\\\/sv\\\/#\\\/schema\\\/person\\\/1fbd84fd17a8f0f947f8beab7b23949b\",\"name\":\"heidihaapalainen\",\"image\":{\"@type\":\"ImageObject\",\"inLanguage\":\"sv-SE\",\"@id\":\"https:\\\/\\\/www.ekonomit.fi\\\/wp-content\\\/litespeed\\\/avatar\\\/6dfbd5e6c01a5a4b70a51b4d45a75a45.jpg?ver=1777364979\",\"url\":\"https:\\\/\\\/www.ekonomit.fi\\\/wp-content\\\/litespeed\\\/avatar\\\/6dfbd5e6c01a5a4b70a51b4d45a75a45.jpg?ver=1777364979\",\"contentUrl\":\"https:\\\/\\\/www.ekonomit.fi\\\/wp-content\\\/litespeed\\\/avatar\\\/6dfbd5e6c01a5a4b70a51b4d45a75a45.jpg?ver=1777364979\",\"caption\":\"heidihaapalainen\"}}]}<\/script>\n<!-- \/ Yoast SEO plugin. -->","yoast_head_json":{"title":"Ans\u00f6kan till Ekonomers styrelse b\u00f6rjar 1.8 - Suomen Ekonomit","robots":{"index":"index","follow":"follow","max-snippet":"max-snippet:-1","max-image-preview":"max-image-preview:large","max-video-preview":"max-video-preview:-1"},"canonical":"https:\/\/www.ekonomit.fi\/sv\/aktuellt\/ansokan-till-ekonomers-styrelse-borjar-1-8\/","og_locale":"sv_SE","og_type":"article","og_title":"Ans\u00f6kan till Ekonomers styrelse b\u00f6rjar 1.8 - Suomen Ekonomit","og_description":"Hej medlem! \u00c4r du intresserad av att vara med i Ekonomernas styrelse? Vi s\u00f6ker aktiva personer i olika \u00e5ldrar f\u00f6r styrelseperioden 2024\u20132026. Ans\u00f6kningstiden p\u00e5g\u00e5r 1\u201331.8.2023.","og_url":"https:\/\/www.ekonomit.fi\/sv\/aktuellt\/ansokan-till-ekonomers-styrelse-borjar-1-8\/","og_site_name":"Suomen Ekonomit","article_published_time":"2023-06-21T08:59:15+00:00","article_modified_time":"2023-08-01T07:08:09+00:00","og_image":[{"width":1610,"height":1078,"url":"https:\/\/www.ekonomit.fi\/wp-content\/uploads\/2023\/06\/Ekonomit_GettyImages-607477435_1610x1078px.jpg","type":"image\/jpeg"}],"author":"heidihaapalainen","twitter_card":"summary_large_image","twitter_misc":{"Skriven av":"heidihaapalainen","Ber\u00e4knad l\u00e4stid":"1 minut"},"schema":{"@context":"https:\/\/schema.org","@graph":[{"@type":"Article","@id":"https:\/\/www.ekonomit.fi\/sv\/aktuellt\/ansokan-till-ekonomers-styrelse-borjar-1-8\/#article","isPartOf":{"@id":"https:\/\/www.ekonomit.fi\/sv\/aktuellt\/ansokan-till-ekonomers-styrelse-borjar-1-8\/"},"author":{"name":"heidihaapalainen","@id":"https:\/\/www.ekonomit.fi\/sv\/#\/schema\/person\/1fbd84fd17a8f0f947f8beab7b23949b"},"headline":"Ans\u00f6kan till Ekonomers styrelse b\u00f6rjar 1.8","datePublished":"2023-06-21T08:59:15+00:00","dateModified":"2023-08-01T07:08:09+00:00","mainEntityOfPage":{"@id":"https:\/\/www.ekonomit.fi\/sv\/aktuellt\/ansokan-till-ekonomers-styrelse-borjar-1-8\/"},"wordCount":142,"publisher":{"@id":"https:\/\/www.ekonomit.fi\/sv\/#organization"},"image":{"@id":"https:\/\/www.ekonomit.fi\/sv\/aktuellt\/ansokan-till-ekonomers-styrelse-borjar-1-8\/#primaryimage"},"thumbnailUrl":"https:\/\/www.ekonomit.fi\/wp-content\/uploads\/2023\/06\/Ekonomit_GettyImages-607477435_1610x1078px.jpg","articleSection":["Aktuellt","Gemenskap"],"inLanguage":"sv-SE"},{"@type":"WebPage","@id":"https:\/\/www.ekonomit.fi\/sv\/aktuellt\/ansokan-till-ekonomers-styrelse-borjar-1-8\/","url":"https:\/\/www.ekonomit.fi\/sv\/aktuellt\/ansokan-till-ekonomers-styrelse-borjar-1-8\/","name":"Ans\u00f6kan till Ekonomers styrelse b\u00f6rjar 1.8 - Suomen Ekonomit","isPartOf":{"@id":"https:\/\/www.ekonomit.fi\/sv\/#website"},"primaryImageOfPage":{"@id":"https:\/\/www.ekonomit.fi\/sv\/aktuellt\/ansokan-till-ekonomers-styrelse-borjar-1-8\/#primaryimage"},"image":{"@id":"https:\/\/www.ekonomit.fi\/sv\/aktuellt\/ansokan-till-ekonomers-styrelse-borjar-1-8\/#primaryimage"},"thumbnailUrl":"https:\/\/www.ekonomit.fi\/wp-content\/uploads\/2023\/06\/Ekonomit_GettyImages-607477435_1610x1078px.jpg","datePublished":"2023-06-21T08:59:15+00:00","dateModified":"2023-08-01T07:08:09+00:00","breadcrumb":{"@id":"https:\/\/www.ekonomit.fi\/sv\/aktuellt\/ansokan-till-ekonomers-styrelse-borjar-1-8\/#breadcrumb"},"inLanguage":"sv-SE","potentialAction":[{"@type":"ReadAction","target":["https:\/\/www.ekonomit.fi\/sv\/aktuellt\/ansokan-till-ekonomers-styrelse-borjar-1-8\/"]}]},{"@type":"ImageObject","inLanguage":"sv-SE","@id":"https:\/\/www.ekonomit.fi\/sv\/aktuellt\/ansokan-till-ekonomers-styrelse-borjar-1-8\/#primaryimage","url":"https:\/\/www.ekonomit.fi\/wp-content\/uploads\/2023\/06\/Ekonomit_GettyImages-607477435_1610x1078px.jpg","contentUrl":"https:\/\/www.ekonomit.fi\/wp-content\/uploads\/2023\/06\/Ekonomit_GettyImages-607477435_1610x1078px.jpg","width":1610,"height":1078,"caption":"Kuvituskuva"},{"@type":"BreadcrumbList","@id":"https:\/\/www.ekonomit.fi\/sv\/aktuellt\/ansokan-till-ekonomers-styrelse-borjar-1-8\/#breadcrumb","itemListElement":[{"@type":"ListItem","position":1,"name":"Home","item":"https:\/\/www.ekonomit.fi\/sv\/"},{"@type":"ListItem","position":2,"name":"Ans\u00f6kan till Ekonomers styrelse b\u00f6rjar 1.8"}]},{"@type":"WebSite","@id":"https:\/\/www.ekonomit.fi\/sv\/#website","url":"https:\/\/www.ekonomit.fi\/sv\/","name":"Suomen Ekonomit","description":"","publisher":{"@id":"https:\/\/www.ekonomit.fi\/sv\/#organization"},"potentialAction":[{"@type":"SearchAction","target":{"@type":"EntryPoint","urlTemplate":"https:\/\/www.ekonomit.fi\/sv\/?s={search_term_string}"},"query-input":{"@type":"PropertyValueSpecification","valueRequired":true,"valueName":"search_term_string"}}],"inLanguage":"sv-SE"},{"@type":"Organization","@id":"https:\/\/www.ekonomit.fi\/sv\/#organization","name":"Suomen Ekonomit","url":"https:\/\/www.ekonomit.fi\/sv\/","logo":{"@type":"ImageObject","inLanguage":"sv-SE","@id":"https:\/\/www.ekonomit.fi\/sv\/#\/schema\/logo\/image\/","url":"https:\/\/www.ekonomit.fi\/wp-content\/uploads\/2020\/05\/ekonomit-mer-nega.png","contentUrl":"https:\/\/www.ekonomit.fi\/wp-content\/uploads\/2020\/05\/ekonomit-mer-nega.png","width":870,"height":307,"caption":"Suomen Ekonomit"},"image":{"@id":"https:\/\/www.ekonomit.fi\/sv\/#\/schema\/logo\/image\/"}},{"@type":"Person","@id":"https:\/\/www.ekonomit.fi\/sv\/#\/schema\/person\/1fbd84fd17a8f0f947f8beab7b23949b","name":"heidihaapalainen","image":{"@type":"ImageObject","inLanguage":"sv-SE","@id":"https:\/\/www.ekonomit.fi\/wp-content\/litespeed\/avatar\/6dfbd5e6c01a5a4b70a51b4d45a75a45.jpg?ver=1777364979","url":"https:\/\/www.ekonomit.fi\/wp-content\/litespeed\/avatar\/6dfbd5e6c01a5a4b70a51b4d45a75a45.jpg?ver=1777364979","contentUrl":"https:\/\/www.ekonomit.fi\/wp-content\/litespeed\/avatar\/6dfbd5e6c01a5a4b70a51b4d45a75a45.jpg?ver=1777364979","caption":"heidihaapalainen"}}]}},"author_meta":{"display_name":"heidihaapalainen","author_link":"https:\/\/www.ekonomit.fi\/sv\/author\/heidihaapalainen\/"},"featured_img":"https:\/\/www.ekonomit.fi\/wp-content\/uploads\/2023\/06\/Ekonomit_GettyImages-607477435_1610x1078px-300x201.jpg","jetpack_featured_media_url":"https:\/\/www.ekonomit.fi\/wp-content\/uploads\/2023\/06\/Ekonomit_GettyImages-607477435_1610x1078px.jpg","coauthors":[],"tax_additional":{"categories":{"linked":["<a href=\"https:\/\/www.ekonomit.fi\/sv\/category\/aktuellt\/\" class=\"advgb-post-tax-term\">Aktuellt<\/a>","<a href=\"https:\/\/www.ekonomit.fi\/sv\/category\/gemenskap\/\" class=\"advgb-post-tax-term\">Gemenskap<\/a>"],"unlinked":["<span class=\"advgb-post-tax-term\">Aktuellt<\/span>","<span class=\"advgb-post-tax-term\">Gemenskap<\/span>"]}},"comment_count":0,"relative_dates":{"created":"Publicerad 3 \u00e5r sedan","modified":"Uppdaterad 3 \u00e5r sedan"},"absolute_dates":{"created":"Publicerat den 21 juni 2023","modified":"Uppdaterad den 1 augusti 2023"},"absolute_dates_time":{"created":"Publicerat den 21 juni 2023 11:59","modified":"Uppdaterad den 1 augusti 2023 10:08"},"featured_img_caption":"","series_order":"","jetpack_sharing_enabled":true,"_links":{"self":[{"href":"https:\/\/www.ekonomit.fi\/sv\/wp-json\/wp\/v2\/posts\/36686","targetHints":{"allow":["GET"]}}],"collection":[{"href":"https:\/\/www.ekonomit.fi\/sv\/wp-json\/wp\/v2\/posts"}],"about":[{"href":"https:\/\/www.ekonomit.fi\/sv\/wp-json\/wp\/v2\/types\/post"}],"author":[{"embeddable":true,"href":"https:\/\/www.ekonomit.fi\/sv\/wp-json\/wp\/v2\/users\/3"}],"replies":[{"embeddable":true,"href":"https:\/\/www.ekonomit.fi\/sv\/wp-json\/wp\/v2\/comments?post=36686"}],"version-history":[{"count":3,"href":"https:\/\/www.ekonomit.fi\/sv\/wp-json\/wp\/v2\/posts\/36686\/revisions"}],"predecessor-version":[{"id":37231,"href":"https:\/\/www.ekonomit.fi\/sv\/wp-json\/wp\/v2\/posts\/36686\/revisions\/37231"}],"wp:featuredmedia":[{"embeddable":true,"href":"https:\/\/www.ekonomit.fi\/sv\/wp-json\/wp\/v2\/media\/36570"}],"wp:attachment":[{"href":"https:\/\/www.ekonomit.fi\/sv\/wp-json\/wp\/v2\/media?parent=36686"}],"wp:term":[{"taxonomy":"category","embeddable":true,"href":"https:\/\/www.ekonomit.fi\/sv\/wp-json\/wp\/v2\/categories?post=36686"},{"taxonomy":"post_tag","embeddable":true,"href":"https:\/\/www.ekonomit.fi\/sv\/wp-json\/wp\/v2\/tags?post=36686"}],"curies":[{"name":"wp","href":"https:\/\/api.w.org\/{rel}","templated":true}]}}