{"id":39938,"date":"2023-10-18T13:21:00","date_gmt":"2023-10-18T10:21:00","guid":{"rendered":"https:\/\/www.ekonomit.fi\/aktuellt\/nain-hallituksen-muutosesitykset-vaikuttavat-tyoelamaan\/"},"modified":"2023-11-08T09:06:04","modified_gmt":"2023-11-08T07:06:04","slug":"nain-hallituksen-muutosesitykset-vaikuttavat-tyoelamaan","status":"publish","type":"post","link":"https:\/\/www.ekonomit.fi\/sv\/aktuellt\/nain-hallituksen-muutosesitykset-vaikuttavat-tyoelamaan\/","title":{"rendered":"S\u00e5 p\u00e5verkas arbetslivet av regeringens f\u00f6rslag till \u00e4ndringar"},"content":{"rendered":"\n<figure class=\"wp-block-image alignwide size-large\"><img decoding=\"async\" width=\"1024\" height=\"686\" src=\"https:\/\/www.ekonomit.fi\/wp-content\/uploads\/2023\/09\/tyo_1610x1078px-1024x686.jpg\" alt=\"\" class=\"wp-image-38415\" srcset=\"https:\/\/www.ekonomit.fi\/wp-content\/uploads\/2023\/09\/tyo_1610x1078px-1024x686.jpg 1024w, https:\/\/www.ekonomit.fi\/wp-content\/uploads\/2023\/09\/tyo_1610x1078px-300x201.jpg 300w, https:\/\/www.ekonomit.fi\/wp-content\/uploads\/2023\/09\/tyo_1610x1078px-768x514.jpg 768w, https:\/\/www.ekonomit.fi\/wp-content\/uploads\/2023\/09\/tyo_1610x1078px-1600x1071.jpg 1600w, https:\/\/www.ekonomit.fi\/wp-content\/uploads\/2023\/09\/tyo_1610x1078px-1536x1028.jpg 1536w, https:\/\/www.ekonomit.fi\/wp-content\/uploads\/2023\/09\/tyo_1610x1078px.jpg 1610w\" sizes=\"(max-width: 1024px) 100vw, 1024px\" \/><\/figure>\n\n\n\n<p>Enligt regeringen \u00e4r syftet med f\u00f6r\u00e4ndringarna som ber\u00f6r arbetslivet att st\u00f6dja bland annat syssels\u00e4ttningen och konkurrenskraften.<\/p>\n\n\n\n<p>Finlands Ekonomers arbetsmarknadsdirekt\u00f6r <strong>Riku Salokannel<\/strong> h\u00e5ller helt med om att syssels\u00e4ttningsgraden m\u00e5ste h\u00f6jas och syssels\u00e4ttningen m\u00e5ste underl\u00e4ttas.<\/p>\n\n\n\n<p>\u201dDet finns flera olika metoder f\u00f6r att uppn\u00e5 m\u00e5len. Genom v\u00e5rt p\u00e5verkansarbete f\u00f6rs\u00f6ker vi f\u00e5 de b\u00e4sta m\u00f6jliga metoderna f\u00f6r v\u00e5ra medlemmar\u201d, ber\u00e4ttar Salokannel.<\/p>\n\n\n\n<p>Enligt honom \u00e4r det viktigt att hitta mer balanserade l\u00f6sningar \u00e4n de implementeringss\u00e4tt som presenteras i regeringsprogrammet.<\/p>\n\n\n\n<hr class=\"wp-block-separator has-alpha-channel-opacity\"\/>\n\n\n\n<h2 class=\"wp-block-heading\"><strong>F\u00f6rsvagat upps\u00e4gningsskydd<\/strong><\/h2>\n\n\n\n<p>Regeringsprogrammets f\u00f6rslag om f\u00f6rsvagat skydd f\u00f6r upps\u00e4gning av personrelaterade sk\u00e4l \u00e4r utmanande enligt Salokannel. I forts\u00e4ttningen kunde en arbetstagare s\u00e4gas upp enbart av sakliga sk\u00e4l.<\/p>\n\n\n\n<p>\u201dVi f\u00f6rst\u00e5r att det \u00e4r en stor risk att anst\u00e4lla arbetstagare s\u00e4rskilt i sm\u00e5 f\u00f6retag, om upps\u00e4gning \u00e4r sv\u00e5rt till exempel vid felrekrytering\u201d, medger Salokannel.<\/p>\n\n\n\n<p>Regeringen f\u00f6resl\u00e5r emellertid att upps\u00e4gningstr\u00f6skeln s\u00e4nks s\u00e5 avsev\u00e4rt att det inte kan godk\u00e4nnas. I forts\u00e4ttningen kunde till exempel en ekonom som inte kan uppn\u00e5 arbetsgivarens orealistiska resultatm\u00e5l s\u00e4gas upp.<\/p>\n\n\n\n<p>Salokannel tror att man i trepartsdialog kunde hitta en s\u00e5dan l\u00f6sning, som gjorde att man b\u00e4ttre kunde ingripa i sj\u00e4lva m\u00e5let, det vill s\u00e4ga klar underprestation eller f\u00f6rsummelse. Om regeringsprogrammets f\u00f6rslag godk\u00e4nns som s\u00e5dant, s\u00e4nker det anst\u00e4llningsskyddet avsev\u00e4rt \u00e4ven f\u00f6r ekonomer.<\/p>\n\n\n\n<hr class=\"wp-block-separator has-alpha-channel-opacity\"\/>\n\n\n\n<h2 class=\"wp-block-heading\"><strong>Nedsk\u00e4rning och gradering av inkomstrelaterat utkomstskydd f\u00f6r arbetsl\u00f6sa<\/strong><\/h2>\n\n\n\n<p>Inkomstrelaterat utkomstskydd f\u00f6r arbetsl\u00f6sa ska uppmuntra till snabb syssels\u00e4ttning.<\/p>\n\n\n\n<p>Om inkomstrelaterat utkomstskydd f\u00f6r arbetsl\u00f6sa granskas utg\u00e5ende fr\u00e5n ekonomernas medianl\u00f6n, kan man s\u00e4ga att den inte ligger p\u00e5 s\u00e4rskilt god niv\u00e5. F\u00f6r ekonomerna har det inte skapat n\u00e5gon bidragsf\u00e4lla.<\/p>\n\n\n\n<p>\u201dSystemet kr\u00e4ver utveckling. Om st\u00f6det graderas f\u00e5r niv\u00e5n inte sjunka alltf\u00f6r snabbt. I b\u00f6rjan kan st\u00f6dets storlek till och med ligga n\u00e4rmare den verkliga inkomstniv\u00e5n, men varaktigheten kan f\u00f6rkortas. Arbetsvillkorets f\u00f6rl\u00e4ngning m\u00e5ste ske med m\u00e5tta\u201d, s\u00e4ger Salokannel.<\/p>\n\n\n\n<p>Dessutom ska tj\u00e4nster som fr\u00e4mjar syssels\u00e4ttningen utg\u00f6ra en integrerad del av f\u00f6r\u00e4ndringen.<\/p>\n\n\n\n<p>\u201dVi vill vara en del av den h\u00e4r l\u00f6sningen och vi \u00e4r redo att erbjuda syssels\u00e4ttningstj\u00e4nster till v\u00e5ra medlemmar som en del av helhetsl\u00f6sningen. S\u00e4rskilt viktigt \u00e4r att uppm\u00e4rksamma de utmaningar som personer \u00f6ver 55 \u00e5r har med att hitta arbete.\u201d<\/p>\n\n\n\n<hr class=\"wp-block-separator has-alpha-channel-opacity\"\/>\n\n\n\n<h2 class=\"wp-block-heading\"><strong>L\u00e4ttare grunder f\u00f6r visstidsanst\u00e4llning<\/strong><\/h2>\n\n\n\n<p>Fler visstidsanst\u00e4llningar \u00f6kar os\u00e4kerheten p\u00e5 arbetsmarknaden. Salokannel ser ingen orsak att l\u00e4tta p\u00e5 grunderna f\u00f6r visstidsanst\u00e4llning, eftersom f\u00f6retagen redan nu kan anv\u00e4nda en pr\u00f6votid p\u00e5 sex m\u00e5nader.<\/p>\n\n\n\n<p>Om detta emellertid godk\u00e4nns m\u00e5ste man enligt Salokannel se till att det inte \u00e4r m\u00f6jligt att l\u00e4nka samman visstidsanst\u00e4llningar. Om arbetsgivaren beh\u00f6ver fast arbetskraft, ska den anst\u00e4llas med avtal om tillsvidareanst\u00e4llning.<\/p>\n\n\n\n<p>\u201d\u00c4ven i denna fr\u00e5ga kunde det vara motiverat att mikrof\u00f6retag kunde anv\u00e4nda visstidsanst\u00e4llning friare \u00e4n st\u00f6rre f\u00f6retag.\u201d<\/p>\n\n\n\n<hr class=\"wp-block-separator has-alpha-channel-opacity\"\/>\n\n\n\n<h2 class=\"wp-block-heading\"><strong>Upph\u00e4vning av vuxenutbildningsst\u00f6det<\/strong><\/h2>\n\n\n\n<p>Upph\u00e4vningen av vuxenutbildningsst\u00f6det har oroat ekonomer. Salokannel har full f\u00f6rst\u00e5else f\u00f6r det, men f\u00f6rst\u00e5r \u00e4ven regeringens motiveringar f\u00f6r upph\u00e4vningen. F\u00f6rdelarna med det nuvarande st\u00f6det har enligt unders\u00f6kningar inte t\u00e4ckt dess kostnader. Dessutom har det varit de som \u00e4ven annars utbildar sig som s\u00f6kt sig till utbildning.<\/p>\n\n\n\n<p>\u201dOm vuxenutbildningsst\u00f6det upph\u00e4vs m\u00e5ste det ers\u00e4ttas med en ny modell.\u201d<\/p>\n\n\n\n<p>Behovet av livsl\u00e5ngt l\u00e4rande har inte upph\u00f6rt, f\u00f6retagens kompetenskrav f\u00f6r\u00e4ndras snabbt. En examen r\u00e4cker inte, utan kompetensen m\u00e5ste utvecklas under hela arbetskarri\u00e4ren.<\/p>\n\n\n\n<p>Finlands Ekonomer f\u00f6resl\u00e5r ett kompetenskonto som ers\u00e4tter vuxenutbildningsst\u00f6det.<\/p>\n\n\n\n<p>\u201dDet inneb\u00e4r att alla m\u00e4nniskor i arbetsf\u00f6r \u00e5lder beviljas ett \u00e5rligt belopp, som kan anv\u00e4ndas till kostnader f\u00f6r utveckling av kompetensen efter examen. Pengarna kan anv\u00e4ndas p\u00e5 en g\u00e5ng eller till ett st\u00f6rre belopp vartannat \u00e5r\u201d, ber\u00e4ttar Salokannel.<\/p>\n\n\n\n<p>Kompetenskontot \u00e4r ett f\u00f6rs\u00e4kringsm\u00e4ssigt skydd, som finansieras med arbetstagarnas och arbetsgivarnas kompetensf\u00f6rs\u00e4kringspremie samt vid behov p\u00e5 arbetskraftsmyndigheternas initiativ. Det kr\u00e4ver inga nya strukturer.<\/p>\n\n\n\n<hr class=\"wp-block-separator has-alpha-channel-opacity\"\/>\n\n\n\n<h2 class=\"wp-block-heading\"><strong>Utvidgning av lokala avtal<\/strong><\/h2>\n\n\n\n<p>Grunden f\u00f6r lokala avtal finns i kollektivavtalen. Kollektivavtalen \u00e4r viktiga \u00e4ven f\u00f6r ekonomer, eftersom generella l\u00f6neh\u00f6jningar \u00e4r den mest betydande faktorn som h\u00f6jer ekonomernas l\u00f6ner.<\/p>\n\n\n\n<p>Salokannel tror att den b\u00e4sta garantin f\u00f6r att kollektivavtal ska uppst\u00e5 \u00e4ven i forts\u00e4ttningen, \u00e4r att de kan skr\u00e4ddarsys lokalt enligt f\u00f6retagens behov. Balanserad utvidgning av lokala avtal har sedan m\u00e5nga \u00e5r varit ett m\u00e5l f\u00f6r Finlands Ekonomer.<\/p>\n\n\n\n<p>\u201dRegeringens str\u00e4van efter att styra lokala avtal i samma riktning som i de \u00f6vriga nordiska l\u00e4nderna \u00e4r bra. Reformen m\u00e5ste trots allt inkludera alla bepr\u00f6vade verktyg, s\u00e5som personalens medbest\u00e4mmander\u00e4tt\u201d, p\u00e5minner Salokannel.<\/p>\n\n\n\n<p>Det betyder att om parterna \u00e4r av olika \u00e5sikt n\u00e4r det g\u00e4ller tolkningen av ett lokalt avtal, f\u00f6ljer man l\u00f6ntagarpartens tolkning, tills en domstol eventuellt har l\u00f6st fr\u00e5gan.<\/p>\n\n\n\n<p>\u201dVi f\u00f6respr\u00e5kar starkt en \u00f6kning av lokala avtal, men vi godk\u00e4nner inte regeringsprogrammets f\u00f6rslag som f\u00f6rsvagar personalens m\u00f6jligheter att p\u00e5verka. Ett fungerande system med personalf\u00f6retr\u00e4dare \u00e4r det b\u00e4sta s\u00e4ttet att s\u00e4kerst\u00e4lla balanserade lokala avtal.\u201d<\/p>\n\n\n\n<p>Utvidgningen av lokala avtal borde framf\u00f6r allt riktas mot sm\u00e5 f\u00f6retag, d\u00e4r de f\u00f6retagsspecifika behoven och utmaningarna med avtalen \u00e4r som st\u00f6rst.<\/p>\n\n\n\n<hr class=\"wp-block-separator has-alpha-channel-opacity\"\/>\n\n\n\n<h2 class=\"wp-block-heading\"><strong>Begr\u00e4nsad strejkr\u00e4tt<\/strong><\/h2>\n\n\n\n<p>Finlands Ekonomer har alltid varit en motst\u00e5ndare till olagliga strejker. Om regeringen h\u00f6jer plikten f\u00f6r olagliga strejker, ska man f\u00f6r balansens skull \u00e4ven sk\u00e4rpa sanktionerna f\u00f6r arbetsgivarens brott mot kollektivavtalet.<\/p>\n\n\n\n<p>\u201dOm strejkr\u00e4tten begr\u00e4nsas, \u00e4r det viktigt att man g\u00f6r en noggrann laglighetsbed\u00f6mning. Vi mots\u00e4tter oss inte regeringens f\u00f6rslag om f\u00f6r\u00e4ndringar, som st\u00e4mmer \u00f6verens med internationella avtal och motsvarar de \u00f6vriga nordiska l\u00e4nderna\u201d, s\u00e4ger Salokannel.<\/p>\n\n\n\n<hr class=\"wp-block-separator has-alpha-channel-opacity\"\/>\n\n\n\n<h2 class=\"wp-block-heading\"><strong>Exportdriven l\u00f6nemodell<\/strong><\/h2>\n\n\n\n<p>St\u00e4rkande av en exportdriven arbetsmarknadsmodell genom lagstiftning intresserar inte Salokannel. Han anser inte att det vore en bra id\u00e9 att skyldigheter om l\u00f6nef\u00f6rh\u00f6jningar skulle skrivas in i lagen.<\/p>\n\n\n\n<p>\u201dGenom intressebevakning str\u00e4var vi efter att det p\u00e5 arbetsmarknaden ska mellan arbetsmarknadsparterna uppst\u00e5 en ansvarsfull modell som st\u00e4rker k\u00f6pkraften och som kollektivavtalens l\u00f6nef\u00f6rh\u00f6jningar baseras p\u00e5. Att begr\u00e4nsa arbetsmarknadsf\u00f6rhandlingar med lagstiftning f\u00f6rs\u00e4mrar hela f\u00f6rhandlingssystemet\u201d, konstaterar Salokannel.<\/p>\n\n\n\n<p><\/p>\n\n\n\t<div class=\"wp-block-cdl-person-block\">\n\t\t<div class=\"image\">\n\t\t\t<img decoding=\"async\" src=\"https:\/\/www.ekonomit.fi\/wp-content\/uploads\/2020\/06\/Riku-Salokannel.jpg\">\n\t\t<\/div>\n\t\t<div class=\"info\">\n\t\t\t<div class=\"name\">\n\t\t\t\tSalokannel\t\t\t\tRiku\t\t\t<\/div>\n\t\t\t<div class=\"job-title\">Arbetsmarknadsdirekt\u00f6r<\/div>\n\t\t\t<div class=\"phone\">p. +358407249566<\/div>\n\t\t\t\t\t\t\t\t\t<div class=\"description\"><\/div>\n\t\t<\/div>\n\t<\/div>\n\t<div class=\"rns\" data-title=\"S\u00e5 p\u00e5verkas arbetslivet av regeringens f\u00f6rslag till \u00e4ndringar\" data-tags=\"\" data-categories=\"Aktuellt\" data-comments=\"0\" data-date=\"1697635260000\" data-author=\"heidihaapalainen\" data-single=\"\" data-url=\"https:\/\/www.ekonomit.fi\/sv\/aktuellt\/nain-hallituksen-muutosesitykset-vaikuttavat-tyoelamaan\/\"><\/div> <!-- Check out https:\/\/reactandshare.com -->","protected":false},"excerpt":{"rendered":"<p>Regeringsprogrammet presenterar v\u00e4sentliga f\u00f6r\u00e4ndringar i arbetslagstiftningen och s\u00e4rskilt i l\u00f6ntagarens position. Finlands Ekonomers arbetsmarknadsdirekt\u00f6r Riku Salokannel g\u00e5r igenom de mest centrala f\u00f6rslagen till f\u00f6r\u00e4ndringar och vad de inneb\u00e4r f\u00f6r ekonomer.<\/p>\n","protected":false},"author":3,"featured_media":38417,"comment_status":"closed","ping_status":"closed","sticky":false,"template":"","format":"standard","meta":{"_acf_changed":false,"inline_featured_image":false,"advgb_blocks_editor_width":"","advgb_blocks_columns_visual_guide":"","_jetpack_memberships_contains_paid_content":false,"footnotes":""},"categories":[110],"tags":[],"class_list":["post-39938","post","type-post","status-publish","format-standard","has-post-thumbnail","hentry","category-aktuellt"],"acf":[],"yoast_head":"<!-- This site is optimized with the Yoast SEO plugin v27.5 - https:\/\/yoast.com\/product\/yoast-seo-wordpress\/ -->\n<title>S\u00e5 p\u00e5verkas arbetslivet av regeringens f\u00f6rslag till \u00e4ndringar - Suomen Ekonomit<\/title>\n<meta name=\"robots\" content=\"index, follow, max-snippet:-1, max-image-preview:large, max-video-preview:-1\" \/>\n<link rel=\"canonical\" href=\"https:\/\/www.ekonomit.fi\/sv\/aktuellt\/nain-hallituksen-muutosesitykset-vaikuttavat-tyoelamaan\/\" \/>\n<meta property=\"og:locale\" content=\"sv_SE\" \/>\n<meta property=\"og:type\" content=\"article\" \/>\n<meta property=\"og:title\" content=\"S\u00e5 p\u00e5verkas arbetslivet av regeringens f\u00f6rslag till \u00e4ndringar - Suomen Ekonomit\" \/>\n<meta property=\"og:description\" content=\"Regeringsprogrammet presenterar v\u00e4sentliga f\u00f6r\u00e4ndringar i arbetslagstiftningen och s\u00e4rskilt i l\u00f6ntagarens position. Finlands Ekonomers arbetsmarknadsdirekt\u00f6r Riku Salokannel g\u00e5r igenom de mest centrala f\u00f6rslagen till f\u00f6r\u00e4ndringar och vad de inneb\u00e4r f\u00f6r ekonomer.\" \/>\n<meta property=\"og:url\" content=\"https:\/\/www.ekonomit.fi\/sv\/aktuellt\/nain-hallituksen-muutosesitykset-vaikuttavat-tyoelamaan\/\" \/>\n<meta property=\"og:site_name\" content=\"Suomen Ekonomit\" \/>\n<meta property=\"article:published_time\" content=\"2023-10-18T10:21:00+00:00\" \/>\n<meta property=\"article:modified_time\" content=\"2023-11-08T07:06:04+00:00\" \/>\n<meta property=\"og:image\" content=\"https:\/\/www.ekonomit.fi\/wp-content\/uploads\/2023\/09\/tyo_1610x1078px.jpg\" \/>\n\t<meta property=\"og:image:width\" content=\"1610\" \/>\n\t<meta property=\"og:image:height\" content=\"1078\" \/>\n\t<meta property=\"og:image:type\" content=\"image\/jpeg\" \/>\n<meta name=\"author\" content=\"heidihaapalainen\" \/>\n<meta name=\"twitter:card\" content=\"summary_large_image\" \/>\n<meta name=\"twitter:label1\" content=\"Skriven av\" \/>\n\t<meta name=\"twitter:data1\" content=\"heidihaapalainen\" \/>\n\t<meta name=\"twitter:label2\" content=\"Ber\u00e4knad l\u00e4stid\" \/>\n\t<meta name=\"twitter:data2\" content=\"6 minuter\" \/>\n<script type=\"application\/ld+json\" class=\"yoast-schema-graph\">{\"@context\":\"https:\\\/\\\/schema.org\",\"@graph\":[{\"@type\":\"Article\",\"@id\":\"https:\\\/\\\/www.ekonomit.fi\\\/sv\\\/aktuellt\\\/nain-hallituksen-muutosesitykset-vaikuttavat-tyoelamaan\\\/#article\",\"isPartOf\":{\"@id\":\"https:\\\/\\\/www.ekonomit.fi\\\/sv\\\/aktuellt\\\/nain-hallituksen-muutosesitykset-vaikuttavat-tyoelamaan\\\/\"},\"author\":{\"name\":\"heidihaapalainen\",\"@id\":\"https:\\\/\\\/www.ekonomit.fi\\\/sv\\\/#\\\/schema\\\/person\\\/1fbd84fd17a8f0f947f8beab7b23949b\"},\"headline\":\"S\u00e5 p\u00e5verkas arbetslivet av regeringens f\u00f6rslag till \u00e4ndringar\",\"datePublished\":\"2023-10-18T10:21:00+00:00\",\"dateModified\":\"2023-11-08T07:06:04+00:00\",\"mainEntityOfPage\":{\"@id\":\"https:\\\/\\\/www.ekonomit.fi\\\/sv\\\/aktuellt\\\/nain-hallituksen-muutosesitykset-vaikuttavat-tyoelamaan\\\/\"},\"wordCount\":1150,\"publisher\":{\"@id\":\"https:\\\/\\\/www.ekonomit.fi\\\/sv\\\/#organization\"},\"image\":{\"@id\":\"https:\\\/\\\/www.ekonomit.fi\\\/sv\\\/aktuellt\\\/nain-hallituksen-muutosesitykset-vaikuttavat-tyoelamaan\\\/#primaryimage\"},\"thumbnailUrl\":\"https:\\\/\\\/www.ekonomit.fi\\\/wp-content\\\/uploads\\\/2023\\\/09\\\/tyo_1610x1078px.jpg\",\"articleSection\":[\"Aktuellt\"],\"inLanguage\":\"sv-SE\"},{\"@type\":\"WebPage\",\"@id\":\"https:\\\/\\\/www.ekonomit.fi\\\/sv\\\/aktuellt\\\/nain-hallituksen-muutosesitykset-vaikuttavat-tyoelamaan\\\/\",\"url\":\"https:\\\/\\\/www.ekonomit.fi\\\/sv\\\/aktuellt\\\/nain-hallituksen-muutosesitykset-vaikuttavat-tyoelamaan\\\/\",\"name\":\"S\u00e5 p\u00e5verkas arbetslivet av regeringens f\u00f6rslag till \u00e4ndringar - Suomen Ekonomit\",\"isPartOf\":{\"@id\":\"https:\\\/\\\/www.ekonomit.fi\\\/sv\\\/#website\"},\"primaryImageOfPage\":{\"@id\":\"https:\\\/\\\/www.ekonomit.fi\\\/sv\\\/aktuellt\\\/nain-hallituksen-muutosesitykset-vaikuttavat-tyoelamaan\\\/#primaryimage\"},\"image\":{\"@id\":\"https:\\\/\\\/www.ekonomit.fi\\\/sv\\\/aktuellt\\\/nain-hallituksen-muutosesitykset-vaikuttavat-tyoelamaan\\\/#primaryimage\"},\"thumbnailUrl\":\"https:\\\/\\\/www.ekonomit.fi\\\/wp-content\\\/uploads\\\/2023\\\/09\\\/tyo_1610x1078px.jpg\",\"datePublished\":\"2023-10-18T10:21:00+00:00\",\"dateModified\":\"2023-11-08T07:06:04+00:00\",\"breadcrumb\":{\"@id\":\"https:\\\/\\\/www.ekonomit.fi\\\/sv\\\/aktuellt\\\/nain-hallituksen-muutosesitykset-vaikuttavat-tyoelamaan\\\/#breadcrumb\"},\"inLanguage\":\"sv-SE\",\"potentialAction\":[{\"@type\":\"ReadAction\",\"target\":[\"https:\\\/\\\/www.ekonomit.fi\\\/sv\\\/aktuellt\\\/nain-hallituksen-muutosesitykset-vaikuttavat-tyoelamaan\\\/\"]}]},{\"@type\":\"ImageObject\",\"inLanguage\":\"sv-SE\",\"@id\":\"https:\\\/\\\/www.ekonomit.fi\\\/sv\\\/aktuellt\\\/nain-hallituksen-muutosesitykset-vaikuttavat-tyoelamaan\\\/#primaryimage\",\"url\":\"https:\\\/\\\/www.ekonomit.fi\\\/wp-content\\\/uploads\\\/2023\\\/09\\\/tyo_1610x1078px.jpg\",\"contentUrl\":\"https:\\\/\\\/www.ekonomit.fi\\\/wp-content\\\/uploads\\\/2023\\\/09\\\/tyo_1610x1078px.jpg\",\"width\":1610,\"height\":1078},{\"@type\":\"BreadcrumbList\",\"@id\":\"https:\\\/\\\/www.ekonomit.fi\\\/sv\\\/aktuellt\\\/nain-hallituksen-muutosesitykset-vaikuttavat-tyoelamaan\\\/#breadcrumb\",\"itemListElement\":[{\"@type\":\"ListItem\",\"position\":1,\"name\":\"Home\",\"item\":\"https:\\\/\\\/www.ekonomit.fi\\\/sv\\\/\"},{\"@type\":\"ListItem\",\"position\":2,\"name\":\"S\u00e5 p\u00e5verkas arbetslivet av regeringens f\u00f6rslag till \u00e4ndringar\"}]},{\"@type\":\"WebSite\",\"@id\":\"https:\\\/\\\/www.ekonomit.fi\\\/sv\\\/#website\",\"url\":\"https:\\\/\\\/www.ekonomit.fi\\\/sv\\\/\",\"name\":\"Suomen Ekonomit\",\"description\":\"\",\"publisher\":{\"@id\":\"https:\\\/\\\/www.ekonomit.fi\\\/sv\\\/#organization\"},\"potentialAction\":[{\"@type\":\"SearchAction\",\"target\":{\"@type\":\"EntryPoint\",\"urlTemplate\":\"https:\\\/\\\/www.ekonomit.fi\\\/sv\\\/?s={search_term_string}\"},\"query-input\":{\"@type\":\"PropertyValueSpecification\",\"valueRequired\":true,\"valueName\":\"search_term_string\"}}],\"inLanguage\":\"sv-SE\"},{\"@type\":\"Organization\",\"@id\":\"https:\\\/\\\/www.ekonomit.fi\\\/sv\\\/#organization\",\"name\":\"Suomen Ekonomit\",\"url\":\"https:\\\/\\\/www.ekonomit.fi\\\/sv\\\/\",\"logo\":{\"@type\":\"ImageObject\",\"inLanguage\":\"sv-SE\",\"@id\":\"https:\\\/\\\/www.ekonomit.fi\\\/sv\\\/#\\\/schema\\\/logo\\\/image\\\/\",\"url\":\"https:\\\/\\\/www.ekonomit.fi\\\/wp-content\\\/uploads\\\/2020\\\/05\\\/ekonomit-mer-nega.png\",\"contentUrl\":\"https:\\\/\\\/www.ekonomit.fi\\\/wp-content\\\/uploads\\\/2020\\\/05\\\/ekonomit-mer-nega.png\",\"width\":870,\"height\":307,\"caption\":\"Suomen Ekonomit\"},\"image\":{\"@id\":\"https:\\\/\\\/www.ekonomit.fi\\\/sv\\\/#\\\/schema\\\/logo\\\/image\\\/\"}},{\"@type\":\"Person\",\"@id\":\"https:\\\/\\\/www.ekonomit.fi\\\/sv\\\/#\\\/schema\\\/person\\\/1fbd84fd17a8f0f947f8beab7b23949b\",\"name\":\"heidihaapalainen\",\"image\":{\"@type\":\"ImageObject\",\"inLanguage\":\"sv-SE\",\"@id\":\"https:\\\/\\\/www.ekonomit.fi\\\/wp-content\\\/litespeed\\\/avatar\\\/6dfbd5e6c01a5a4b70a51b4d45a75a45.jpg?ver=1777364979\",\"url\":\"https:\\\/\\\/www.ekonomit.fi\\\/wp-content\\\/litespeed\\\/avatar\\\/6dfbd5e6c01a5a4b70a51b4d45a75a45.jpg?ver=1777364979\",\"contentUrl\":\"https:\\\/\\\/www.ekonomit.fi\\\/wp-content\\\/litespeed\\\/avatar\\\/6dfbd5e6c01a5a4b70a51b4d45a75a45.jpg?ver=1777364979\",\"caption\":\"heidihaapalainen\"}}]}<\/script>\n<!-- \/ Yoast SEO plugin. -->","yoast_head_json":{"title":"S\u00e5 p\u00e5verkas arbetslivet av regeringens f\u00f6rslag till \u00e4ndringar - Suomen Ekonomit","robots":{"index":"index","follow":"follow","max-snippet":"max-snippet:-1","max-image-preview":"max-image-preview:large","max-video-preview":"max-video-preview:-1"},"canonical":"https:\/\/www.ekonomit.fi\/sv\/aktuellt\/nain-hallituksen-muutosesitykset-vaikuttavat-tyoelamaan\/","og_locale":"sv_SE","og_type":"article","og_title":"S\u00e5 p\u00e5verkas arbetslivet av regeringens f\u00f6rslag till \u00e4ndringar - Suomen Ekonomit","og_description":"Regeringsprogrammet presenterar v\u00e4sentliga f\u00f6r\u00e4ndringar i arbetslagstiftningen och s\u00e4rskilt i l\u00f6ntagarens position. Finlands Ekonomers arbetsmarknadsdirekt\u00f6r Riku Salokannel g\u00e5r igenom de mest centrala f\u00f6rslagen till f\u00f6r\u00e4ndringar och vad de inneb\u00e4r f\u00f6r ekonomer.","og_url":"https:\/\/www.ekonomit.fi\/sv\/aktuellt\/nain-hallituksen-muutosesitykset-vaikuttavat-tyoelamaan\/","og_site_name":"Suomen Ekonomit","article_published_time":"2023-10-18T10:21:00+00:00","article_modified_time":"2023-11-08T07:06:04+00:00","og_image":[{"width":1610,"height":1078,"url":"https:\/\/www.ekonomit.fi\/wp-content\/uploads\/2023\/09\/tyo_1610x1078px.jpg","type":"image\/jpeg"}],"author":"heidihaapalainen","twitter_card":"summary_large_image","twitter_misc":{"Skriven av":"heidihaapalainen","Ber\u00e4knad l\u00e4stid":"6 minuter"},"schema":{"@context":"https:\/\/schema.org","@graph":[{"@type":"Article","@id":"https:\/\/www.ekonomit.fi\/sv\/aktuellt\/nain-hallituksen-muutosesitykset-vaikuttavat-tyoelamaan\/#article","isPartOf":{"@id":"https:\/\/www.ekonomit.fi\/sv\/aktuellt\/nain-hallituksen-muutosesitykset-vaikuttavat-tyoelamaan\/"},"author":{"name":"heidihaapalainen","@id":"https:\/\/www.ekonomit.fi\/sv\/#\/schema\/person\/1fbd84fd17a8f0f947f8beab7b23949b"},"headline":"S\u00e5 p\u00e5verkas arbetslivet av regeringens f\u00f6rslag till \u00e4ndringar","datePublished":"2023-10-18T10:21:00+00:00","dateModified":"2023-11-08T07:06:04+00:00","mainEntityOfPage":{"@id":"https:\/\/www.ekonomit.fi\/sv\/aktuellt\/nain-hallituksen-muutosesitykset-vaikuttavat-tyoelamaan\/"},"wordCount":1150,"publisher":{"@id":"https:\/\/www.ekonomit.fi\/sv\/#organization"},"image":{"@id":"https:\/\/www.ekonomit.fi\/sv\/aktuellt\/nain-hallituksen-muutosesitykset-vaikuttavat-tyoelamaan\/#primaryimage"},"thumbnailUrl":"https:\/\/www.ekonomit.fi\/wp-content\/uploads\/2023\/09\/tyo_1610x1078px.jpg","articleSection":["Aktuellt"],"inLanguage":"sv-SE"},{"@type":"WebPage","@id":"https:\/\/www.ekonomit.fi\/sv\/aktuellt\/nain-hallituksen-muutosesitykset-vaikuttavat-tyoelamaan\/","url":"https:\/\/www.ekonomit.fi\/sv\/aktuellt\/nain-hallituksen-muutosesitykset-vaikuttavat-tyoelamaan\/","name":"S\u00e5 p\u00e5verkas arbetslivet av regeringens f\u00f6rslag till \u00e4ndringar - Suomen Ekonomit","isPartOf":{"@id":"https:\/\/www.ekonomit.fi\/sv\/#website"},"primaryImageOfPage":{"@id":"https:\/\/www.ekonomit.fi\/sv\/aktuellt\/nain-hallituksen-muutosesitykset-vaikuttavat-tyoelamaan\/#primaryimage"},"image":{"@id":"https:\/\/www.ekonomit.fi\/sv\/aktuellt\/nain-hallituksen-muutosesitykset-vaikuttavat-tyoelamaan\/#primaryimage"},"thumbnailUrl":"https:\/\/www.ekonomit.fi\/wp-content\/uploads\/2023\/09\/tyo_1610x1078px.jpg","datePublished":"2023-10-18T10:21:00+00:00","dateModified":"2023-11-08T07:06:04+00:00","breadcrumb":{"@id":"https:\/\/www.ekonomit.fi\/sv\/aktuellt\/nain-hallituksen-muutosesitykset-vaikuttavat-tyoelamaan\/#breadcrumb"},"inLanguage":"sv-SE","potentialAction":[{"@type":"ReadAction","target":["https:\/\/www.ekonomit.fi\/sv\/aktuellt\/nain-hallituksen-muutosesitykset-vaikuttavat-tyoelamaan\/"]}]},{"@type":"ImageObject","inLanguage":"sv-SE","@id":"https:\/\/www.ekonomit.fi\/sv\/aktuellt\/nain-hallituksen-muutosesitykset-vaikuttavat-tyoelamaan\/#primaryimage","url":"https:\/\/www.ekonomit.fi\/wp-content\/uploads\/2023\/09\/tyo_1610x1078px.jpg","contentUrl":"https:\/\/www.ekonomit.fi\/wp-content\/uploads\/2023\/09\/tyo_1610x1078px.jpg","width":1610,"height":1078},{"@type":"BreadcrumbList","@id":"https:\/\/www.ekonomit.fi\/sv\/aktuellt\/nain-hallituksen-muutosesitykset-vaikuttavat-tyoelamaan\/#breadcrumb","itemListElement":[{"@type":"ListItem","position":1,"name":"Home","item":"https:\/\/www.ekonomit.fi\/sv\/"},{"@type":"ListItem","position":2,"name":"S\u00e5 p\u00e5verkas arbetslivet av regeringens f\u00f6rslag till \u00e4ndringar"}]},{"@type":"WebSite","@id":"https:\/\/www.ekonomit.fi\/sv\/#website","url":"https:\/\/www.ekonomit.fi\/sv\/","name":"Suomen Ekonomit","description":"","publisher":{"@id":"https:\/\/www.ekonomit.fi\/sv\/#organization"},"potentialAction":[{"@type":"SearchAction","target":{"@type":"EntryPoint","urlTemplate":"https:\/\/www.ekonomit.fi\/sv\/?s={search_term_string}"},"query-input":{"@type":"PropertyValueSpecification","valueRequired":true,"valueName":"search_term_string"}}],"inLanguage":"sv-SE"},{"@type":"Organization","@id":"https:\/\/www.ekonomit.fi\/sv\/#organization","name":"Suomen Ekonomit","url":"https:\/\/www.ekonomit.fi\/sv\/","logo":{"@type":"ImageObject","inLanguage":"sv-SE","@id":"https:\/\/www.ekonomit.fi\/sv\/#\/schema\/logo\/image\/","url":"https:\/\/www.ekonomit.fi\/wp-content\/uploads\/2020\/05\/ekonomit-mer-nega.png","contentUrl":"https:\/\/www.ekonomit.fi\/wp-content\/uploads\/2020\/05\/ekonomit-mer-nega.png","width":870,"height":307,"caption":"Suomen Ekonomit"},"image":{"@id":"https:\/\/www.ekonomit.fi\/sv\/#\/schema\/logo\/image\/"}},{"@type":"Person","@id":"https:\/\/www.ekonomit.fi\/sv\/#\/schema\/person\/1fbd84fd17a8f0f947f8beab7b23949b","name":"heidihaapalainen","image":{"@type":"ImageObject","inLanguage":"sv-SE","@id":"https:\/\/www.ekonomit.fi\/wp-content\/litespeed\/avatar\/6dfbd5e6c01a5a4b70a51b4d45a75a45.jpg?ver=1777364979","url":"https:\/\/www.ekonomit.fi\/wp-content\/litespeed\/avatar\/6dfbd5e6c01a5a4b70a51b4d45a75a45.jpg?ver=1777364979","contentUrl":"https:\/\/www.ekonomit.fi\/wp-content\/litespeed\/avatar\/6dfbd5e6c01a5a4b70a51b4d45a75a45.jpg?ver=1777364979","caption":"heidihaapalainen"}}]}},"author_meta":{"display_name":"heidihaapalainen","author_link":"https:\/\/www.ekonomit.fi\/sv\/author\/heidihaapalainen\/"},"featured_img":"https:\/\/www.ekonomit.fi\/wp-content\/uploads\/2023\/09\/tyo_1610x1078px-300x201.jpg","jetpack_featured_media_url":"https:\/\/www.ekonomit.fi\/wp-content\/uploads\/2023\/09\/tyo_1610x1078px.jpg","coauthors":[],"tax_additional":{"categories":{"linked":["<a href=\"https:\/\/www.ekonomit.fi\/sv\/category\/aktuellt\/\" class=\"advgb-post-tax-term\">Aktuellt<\/a>"],"unlinked":["<span class=\"advgb-post-tax-term\">Aktuellt<\/span>"]}},"comment_count":0,"relative_dates":{"created":"Publicerad 3 \u00e5r sedan","modified":"Uppdaterad 2 \u00e5r sedan"},"absolute_dates":{"created":"Publicerat den 18 oktober 2023","modified":"Uppdaterad den 8 november 2023"},"absolute_dates_time":{"created":"Publicerat den 18 oktober 2023 13:21","modified":"Uppdaterad den 8 november 2023 09:06"},"featured_img_caption":"","series_order":"","jetpack_sharing_enabled":true,"_links":{"self":[{"href":"https:\/\/www.ekonomit.fi\/sv\/wp-json\/wp\/v2\/posts\/39938","targetHints":{"allow":["GET"]}}],"collection":[{"href":"https:\/\/www.ekonomit.fi\/sv\/wp-json\/wp\/v2\/posts"}],"about":[{"href":"https:\/\/www.ekonomit.fi\/sv\/wp-json\/wp\/v2\/types\/post"}],"author":[{"embeddable":true,"href":"https:\/\/www.ekonomit.fi\/sv\/wp-json\/wp\/v2\/users\/3"}],"replies":[{"embeddable":true,"href":"https:\/\/www.ekonomit.fi\/sv\/wp-json\/wp\/v2\/comments?post=39938"}],"version-history":[{"count":1,"href":"https:\/\/www.ekonomit.fi\/sv\/wp-json\/wp\/v2\/posts\/39938\/revisions"}],"predecessor-version":[{"id":39940,"href":"https:\/\/www.ekonomit.fi\/sv\/wp-json\/wp\/v2\/posts\/39938\/revisions\/39940"}],"wp:featuredmedia":[{"embeddable":true,"href":"https:\/\/www.ekonomit.fi\/sv\/wp-json\/wp\/v2\/media\/38417"}],"wp:attachment":[{"href":"https:\/\/www.ekonomit.fi\/sv\/wp-json\/wp\/v2\/media?parent=39938"}],"wp:term":[{"taxonomy":"category","embeddable":true,"href":"https:\/\/www.ekonomit.fi\/sv\/wp-json\/wp\/v2\/categories?post=39938"},{"taxonomy":"post_tag","embeddable":true,"href":"https:\/\/www.ekonomit.fi\/sv\/wp-json\/wp\/v2\/tags?post=39938"}],"curies":[{"name":"wp","href":"https:\/\/api.w.org\/{rel}","templated":true}]}}