{"id":40202,"date":"2023-11-20T08:13:07","date_gmt":"2023-11-20T06:13:07","guid":{"rendered":"https:\/\/www.ekonomit.fi\/?p=40202"},"modified":"2023-11-20T08:13:08","modified_gmt":"2023-11-20T06:13:08","slug":"mental-halsa-resultatvarning-finland-behover-friska-ekonomer","status":"publish","type":"post","link":"https:\/\/www.ekonomit.fi\/sv\/pressmeddelande\/mental-halsa-resultatvarning-finland-behover-friska-ekonomer\/","title":{"rendered":"Mental h\u00e4lsa resultatvarning: Finland beh\u00f6ver friska ekonomer"},"content":{"rendered":"\n<figure class=\"wp-block-image size-large\"><img decoding=\"async\" width=\"1024\" height=\"686\" src=\"https:\/\/www.ekonomit.fi\/wp-content\/uploads\/2023\/11\/231116_Suomen-Ekonomit_Mielenterveyskampanja-2023-tunnus_Artikkelikuva-1610x1078px_SE-1024x686.png\" alt=\"\" class=\"wp-image-40209\" srcset=\"https:\/\/www.ekonomit.fi\/wp-content\/uploads\/2023\/11\/231116_Suomen-Ekonomit_Mielenterveyskampanja-2023-tunnus_Artikkelikuva-1610x1078px_SE-1024x686.png 1024w, https:\/\/www.ekonomit.fi\/wp-content\/uploads\/2023\/11\/231116_Suomen-Ekonomit_Mielenterveyskampanja-2023-tunnus_Artikkelikuva-1610x1078px_SE-300x201.png 300w, https:\/\/www.ekonomit.fi\/wp-content\/uploads\/2023\/11\/231116_Suomen-Ekonomit_Mielenterveyskampanja-2023-tunnus_Artikkelikuva-1610x1078px_SE-768x514.png 768w, https:\/\/www.ekonomit.fi\/wp-content\/uploads\/2023\/11\/231116_Suomen-Ekonomit_Mielenterveyskampanja-2023-tunnus_Artikkelikuva-1610x1078px_SE-50x33.png 50w, https:\/\/www.ekonomit.fi\/wp-content\/uploads\/2023\/11\/231116_Suomen-Ekonomit_Mielenterveyskampanja-2023-tunnus_Artikkelikuva-1610x1078px_SE-1600x1071.png 1600w, https:\/\/www.ekonomit.fi\/wp-content\/uploads\/2023\/11\/231116_Suomen-Ekonomit_Mielenterveyskampanja-2023-tunnus_Artikkelikuva-1610x1078px_SE-1536x1028.png 1536w, https:\/\/www.ekonomit.fi\/wp-content\/uploads\/2023\/11\/231116_Suomen-Ekonomit_Mielenterveyskampanja-2023-tunnus_Artikkelikuva-1610x1078px_SE.png 1610w\" sizes=\"(max-width: 1024px) 100vw, 1024px\" \/><\/figure>\n\n\n\n<h2 class=\"wp-block-heading\">Hur \u00e4r det att vara studerande eller nyutexaminerad i dagens l\u00e4ge?<\/h2>\n\n\n\n<figure class=\"wp-block-image size-large\"><img decoding=\"async\" width=\"1024\" height=\"685\" src=\"https:\/\/www.ekonomit.fi\/wp-content\/uploads\/2023\/09\/Martin-Paasi-2-1024x685.jpg\" alt=\"\" class=\"wp-image-38388\" srcset=\"https:\/\/www.ekonomit.fi\/wp-content\/uploads\/2023\/09\/Martin-Paasi-2-1024x685.jpg 1024w, https:\/\/www.ekonomit.fi\/wp-content\/uploads\/2023\/09\/Martin-Paasi-2-300x201.jpg 300w, https:\/\/www.ekonomit.fi\/wp-content\/uploads\/2023\/09\/Martin-Paasi-2-768x514.jpg 768w, https:\/\/www.ekonomit.fi\/wp-content\/uploads\/2023\/09\/Martin-Paasi-2-1600x1070.jpg 1600w, https:\/\/www.ekonomit.fi\/wp-content\/uploads\/2023\/09\/Martin-Paasi-2-1536x1027.jpg 1536w, https:\/\/www.ekonomit.fi\/wp-content\/uploads\/2023\/09\/Martin-Paasi-2.jpg 1610w\" sizes=\"(max-width: 1024px) 100vw, 1024px\" \/><figcaption class=\"wp-element-caption\">Skribent: Martin Paasi, Finlands Ekonomers ordf\u00f6rande<\/figcaption><\/figure>\n\n\n\n<p>Det st\u00e4ndiga nyhetsfl\u00f6det \u00f6ver\u00f6ser oss med nya bekymmer och r\u00e4dslor. Det finns krig, klimatkrisen, konflikter, aggressiva diskussioner och l\u00e5gkonjunktur. V\u00e4rlden \u00e4r hemsk och d\u00e5liga nyheter kommer i ett konstant fl\u00f6de.<\/p>\n\n\n\n<p>Samtidigt \u00e4r studerandenas vardag ett komplext svall av studier, arbete och l\u00e5g inkomst. Man m\u00e5ste h\u00e5lla sig i balans under framg\u00e5ngspressen, producera resultat b\u00e5de i studierna och arbetslivet och bekymra sig f\u00f6r den finl\u00e4ndska ekonomins framtid.<\/p>\n\n\n\n<p>Finlands Ekonomers medlemsunders\u00f6kning (2022) visade att ekonomistuderandena \u00f6verlag beh\u00f6ver mer information och diskussion om ork och psykisk h\u00e4lsa.<\/p>\n\n\n\n<p>S\u00e5 vi unders\u00f6ker och pratar, men det r\u00e4cker tydligen inte med att bara prata. Vi m\u00e5ste h\u00f6ja r\u00f6sten: vi utlyser nu en vinstvarning f\u00f6r psykisk h\u00e4lsa.<\/p>\n\n\n\n<p>Denna rapport sammanst\u00e4ller fakta om studerandes och unga ekonomers ork och utkomst samt de ekonomiska effekterna av mentalh\u00e4lsokrisen. Denna information borde inspirera oss alla att vidta \u00e5tg\u00e4rder f\u00f6r v\u00e4lbefinnande och mental h\u00e4lsa.<\/p>\n\n\n\n<p>Om vi forts\u00e4tter p\u00e5 samma sp\u00e5r kommer de unga att hamna i tr\u00e5ngm\u00e5l. Och om de unga ligger illa till, j\u00f6sses \u2013 d\u00e5 ligger vi \u00e4ldre minst lika illa till.\u202f<\/p>\n\n\n\n<p>Varje ung person har r\u00e4tt att m\u00e5 bra. Och Finland beh\u00f6ver friska ekonomer. Det \u00e4r h\u00f6g tid f\u00f6r alla akt\u00f6rer i samh\u00e4llet att ta de ungas sv\u00e5righeter p\u00e5 allvar.<\/p>\n\n\n\n<p>Till slut n\u00e5gra ord till b\u00e5de nuvarande och f\u00f6re detta ungdomar:<br>\u202f<br>Vi \u00e4ldre gillar att klandra unga f\u00f6r sl\u00f6seri med pengar och ifr\u00e5gas\u00e4tta deras sv\u00e5righeter, eftersom vi kanske bara ser studerande som festar i sina halare eller zombier som sugs in i sina mobiler \u2013 inte de ungas verkliga upplevelser eller k\u00e4nslor. Lyssna och f\u00f6rs\u00f6k f\u00f6rst\u00e5.<br>\u202f<br>Studerande: G\u00e5 ut och njut av livet. Hitta dig sj\u00e4lv. G\u00f6r bort dig g\u00e5ng p\u00e5 g\u00e5ng och var rent av ofullkomlig. Ofullkomlighet \u00e4r l\u00e4rorikt, och jag kan lova dig att jag har gjort fler misstag \u00e4n du. \u00c4ven Thomas Edison sade att innan han uppfann gl\u00f6dlampan l\u00e4rde han sig 200 d\u00e5liga s\u00e4tt att g\u00f6ra en gl\u00f6dlampa.\u202fDet v\u00e4rsta du kan g\u00f6ra \u00e4r att stanna hemma och isolera dig sj\u00e4lv.<\/p>\n\n\n\n<hr class=\"wp-block-separator has-alpha-channel-opacity\"\/>\n\n\n\n<h2 class=\"wp-block-heading\">Effekterna av psykisk oh\u00e4lsa p\u00e5 Finlands ekonomi<\/h2>\n\n\n\t<div class=\"wp-block-cdl-person-block\">\n\t\t<div class=\"image\">\n\t\t\t<img decoding=\"async\" src=\"https:\/\/www.ekonomit.fi\/wp-content\/uploads\/2023\/03\/elias-eramaja.jpg\">\n\t\t<\/div>\n\t\t<div class=\"info\">\n\t\t\t<div class=\"name\">\n\t\t\t\tEr\u00e4maja\t\t\t\tElias\t\t\t<\/div>\n\t\t\t<div class=\"job-title\">Chefsekonom<\/div>\n\t\t\t<div class=\"phone\">p. +358407471854<\/div>\n\t\t\t\t\t\t\t\t\t<div class=\"description\"><\/div>\n\t\t<\/div>\n\t<\/div>\n\t\n\n\n<p>Psykisk oh\u00e4lsa har b\u00e5de direkta och indirekta effekter p\u00e5 ekonomin. Den \u00f6kar h\u00e4lsov\u00e5rdsutgifterna, orsakar sjukfr\u00e5nvaro och leder i v\u00e4rsta fall till arbetsof\u00f6rm\u00e5ga. Kopplingen till arbetets produktivitet och syssels\u00e4ttning \u00e4r ocks\u00e5 tydlig.<br>Eftersom produktivitet och syssels\u00e4ttning \u00e4r s\u00e5 starkt kopplade till psykisk h\u00e4lsa m\u00e5ste mentalh\u00e4lsopolitiken betraktas som en del av den ekonomiska politiken och syssels\u00e4ttningspolitiken.<\/p>\n\n\n\n<p>Den psykiska h\u00e4lsans betydelse betonas i ett samh\u00e4lle som bygger p\u00e5 kompetens och innovationer och d\u00e4r f\u00f6rv\u00e4ntningarna p\u00e5 individerna \u00e4r h\u00f6ga. God psykisk h\u00e4lsa fr\u00e4mjar orken i arbetet och arbetets produktivitet.<\/p>\n\n\n\n<h3 class=\"wp-block-heading\">1\/5 upplever psykiska st\u00f6rningar<\/h3>\n\n\n\n<p><br>Minst en av fem finl\u00e4ndare upplever psykiska st\u00f6rningar varje \u00e5r, och s\u00e5 m\u00e5nga som en femtedel av finl\u00e4ndarna insjuknar i depression under sin livstid.<\/p>\n\n\n\n<h3 class=\"wp-block-heading\">1\/5 gymnasieelever lider av \u00e5ngest<br><\/h3>\n\n\n\n<p>I THL:s enk\u00e4t f\u00f6r gymnasieelever som genomf\u00f6rs vartannat \u00e5r har antalet personer som upplever \u00e5ngest \u00f6kat kraftigt. F\u00f6r tio \u00e5r sedan upplevde ungef\u00e4r en av tio gymnasieelever m\u00e5ttlig till sv\u00e5r \u00e5ngest, medan \u00e5r 2023 hade mer \u00e4n en femtedel av gymnasieeleverna motsvarande upplevelse.<\/p>\n\n\n\n<h3 class=\"wp-block-heading\">1\/3 unga kvinnor lider av \u00e5ngest<\/h3>\n\n\n\n<p><br>Skillnaden mellan k\u00f6nen \u00e4r betydande. \u00c5ngest upplevdes av 7,4 % av unga m\u00e4n, men n\u00e4stan en tredjedel av unga kvinnor (30,7 %).<\/p>\n\n\n\n<h3 class=\"wp-block-heading\">30 procentenheter l\u00e4gre syssels\u00e4ttningsgrad<br><\/h3>\n\n\n\n<p>Syssels\u00e4ttningsgraden bland personer som lider av depression \u00e4r klart l\u00e4gre \u00e4n bland resten av befolkningen i hela Europa. I Finland \u00e4r skillnaden i syssels\u00e4ttningsgraderna cirka 30 procentenheter. Detta \u00e4r en stor utmaning n\u00e4r man str\u00e4var efter en syssels\u00e4ttningsgrad p\u00e5 80 procent p\u00e5 hela befolkningens niv\u00e5. F\u00f6r att uppn\u00e5 detta beh\u00f6ver personer med partiell arbetsf\u00f6rm\u00e5ga ocks\u00e5 involveras i arbetslivet.<\/p>\n\n\n\n<h3 class=\"wp-block-heading\">6\u20137 g\u00e5nger h\u00f6gre risk f\u00f6r arbetsl\u00f6shet<\/h3>\n\n\n\n<p><br>Enligt OECD:s utredning \u00e4r risken f\u00f6r arbetsl\u00f6shet hos personer som lider av en allvarlig psykisk st\u00f6rning 6\u20137 g\u00e5nger h\u00f6gre \u00e4n hos resten av befolkningen, och \u00e4ven hos personer som lider av en mild eller m\u00e5ttlig psykisk st\u00f6rning \u00e4r risken 2\u20133 g\u00e5nger h\u00f6gre.<\/p>\n\n\n\n<h3 class=\"wp-block-heading\">1\/2 invalidpensioner beror p\u00e5 psykiska st\u00f6rningar<\/h3>\n\n\n\n<p><br>I Finland beviljas mer \u00e4n h\u00e4lften av alla invalidpensioner p\u00e5 grund av psykiska st\u00f6rningar, vilket inneb\u00e4r att en betydande andel av personer i arbetsf\u00f6r \u00e5lder utesluts fr\u00e5n arbetsmarknaden p\u00e5 grund av psykisk oh\u00e4lsa.<\/p>\n\n\n\n<h3 class=\"wp-block-heading\">5,3 % av bruttonationalprodukten spenderas p\u00e5 kostnader f\u00f6r psykiska st\u00f6rningar<br><\/h3>\n\n\n\n<p>Detta inneb\u00e4r att kostnaderna \u00e5r 2022 var mer \u00e4n 14 miljarder euro. Beloppet best\u00e5r av arbetsmarknads- och h\u00e4lsov\u00e5rdskostnader samt socialskydd.<\/p>\n\n\n\n<h3 class=\"wp-block-heading\">1\/2 f\u00e4rre psykiska problem skulle l\u00f6sa h\u00e5llbarhetsunderskottet<\/h3>\n\n\n\n<p><br>Kostnadernas omfattning illustreras av det faktum att Finlands h\u00e5llbarhetsunderskott i praktiken skulle l\u00f6sas genom att halvera m\u00e4ngden psykiska problem.<\/p>\n\n\n\n<hr class=\"wp-block-separator has-alpha-channel-opacity\"\/>\n\n\n\n<h2 class=\"wp-block-heading\">Ekonomistuderandenas v\u00e4lbefinnandeunders\u00f6kning 2023: N\u00e4stan tv\u00e5 av fem studerande m\u00e5r psykiskt d\u00e5ligt<\/h2>\n\n\n\n<div class=\"wp-block-columns is-layout-flex wp-container-core-columns-is-layout-9d6595d7 wp-block-columns-is-layout-flex\">\n<div class=\"wp-block-column is-layout-flow wp-block-column-is-layout-flow\">\t<div class=\"wp-block-cdl-person-block\">\n\t\t<div class=\"image\">\n\t\t\t<img decoding=\"async\" src=\"https:\/\/www.ekonomit.fi\/wp-content\/uploads\/2020\/06\/Sirja_400x300px.jpg\">\n\t\t<\/div>\n\t\t<div class=\"info\">\n\t\t\t<div class=\"name\">\n\t\t\t\tKulmala-Portman\t\t\t\tSilja\t\t\t<\/div>\n\t\t\t<div class=\"job-title\">Karri\u00e4rcoach<\/div>\n\t\t\t<div class=\"phone\">p. +358443488431<\/div>\n\t\t\t\t\t\t\t<div class=\"linkedin\">\n\t\t\t\t\t<i class=\"fab fa-linkedin\"><\/i>\n\t\t\t\t\t<a href=\"http:\/\/www.linkedin.com\/in\/sirjakulmalaportman\">LinkedIn -profiili<\/a>\n\t\t\t\t<\/div>\n\t\t\t\t\t\t\t\t\t<div class=\"description\"><\/div>\n\t\t<\/div>\n\t<\/div>\n\t<\/div>\n\n\n\n<div class=\"wp-block-column is-layout-flow wp-block-column-is-layout-flow\">\t<div class=\"wp-block-cdl-person-block\">\n\t\t<div class=\"image\">\n\t\t\t<img decoding=\"async\" src=\"https:\/\/www.ekonomit.fi\/wp-content\/uploads\/2020\/06\/Riikka-Sipila.jpg\">\n\t\t<\/div>\n\t\t<div class=\"info\">\n\t\t\t<div class=\"name\">\n\t\t\t\tSipil\u00e4\t\t\t\tRiikka\t\t\t<\/div>\n\t\t\t<div class=\"job-title\">Specialsakkunnig, arbetsmarknads- och samh\u00e4llspolitik<\/div>\n\t\t\t<div class=\"phone\">p. +358400458226<\/div>\n\t\t\t\t\t\t\t\t\t<div class=\"description\"><\/div>\n\t\t<\/div>\n\t<\/div>\n\t<\/div>\n<\/div>\n\n\n\n<p>I Finlands Ekonomers v\u00e4lbefinnandeenk\u00e4t bed\u00f6mde ekonomistuderandena sin psykiska h\u00e4lsa som s\u00e4mre \u00e4n ekonomer i arbetsf\u00f6r \u00e5lder.<\/p>\n\n\n\n<p>Upp till 36 % av studerandena \u00e4r missn\u00f6jda eller mycket missn\u00f6jda med sin psykiska h\u00e4lsa. N\u00e4r det g\u00e4ller ekonomer i arbetsf\u00f6r \u00e5lder \u00e4r siffran 27 %.<\/p>\n\n\n\n<p>Manliga studerande \u00e4r n\u00f6jdare med sin psykiska h\u00e4lsa \u00e4n kvinnliga studerande. N\u00e4stan h\u00e4lften av m\u00e4nnen \u00e4r n\u00f6jda eller mycket n\u00f6jda med sitt eget v\u00e4lbefinnande. Bara ungef\u00e4r en tredjedel av kvinnorna \u00e4r n\u00f6jda eller mycket n\u00f6jda.<\/p>\n\n\n\n<p>Manliga studerande f\u00f6rh\u00e5ller sig ocks\u00e5 mer f\u00f6rtroendefullt till \u00f6verg\u00e5ngen till arbetslivet \u00e4n kvinnliga studerande. M\u00e4n gav b\u00e4ttre betyg \u00e4n kvinnor p\u00e5 alla teman relaterade till arbetslivet.<\/p>\n\n\n\n<p>Att arbeta vid sidan av studierna utmanar i viss m\u00e5n studerandenas psykiska h\u00e4lsa, men skillnaderna mellan heltidsstuderande och studerande som arbetar vid sidan av studierna \u00e4r inte stora.<\/p>\n\n\n\n<p>De \u00f6ppna svaren visade dock att studerandena upplever att kombinering av studier och arbete \u00e4r en av de st\u00f6rsta orsakerna till stress.<\/p>\n\n\n\n<p>\u201dDenna kombination upplevs som s\u00e5 p\u00e5frestande att det inte blir n\u00e5gon tid kvar f\u00f6r sociala relationer eller uppr\u00e4tth\u00e5llande av den fysiska konditionen, vilket syntes tydligt i de \u00f6ppna svaren\u201d, s\u00e4ger karri\u00e4rcoach Sirja Kulmala-Portman fr\u00e5n Finlands Ekonomer.<\/p>\n\n\n\n<p>\u00c5 andra sidan finns det betydande skillnader i v\u00e4lbefinnandet mellan studerande med olika huvud\u00e4mnen. I ytterligheterna finns huvud\u00e4mnesstuderande i finansiering som gav de b\u00e4sta betygen f\u00f6r sitt v\u00e4lbefinnande, och huvud\u00e4mnesstuderande i marknadsf\u00f6ring som gav de s\u00e4msta betygen.<\/p>\n\n\n\n<p>Huvud\u00e4mnesstuderande i finansiering gav de b\u00e4sta betygen p\u00e5 alla tre delomr\u00e5den av v\u00e4lbefinnande, det vill s\u00e4ga fysiskt, psykiskt och socialt v\u00e4lbefinnande.<\/p>\n\n\n\n<p>Ekonomistuderandena anser \u00f6ver hela linjen att det \u00e4r viktigt att arbetsgivare satsar p\u00e5 arbetsh\u00e4lsa. F\u00f6r huvud\u00e4mnesstuderande i ledning var detta s\u00e4rskilt viktigt.<\/p>\n\n\n\n<h3 class=\"wp-block-heading\">Fakta om unders\u00f6kningen:<\/h3>\n\n\n\n<ul class=\"wp-block-list\">\n<li>Unders\u00f6kningen genomf\u00f6rdes h\u00f6sten 2023. Svaren samlades in 5.10\u201331.10.2023. 751 ekonomistuderande fr\u00e5n hela Finland deltog i unders\u00f6kningen.<\/li>\n\n\n\n<li>Av respondenterna var 67 % kvinnor, 32 % m\u00e4n och 1 % ville inte definiera eller avsl\u00f6ja sitt k\u00f6n.<\/li>\n\n\n\n<li>H\u00e4lften av respondenterna var kandidatstuderande och h\u00e4lften magisterstuderande.<\/li>\n\n\n\n<li>Lite under h\u00e4lften av respondenterna var heltidsstuderande och lite \u00f6ver h\u00e4lften arbetade vid sidan av studierna antingen p\u00e5 deltid eller heltid.<\/li>\n<\/ul>\n\n\n\n<h3 class=\"wp-block-heading\">Finlands Ekonomer donerade 1 euro till Mieli ry f\u00f6r varje person som deltog i unders\u00f6kningen om ekonomers eller ekonomistuderandes v\u00e4lbefinnande. Det totala donationsbeloppet var 3\u202f000 \u20ac. Tack till alla deltagare!<\/h3>\n\n\n\n<hr class=\"wp-block-separator has-alpha-channel-opacity\"\/>\n\n\n\n<h2 class=\"wp-block-heading\">Den ekonomiska sinnesron \u00e4r hotad: utexaminerade fr\u00e5n h\u00f6gskolor kan ha ett l\u00e5n p\u00e5 mer \u00e4n 30 000 euro<\/h2>\n\n\n\n<figure class=\"wp-block-image size-large\"><img decoding=\"async\" width=\"1024\" height=\"684\" src=\"https:\/\/www.ekonomit.fi\/wp-content\/uploads\/2023\/11\/Nimeton-malli-3-1-1024x684.jpg\" alt=\"\" class=\"wp-image-40203\" srcset=\"https:\/\/www.ekonomit.fi\/wp-content\/uploads\/2023\/11\/Nimeton-malli-3-1-1024x684.jpg 1024w, https:\/\/www.ekonomit.fi\/wp-content\/uploads\/2023\/11\/Nimeton-malli-3-1-300x200.jpg 300w, https:\/\/www.ekonomit.fi\/wp-content\/uploads\/2023\/11\/Nimeton-malli-3-1-768x513.jpg 768w, https:\/\/www.ekonomit.fi\/wp-content\/uploads\/2023\/11\/Nimeton-malli-3-1-50x33.jpg 50w, https:\/\/www.ekonomit.fi\/wp-content\/uploads\/2023\/11\/Nimeton-malli-3-1-1536x1025.jpg 1536w, https:\/\/www.ekonomit.fi\/wp-content\/uploads\/2023\/11\/Nimeton-malli-3-1-1200x800.jpg 1200w, https:\/\/www.ekonomit.fi\/wp-content\/uploads\/2023\/11\/Nimeton-malli-3-1.jpg 1600w\" sizes=\"(max-width: 1024px) 100vw, 1024px\" \/><figcaption class=\"wp-element-caption\">Skribent: Sari Takala, chef f\u00f6r privatkunders l\u00e5n vid Danske Bank<\/figcaption><\/figure>\n\n\n\n<p>En \u00e4garbostad \u00e4r fortfarande en dr\u00f6m f\u00f6r m\u00e5nga finl\u00e4ndska ungdomar. N\u00e4r en ung vuxen tar examen, \u00f6verg\u00e5r till arbetslivet och b\u00f6rjar f\u00f6rv\u00e4rva sin f\u00f6rsta bostad kan studiel\u00e5net medf\u00f6ra en tr\u00e5kig \u00f6verraskning.<\/p>\n\n\n\n<p>Studiel\u00e5net \u00e4r en investering i ens egen kompetens och syssels\u00e4ttning, och d\u00e4rf\u00f6r ett bra s\u00e4tt att m\u00f6jligg\u00f6ra studierna. Den st\u00e4ndigt \u00f6kande m\u00e4ngden studiel\u00e5n p\u00e5verkar dock ocks\u00e5 unga vuxnas m\u00f6jligheter att fatta smarta ekonomiska beslut efter \u00f6verg\u00e5ngen till arbetslivet, till exempel att k\u00f6pa sin f\u00f6rsta bostad eller bygga en ekonomisk buffert genom att investera.<\/p>\n\n\n\n<p>Eftersom de aktuella int\u00e4kterna, utgifterna, tillg\u00e5ngarna och skulderna beaktas vid beviljandet av ett l\u00e5n, kan studiel\u00e5net minska storleken p\u00e5 det bostadsl\u00e5n som beviljas och begr\u00e4nsa bostadsk\u00f6parens alternativ s\u00e4rskilt i huvudstadsregionen.<\/p>\n\n\n\n<p>Under de senaste \u00e5ren har studerandenas utkomst baserat sig alltmer p\u00e5 l\u00e5n, och n\u00e4r man utexamineras fr\u00e5n en h\u00f6gskola kan man redan ha ett l\u00e5n p\u00e5 mer \u00e4n 30 000 euro.<br>Vanligtvis vill man i den samh\u00e4lleliga diskussionen begr\u00e4nsa hush\u00e5llens skulds\u00e4ttning och skapa lika m\u00f6jligheter till ett bra liv. D\u00e4rf\u00f6r \u00e4r det mots\u00e4gelsefullt hur enkelt det har gjorts att ta upp studiel\u00e5n och att man \u00e4ven har skapat incitament f\u00f6r det. Resultatet \u00e4r f\u00f6ljande:<\/p>\n\n\n\n<ul class=\"wp-block-list\">\n<li><strong>Oron v\u00e4xer<\/strong>: F\u00f6r n\u00e4rvarande \u00e4r studenterna sj\u00e4lva klart mer oroliga \u00e4n tidigare \u00f6ver att inte kunna hantera sina krediter och l\u00e5n. N\u00e4stan en av fem studerande \u00e4r oroliga f\u00f6r hur de kommer att klara av sina l\u00e5n, framg\u00e5r det av unders\u00f6kningen Taloudellinen mielenrauha 2023 som genomf\u00f6rts p\u00e5 uppdrag av Danske Bank.<br><\/li>\n\n\n\n<li><strong>Os\u00e4kerheten \u00f6kar<\/strong>: R\u00e4nteniv\u00e5n som stigit snabbt och st\u00f6rre studiel\u00e5nekapital har \u00f6kat upplevelsen av ekonomisk os\u00e4kerhet som m\u00e5nga studerande anser varar l\u00e4ngre \u00e4n bara studietiden. F\u00f6rverkligandet av dr\u00f6mmen om en \u00e4garbostad skjuts upp allt mer. Sedan millennieskiftet har medel\u00e5ldern f\u00f6r k\u00f6pare av f\u00f6rsta bostad stigit fr\u00e5n under 28 \u00e5r till n\u00e4stan 30 \u00e5r.<br><\/li>\n\n\n\n<li><strong>Oj\u00e4mlikheten \u00f6kar<\/strong>: L\u00e5nebetonade studier kan ocks\u00e5 ytterligare \u00f6ka den ekonomiska oj\u00e4mlikheten. Ungas m\u00f6jligheter att ackumulera sin egen f\u00f6rm\u00f6genhet genom att f\u00f6rv\u00e4rva en bostad f\u00f6rsvagas om den ungas familj inte kan st\u00f6dja hen ekonomiskt under studierna eller vid k\u00f6p av bostad.<\/li>\n<\/ul>\n\n\n\n<h3 class=\"wp-block-heading\">Vad beh\u00f6vs f\u00f6r att f\u00f6rst\u00e4rka unga vuxnas ekonomiska sinnesro?<\/h3>\n\n\n\n<p>Politiska beslutsfattare m\u00e5ste inse att ytterligare betonande av studiel\u00e5net kan f\u00e5 sv\u00e5ra l\u00e5ngsiktiga effekter, som \u00e4n s\u00e5 l\u00e4nge har utv\u00e4rderats lite.<\/p>\n\n\n\n<p>F\u00f6r att bygga en h\u00e5llbar framtid \u00e4r det viktigt att skapa incitament f\u00f6r att slutf\u00f6ra studierna i enlighet med de rekommenderade tidtabellerna och st\u00e4rka de ungas syssels\u00e4ttningsm\u00f6jligheter, s\u00e5 att studierna och den skulds\u00e4ttning de orsakar inte blir s\u00e5 l\u00e5ngvariga.<\/p>\n\n\n\n<p>Man m\u00e5ste med mer omfattande medel st\u00e4rka barns och ungas ekonomiska kompetens hemma, i skolan och i samh\u00e4lleliga diskussioner, eftersom ekonomisk kompetens har en stor betydelse f\u00f6r hanteringen av den egna ekonomin.<br>Och var och en av oss m\u00e5ste ta den egna ekonomin i v\u00e5ra egna h\u00e4nder. L\u00e5ngsiktig planering av den egna ekonomin samt sparande och placering ska i m\u00e5n av m\u00f6jlighet p\u00e5b\u00f6rjas redan under studietiden. Allt detta \u00e4r till hj\u00e4lp n\u00e4r det blir aktuellt att k\u00f6pa ett eget hem.<\/p>\n\n\n\n<hr class=\"wp-block-separator has-alpha-channel-opacity\"\/>\n\n\n\n<h2 class=\"wp-block-heading\">Trycket \u00e4r p\u00e5 \u2013 de unga vill vara framtiden, men orkar de?<\/h2>\n\n\n\n<figure class=\"wp-block-image size-large\"><img decoding=\"async\" width=\"1024\" height=\"684\" src=\"https:\/\/www.ekonomit.fi\/wp-content\/uploads\/2023\/11\/Nimeton-malli-4-1-1024x684.jpg\" alt=\"\" class=\"wp-image-40206\" srcset=\"https:\/\/www.ekonomit.fi\/wp-content\/uploads\/2023\/11\/Nimeton-malli-4-1-1024x684.jpg 1024w, https:\/\/www.ekonomit.fi\/wp-content\/uploads\/2023\/11\/Nimeton-malli-4-1-300x200.jpg 300w, https:\/\/www.ekonomit.fi\/wp-content\/uploads\/2023\/11\/Nimeton-malli-4-1-768x513.jpg 768w, https:\/\/www.ekonomit.fi\/wp-content\/uploads\/2023\/11\/Nimeton-malli-4-1-50x33.jpg 50w, https:\/\/www.ekonomit.fi\/wp-content\/uploads\/2023\/11\/Nimeton-malli-4-1-1536x1025.jpg 1536w, https:\/\/www.ekonomit.fi\/wp-content\/uploads\/2023\/11\/Nimeton-malli-4-1-1200x800.jpg 1200w, https:\/\/www.ekonomit.fi\/wp-content\/uploads\/2023\/11\/Nimeton-malli-4-1.jpg 1600w\" sizes=\"(max-width: 1024px) 100vw, 1024px\" \/><figcaption class=\"wp-element-caption\">Skribent: Lotta Leinonen, ordf\u00f6rande, Finlands studentk\u00e5rers f\u00f6rbund<\/figcaption><\/figure>\n\n\n\n<p>Trycket och ansvaret p\u00e5 den yngre generationens axlar \u00e4r stort. Vi st\u00e5r inf\u00f6r utmaningen att l\u00f6sa stora samh\u00e4lleliga problem. I framtiden \u00e4r v\u00e5r uppgift till exempel att l\u00f6sa klimatkrisen och \u00e5tg\u00e4rda de problem som orsakas av f\u00f6rs\u00f6rjningskvoten.<\/p>\n\n\n\n<p>Studerandena \u00e4r ocks\u00e5 f\u00f6r \u00f6vrigt under stor press. Den m\u00e5lsatta tiden f\u00f6r utexamineringen skapar tryck f\u00f6r att f\u00e5 studierna att g\u00e5 fram\u00e5t, tidsfristerna pressar p\u00e5 och sociala medier och det prestationsfokuserade samh\u00e4llet vi lever i skapar tryck f\u00f6r att klara sig.<\/p>\n\n\n\n<p>Naturligtvis l\u00e5ter listan ovan dramatisk. Om man vill hitta n\u00e5got positivt i den s\u00e5 s\u00e4gs det att diamanter skapas under tryck. Studerande som har tagit emot en studieplats \u00e4r motiverade och m\u00e5lmedvetna att g\u00e5 fram\u00e5t mot examen. M\u00e5nga f\u00e5r st\u00f6d fr\u00e5n omgivningen och undervisningspersonalen hj\u00e4lper oss fram\u00e5t, \u00e4ven om de ofta k\u00e4mpar med resursbrist.<br>M\u00e5nga delar oron f\u00f6r v\u00e5r ork. Men g\u00f6r man tillr\u00e4ckligt f\u00f6r att l\u00f6sa problemet?<br>Politiker har s\u00e4rskilt i och med f\u00f6rra v\u00e5rens riksdagsval varnat om att statens enorma skuldb\u00f6rda h\u00e5ller p\u00e5 att falla i de ungas armar.<\/p>\n\n\n\n<p>De beslut som fattats av Orpos regering h\u00e5ller nu p\u00e5 att flytta statens skuldb\u00f6rda till den unga generationen. Indexet f\u00f6r studiest\u00f6d kommer att frysas och bostadsbidraget kommer att s\u00e4nkas. F\u00f6r att kompensera f\u00f6r dessa kommer statsgarantin f\u00f6r studiel\u00e5net sannolikt att h\u00f6jas. Detta kommer att leda till att de ungas skuldb\u00f6rda \u00f6kar. Skulden skjuts fr\u00e5n staten till de unga.<\/p>\n\n\n\n<p>Svag utkomst \u00e4r en utmaning f\u00f6r den mentala h\u00e4lsan. Elva procent av de studerande som klarar sig bra ekonomiskt har en d\u00e5lig psykisk h\u00e4lsa, men andelen \u00e4r mer \u00e4n dubbelt s\u00e5 stor, 27 procent, hos de som har svag eller os\u00e4ker utkomst.<\/p>\n\n\n\n<p>I studerandenas liv kan oron f\u00f6r huruvida pengarna r\u00e4cker till vara st\u00e4ndigt n\u00e4rvarande. Studerandena k\u00e4mpar \u00e5r efter \u00e5r<br>f\u00f6r att f\u00e5 ett sommarjobb, eftersom efterfr\u00e5gan p\u00e5 sommarjobb \u00e4r enorm.<\/p>\n\n\n\n<p>Studierna m\u00e5ste framskrida i tillr\u00e4cklig takt f\u00f6r att f\u00e5 studiest\u00f6d. Och om utexamineringen blir f\u00f6rsenad tar st\u00f6dm\u00e5naderna slut. Penningf\u00f6rm\u00e5nerna \u00e4r s\u00e4llan tillr\u00e4ckliga f\u00f6r det grundl\u00e4ggande livet, s\u00e5 de flesta studerande tar ut studiel\u00e5n f\u00f6r att klara av vardagen. Studerande f\u00e5r vanligtvis inte utkomstst\u00f6d, eftersom studiel\u00e5net \u00e4r den prim\u00e4ra inkomstk\u00e4llan.<\/p>\n\n\n\n<p>Studerandenas skulds\u00e4ttning har \u00f6kat betydligt. Studiel\u00e5nebest\u00e5ndet har mer \u00e4n f\u00f6rdubblats sedan 2017. I genomsnitt har utexaminerade magistrar f\u00f6r n\u00e4rvarande ett l\u00e5n p\u00e5 mer \u00e4n 20 000 euro.<\/p>\n\n\n\n<p>De planerade f\u00f6rsvagningarna av studerandenas f\u00f6rs\u00f6rjning kommer mycket sannolikt att leda till en snabb \u00f6kning av de nyutexaminerades studiel\u00e5n. Det f\u00f6rv\u00e4ntas att l\u00e5nebeloppen under de n\u00e4rmaste \u00e5ren kommer att \u00f6ka till 30 000 euro.<\/p>\n\n\n\n<p>Skulder av den h\u00e4r storleken skapar inte framtidstro hos den unga generationen. Efter examen skulle det vara underbart att k\u00f6pa en egen bostad eller dr\u00f6mma om att starta en familj, men en stor l\u00e5neb\u00f6rda skjuter upp dr\u00f6mmarna. Stora studiel\u00e5n minskar m\u00f6jligheterna att f\u00e5 ett bostadsl\u00e5n. Dessutom p\u00e5verkar upph\u00e4vandet av befrielsen fr\u00e5n \u00f6verl\u00e5telseskatt f\u00f6r f\u00f6rsta bostad direkt unga vuxna. Studiel\u00e5net och avskaffandet av befrielsen fr\u00e5n \u00f6verl\u00e5telseskatt kan tillsammans skjuta upp k\u00f6pet av en bostad med flera \u00e5r.<\/p>\n\n\n\n<p>Framtidstron testas allts\u00e5 \u00e4ven efter examen, men utmaningar med den psykiska h\u00e4lsan drabbar unga s\u00e4rskilt under studietiden. Psykiska st\u00f6rningar \u00e4r vanligare bland h\u00f6gskolestuderande \u00e4n resten av den vuxna befolkningen.<\/p>\n\n\n\n<p>Mentalh\u00e4lsokrisen har \u00e5terspeglats i en betydande \u00f6kning av efterfr\u00e5gan p\u00e5 psykiatriska tj\u00e4nster vid SHVS, och det finns ingen \u00e5terv\u00e4ndo i sikte.<\/p>\n\n\n\n<p>Studerandena \u00e4r nu i desperat behov av st\u00f6d f\u00f6r psykiska problem samt en niv\u00e5f\u00f6rh\u00f6jning av studiest\u00f6det.<\/p>\n\n\n\n<p>Det \u00e4r bra att Orpos regeringsprogram identifierar utmaningarna med psykisk h\u00e4lsa och deras betydelse f\u00f6r individer och samh\u00e4llet, men det saknas konkreta \u00e5tg\u00e4rder f\u00f6r att hantera dem.<\/p>\n\n\n\n<p>Unga \u00e4r redo att l\u00f6sa framtidens utmaningar. Men vi beh\u00f6ver en r\u00e4ttvisare utg\u00e5ngspunkt f\u00f6r det. Vi beh\u00f6ver en tillr\u00e4cklig utkomst som m\u00f6jligg\u00f6r studierna samt st\u00f6d fr\u00e5n mentalv\u00e5rdstj\u00e4nster n\u00e4r vi beh\u00f6ver det. D\u00e5 kan vi hantera pressen. D\u00e5 kan de unga vara den framtid som samh\u00e4llet beh\u00f6ver.<\/p>\n<div class=\"rns\" data-title=\"Mental h\u00e4lsa resultatvarning: Finland beh\u00f6ver friska ekonomer\" data-tags=\"V\u00e4lbefinnande\" data-categories=\"Pressmeddelande\" data-comments=\"0\" data-date=\"1700467987000\" data-author=\"idalevanen\" data-single=\"\" data-url=\"https:\/\/www.ekonomit.fi\/sv\/pressmeddelande\/mental-halsa-resultatvarning-finland-behover-friska-ekonomer\/\"><\/div> <!-- Check out https:\/\/reactandshare.com -->","protected":false},"excerpt":{"rendered":"<p>Finlands Ekonomers medlemsunders\u00f6kning visade att ekonomistuderandena \u00f6verlag beh\u00f6ver mer information och diskussion om ork och psykisk h\u00e4lsa. S\u00e5 vi unders\u00f6ker och pratar, men det r\u00e4cker tydligen inte med att bara prata. Vi m\u00e5ste h\u00f6ja r\u00f6sten: vi utlyser nu en vinstvarning f\u00f6r psykisk h\u00e4lsa.<\/p>\n","protected":false},"author":4,"featured_media":40209,"comment_status":"closed","ping_status":"closed","sticky":false,"template":"","format":"standard","meta":{"_acf_changed":false,"inline_featured_image":false,"advgb_blocks_editor_width":"","advgb_blocks_columns_visual_guide":"","_jetpack_memberships_contains_paid_content":false,"footnotes":""},"categories":[112],"tags":[144],"class_list":["post-40202","post","type-post","status-publish","format-standard","has-post-thumbnail","hentry","category-pressmeddelande","tag-valbefinnande"],"acf":[],"yoast_head":"<!-- This site is optimized with the Yoast SEO plugin v27.5 - https:\/\/yoast.com\/product\/yoast-seo-wordpress\/ -->\n<title>Mental h\u00e4lsa resultatvarning: Finland beh\u00f6ver friska ekonomer - Suomen Ekonomit<\/title>\n<meta name=\"robots\" content=\"index, follow, max-snippet:-1, max-image-preview:large, max-video-preview:-1\" \/>\n<link rel=\"canonical\" href=\"https:\/\/www.ekonomit.fi\/sv\/pressmeddelande\/mental-halsa-resultatvarning-finland-behover-friska-ekonomer\/\" \/>\n<meta property=\"og:locale\" content=\"sv_SE\" \/>\n<meta property=\"og:type\" content=\"article\" \/>\n<meta property=\"og:title\" content=\"Mental h\u00e4lsa resultatvarning: Finland beh\u00f6ver friska ekonomer - Suomen Ekonomit\" \/>\n<meta property=\"og:description\" content=\"Finlands Ekonomers medlemsunders\u00f6kning visade att ekonomistuderandena \u00f6verlag beh\u00f6ver mer information och diskussion om ork och psykisk h\u00e4lsa. S\u00e5 vi unders\u00f6ker och pratar, men det r\u00e4cker tydligen inte med att bara prata. Vi m\u00e5ste h\u00f6ja r\u00f6sten: vi utlyser nu en vinstvarning f\u00f6r psykisk h\u00e4lsa.\" \/>\n<meta property=\"og:url\" content=\"https:\/\/www.ekonomit.fi\/sv\/pressmeddelande\/mental-halsa-resultatvarning-finland-behover-friska-ekonomer\/\" \/>\n<meta property=\"og:site_name\" content=\"Suomen Ekonomit\" \/>\n<meta property=\"article:published_time\" content=\"2023-11-20T06:13:07+00:00\" \/>\n<meta property=\"article:modified_time\" content=\"2023-11-20T06:13:08+00:00\" \/>\n<meta property=\"og:image\" content=\"https:\/\/www.ekonomit.fi\/wp-content\/uploads\/2023\/11\/231116_Suomen-Ekonomit_Mielenterveyskampanja-2023-tunnus_Artikkelikuva-1610x1078px_SE.png\" \/>\n\t<meta property=\"og:image:width\" content=\"1610\" \/>\n\t<meta property=\"og:image:height\" content=\"1078\" \/>\n\t<meta property=\"og:image:type\" content=\"image\/png\" \/>\n<meta name=\"author\" content=\"idalevanen\" \/>\n<meta name=\"twitter:card\" content=\"summary_large_image\" \/>\n<meta name=\"twitter:label1\" content=\"Skriven av\" \/>\n\t<meta name=\"twitter:data1\" content=\"idalevanen\" \/>\n\t<meta name=\"twitter:label2\" content=\"Ber\u00e4knad l\u00e4stid\" \/>\n\t<meta name=\"twitter:data2\" content=\"15 minuter\" \/>\n<script type=\"application\/ld+json\" class=\"yoast-schema-graph\">{\"@context\":\"https:\\\/\\\/schema.org\",\"@graph\":[{\"@type\":\"Article\",\"@id\":\"https:\\\/\\\/www.ekonomit.fi\\\/sv\\\/pressmeddelande\\\/mental-halsa-resultatvarning-finland-behover-friska-ekonomer\\\/#article\",\"isPartOf\":{\"@id\":\"https:\\\/\\\/www.ekonomit.fi\\\/sv\\\/pressmeddelande\\\/mental-halsa-resultatvarning-finland-behover-friska-ekonomer\\\/\"},\"author\":{\"name\":\"idalevanen\",\"@id\":\"https:\\\/\\\/www.ekonomit.fi\\\/sv\\\/#\\\/schema\\\/person\\\/554e98e5e34c51fcdc89c46badffadbf\"},\"headline\":\"Mental h\u00e4lsa resultatvarning: Finland beh\u00f6ver friska ekonomer\",\"datePublished\":\"2023-11-20T06:13:07+00:00\",\"dateModified\":\"2023-11-20T06:13:08+00:00\",\"mainEntityOfPage\":{\"@id\":\"https:\\\/\\\/www.ekonomit.fi\\\/sv\\\/pressmeddelande\\\/mental-halsa-resultatvarning-finland-behover-friska-ekonomer\\\/\"},\"wordCount\":2744,\"publisher\":{\"@id\":\"https:\\\/\\\/www.ekonomit.fi\\\/sv\\\/#organization\"},\"image\":{\"@id\":\"https:\\\/\\\/www.ekonomit.fi\\\/sv\\\/pressmeddelande\\\/mental-halsa-resultatvarning-finland-behover-friska-ekonomer\\\/#primaryimage\"},\"thumbnailUrl\":\"https:\\\/\\\/www.ekonomit.fi\\\/wp-content\\\/uploads\\\/2023\\\/11\\\/231116_Suomen-Ekonomit_Mielenterveyskampanja-2023-tunnus_Artikkelikuva-1610x1078px_SE.png\",\"keywords\":[\"V\u00e4lbefinnande\"],\"articleSection\":[\"Pressmeddelande\"],\"inLanguage\":\"sv-SE\"},{\"@type\":\"WebPage\",\"@id\":\"https:\\\/\\\/www.ekonomit.fi\\\/sv\\\/pressmeddelande\\\/mental-halsa-resultatvarning-finland-behover-friska-ekonomer\\\/\",\"url\":\"https:\\\/\\\/www.ekonomit.fi\\\/sv\\\/pressmeddelande\\\/mental-halsa-resultatvarning-finland-behover-friska-ekonomer\\\/\",\"name\":\"Mental h\u00e4lsa resultatvarning: Finland beh\u00f6ver friska ekonomer - Suomen Ekonomit\",\"isPartOf\":{\"@id\":\"https:\\\/\\\/www.ekonomit.fi\\\/sv\\\/#website\"},\"primaryImageOfPage\":{\"@id\":\"https:\\\/\\\/www.ekonomit.fi\\\/sv\\\/pressmeddelande\\\/mental-halsa-resultatvarning-finland-behover-friska-ekonomer\\\/#primaryimage\"},\"image\":{\"@id\":\"https:\\\/\\\/www.ekonomit.fi\\\/sv\\\/pressmeddelande\\\/mental-halsa-resultatvarning-finland-behover-friska-ekonomer\\\/#primaryimage\"},\"thumbnailUrl\":\"https:\\\/\\\/www.ekonomit.fi\\\/wp-content\\\/uploads\\\/2023\\\/11\\\/231116_Suomen-Ekonomit_Mielenterveyskampanja-2023-tunnus_Artikkelikuva-1610x1078px_SE.png\",\"datePublished\":\"2023-11-20T06:13:07+00:00\",\"dateModified\":\"2023-11-20T06:13:08+00:00\",\"breadcrumb\":{\"@id\":\"https:\\\/\\\/www.ekonomit.fi\\\/sv\\\/pressmeddelande\\\/mental-halsa-resultatvarning-finland-behover-friska-ekonomer\\\/#breadcrumb\"},\"inLanguage\":\"sv-SE\",\"potentialAction\":[{\"@type\":\"ReadAction\",\"target\":[\"https:\\\/\\\/www.ekonomit.fi\\\/sv\\\/pressmeddelande\\\/mental-halsa-resultatvarning-finland-behover-friska-ekonomer\\\/\"]}]},{\"@type\":\"ImageObject\",\"inLanguage\":\"sv-SE\",\"@id\":\"https:\\\/\\\/www.ekonomit.fi\\\/sv\\\/pressmeddelande\\\/mental-halsa-resultatvarning-finland-behover-friska-ekonomer\\\/#primaryimage\",\"url\":\"https:\\\/\\\/www.ekonomit.fi\\\/wp-content\\\/uploads\\\/2023\\\/11\\\/231116_Suomen-Ekonomit_Mielenterveyskampanja-2023-tunnus_Artikkelikuva-1610x1078px_SE.png\",\"contentUrl\":\"https:\\\/\\\/www.ekonomit.fi\\\/wp-content\\\/uploads\\\/2023\\\/11\\\/231116_Suomen-Ekonomit_Mielenterveyskampanja-2023-tunnus_Artikkelikuva-1610x1078px_SE.png\",\"width\":1610,\"height\":1078},{\"@type\":\"BreadcrumbList\",\"@id\":\"https:\\\/\\\/www.ekonomit.fi\\\/sv\\\/pressmeddelande\\\/mental-halsa-resultatvarning-finland-behover-friska-ekonomer\\\/#breadcrumb\",\"itemListElement\":[{\"@type\":\"ListItem\",\"position\":1,\"name\":\"Home\",\"item\":\"https:\\\/\\\/www.ekonomit.fi\\\/sv\\\/\"},{\"@type\":\"ListItem\",\"position\":2,\"name\":\"Mental h\u00e4lsa resultatvarning: Finland beh\u00f6ver friska ekonomer\"}]},{\"@type\":\"WebSite\",\"@id\":\"https:\\\/\\\/www.ekonomit.fi\\\/sv\\\/#website\",\"url\":\"https:\\\/\\\/www.ekonomit.fi\\\/sv\\\/\",\"name\":\"Suomen Ekonomit\",\"description\":\"\",\"publisher\":{\"@id\":\"https:\\\/\\\/www.ekonomit.fi\\\/sv\\\/#organization\"},\"potentialAction\":[{\"@type\":\"SearchAction\",\"target\":{\"@type\":\"EntryPoint\",\"urlTemplate\":\"https:\\\/\\\/www.ekonomit.fi\\\/sv\\\/?s={search_term_string}\"},\"query-input\":{\"@type\":\"PropertyValueSpecification\",\"valueRequired\":true,\"valueName\":\"search_term_string\"}}],\"inLanguage\":\"sv-SE\"},{\"@type\":\"Organization\",\"@id\":\"https:\\\/\\\/www.ekonomit.fi\\\/sv\\\/#organization\",\"name\":\"Suomen Ekonomit\",\"url\":\"https:\\\/\\\/www.ekonomit.fi\\\/sv\\\/\",\"logo\":{\"@type\":\"ImageObject\",\"inLanguage\":\"sv-SE\",\"@id\":\"https:\\\/\\\/www.ekonomit.fi\\\/sv\\\/#\\\/schema\\\/logo\\\/image\\\/\",\"url\":\"https:\\\/\\\/www.ekonomit.fi\\\/wp-content\\\/uploads\\\/2020\\\/05\\\/ekonomit-mer-nega.png\",\"contentUrl\":\"https:\\\/\\\/www.ekonomit.fi\\\/wp-content\\\/uploads\\\/2020\\\/05\\\/ekonomit-mer-nega.png\",\"width\":870,\"height\":307,\"caption\":\"Suomen Ekonomit\"},\"image\":{\"@id\":\"https:\\\/\\\/www.ekonomit.fi\\\/sv\\\/#\\\/schema\\\/logo\\\/image\\\/\"}},{\"@type\":\"Person\",\"@id\":\"https:\\\/\\\/www.ekonomit.fi\\\/sv\\\/#\\\/schema\\\/person\\\/554e98e5e34c51fcdc89c46badffadbf\",\"name\":\"idalevanen\",\"image\":{\"@type\":\"ImageObject\",\"inLanguage\":\"sv-SE\",\"@id\":\"https:\\\/\\\/www.ekonomit.fi\\\/wp-content\\\/litespeed\\\/avatar\\\/632fbac5f499bf8a7bd6f3297b3dffdb.jpg?ver=1777366207\",\"url\":\"https:\\\/\\\/www.ekonomit.fi\\\/wp-content\\\/litespeed\\\/avatar\\\/632fbac5f499bf8a7bd6f3297b3dffdb.jpg?ver=1777366207\",\"contentUrl\":\"https:\\\/\\\/www.ekonomit.fi\\\/wp-content\\\/litespeed\\\/avatar\\\/632fbac5f499bf8a7bd6f3297b3dffdb.jpg?ver=1777366207\",\"caption\":\"idalevanen\"}}]}<\/script>\n<!-- \/ Yoast SEO plugin. -->","yoast_head_json":{"title":"Mental h\u00e4lsa resultatvarning: Finland beh\u00f6ver friska ekonomer - Suomen Ekonomit","robots":{"index":"index","follow":"follow","max-snippet":"max-snippet:-1","max-image-preview":"max-image-preview:large","max-video-preview":"max-video-preview:-1"},"canonical":"https:\/\/www.ekonomit.fi\/sv\/pressmeddelande\/mental-halsa-resultatvarning-finland-behover-friska-ekonomer\/","og_locale":"sv_SE","og_type":"article","og_title":"Mental h\u00e4lsa resultatvarning: Finland beh\u00f6ver friska ekonomer - Suomen Ekonomit","og_description":"Finlands Ekonomers medlemsunders\u00f6kning visade att ekonomistuderandena \u00f6verlag beh\u00f6ver mer information och diskussion om ork och psykisk h\u00e4lsa. S\u00e5 vi unders\u00f6ker och pratar, men det r\u00e4cker tydligen inte med att bara prata. Vi m\u00e5ste h\u00f6ja r\u00f6sten: vi utlyser nu en vinstvarning f\u00f6r psykisk h\u00e4lsa.","og_url":"https:\/\/www.ekonomit.fi\/sv\/pressmeddelande\/mental-halsa-resultatvarning-finland-behover-friska-ekonomer\/","og_site_name":"Suomen Ekonomit","article_published_time":"2023-11-20T06:13:07+00:00","article_modified_time":"2023-11-20T06:13:08+00:00","og_image":[{"width":1610,"height":1078,"url":"https:\/\/www.ekonomit.fi\/wp-content\/uploads\/2023\/11\/231116_Suomen-Ekonomit_Mielenterveyskampanja-2023-tunnus_Artikkelikuva-1610x1078px_SE.png","type":"image\/png"}],"author":"idalevanen","twitter_card":"summary_large_image","twitter_misc":{"Skriven av":"idalevanen","Ber\u00e4knad l\u00e4stid":"15 minuter"},"schema":{"@context":"https:\/\/schema.org","@graph":[{"@type":"Article","@id":"https:\/\/www.ekonomit.fi\/sv\/pressmeddelande\/mental-halsa-resultatvarning-finland-behover-friska-ekonomer\/#article","isPartOf":{"@id":"https:\/\/www.ekonomit.fi\/sv\/pressmeddelande\/mental-halsa-resultatvarning-finland-behover-friska-ekonomer\/"},"author":{"name":"idalevanen","@id":"https:\/\/www.ekonomit.fi\/sv\/#\/schema\/person\/554e98e5e34c51fcdc89c46badffadbf"},"headline":"Mental h\u00e4lsa resultatvarning: Finland beh\u00f6ver friska ekonomer","datePublished":"2023-11-20T06:13:07+00:00","dateModified":"2023-11-20T06:13:08+00:00","mainEntityOfPage":{"@id":"https:\/\/www.ekonomit.fi\/sv\/pressmeddelande\/mental-halsa-resultatvarning-finland-behover-friska-ekonomer\/"},"wordCount":2744,"publisher":{"@id":"https:\/\/www.ekonomit.fi\/sv\/#organization"},"image":{"@id":"https:\/\/www.ekonomit.fi\/sv\/pressmeddelande\/mental-halsa-resultatvarning-finland-behover-friska-ekonomer\/#primaryimage"},"thumbnailUrl":"https:\/\/www.ekonomit.fi\/wp-content\/uploads\/2023\/11\/231116_Suomen-Ekonomit_Mielenterveyskampanja-2023-tunnus_Artikkelikuva-1610x1078px_SE.png","keywords":["V\u00e4lbefinnande"],"articleSection":["Pressmeddelande"],"inLanguage":"sv-SE"},{"@type":"WebPage","@id":"https:\/\/www.ekonomit.fi\/sv\/pressmeddelande\/mental-halsa-resultatvarning-finland-behover-friska-ekonomer\/","url":"https:\/\/www.ekonomit.fi\/sv\/pressmeddelande\/mental-halsa-resultatvarning-finland-behover-friska-ekonomer\/","name":"Mental h\u00e4lsa resultatvarning: Finland beh\u00f6ver friska ekonomer - Suomen Ekonomit","isPartOf":{"@id":"https:\/\/www.ekonomit.fi\/sv\/#website"},"primaryImageOfPage":{"@id":"https:\/\/www.ekonomit.fi\/sv\/pressmeddelande\/mental-halsa-resultatvarning-finland-behover-friska-ekonomer\/#primaryimage"},"image":{"@id":"https:\/\/www.ekonomit.fi\/sv\/pressmeddelande\/mental-halsa-resultatvarning-finland-behover-friska-ekonomer\/#primaryimage"},"thumbnailUrl":"https:\/\/www.ekonomit.fi\/wp-content\/uploads\/2023\/11\/231116_Suomen-Ekonomit_Mielenterveyskampanja-2023-tunnus_Artikkelikuva-1610x1078px_SE.png","datePublished":"2023-11-20T06:13:07+00:00","dateModified":"2023-11-20T06:13:08+00:00","breadcrumb":{"@id":"https:\/\/www.ekonomit.fi\/sv\/pressmeddelande\/mental-halsa-resultatvarning-finland-behover-friska-ekonomer\/#breadcrumb"},"inLanguage":"sv-SE","potentialAction":[{"@type":"ReadAction","target":["https:\/\/www.ekonomit.fi\/sv\/pressmeddelande\/mental-halsa-resultatvarning-finland-behover-friska-ekonomer\/"]}]},{"@type":"ImageObject","inLanguage":"sv-SE","@id":"https:\/\/www.ekonomit.fi\/sv\/pressmeddelande\/mental-halsa-resultatvarning-finland-behover-friska-ekonomer\/#primaryimage","url":"https:\/\/www.ekonomit.fi\/wp-content\/uploads\/2023\/11\/231116_Suomen-Ekonomit_Mielenterveyskampanja-2023-tunnus_Artikkelikuva-1610x1078px_SE.png","contentUrl":"https:\/\/www.ekonomit.fi\/wp-content\/uploads\/2023\/11\/231116_Suomen-Ekonomit_Mielenterveyskampanja-2023-tunnus_Artikkelikuva-1610x1078px_SE.png","width":1610,"height":1078},{"@type":"BreadcrumbList","@id":"https:\/\/www.ekonomit.fi\/sv\/pressmeddelande\/mental-halsa-resultatvarning-finland-behover-friska-ekonomer\/#breadcrumb","itemListElement":[{"@type":"ListItem","position":1,"name":"Home","item":"https:\/\/www.ekonomit.fi\/sv\/"},{"@type":"ListItem","position":2,"name":"Mental h\u00e4lsa resultatvarning: Finland beh\u00f6ver friska ekonomer"}]},{"@type":"WebSite","@id":"https:\/\/www.ekonomit.fi\/sv\/#website","url":"https:\/\/www.ekonomit.fi\/sv\/","name":"Suomen Ekonomit","description":"","publisher":{"@id":"https:\/\/www.ekonomit.fi\/sv\/#organization"},"potentialAction":[{"@type":"SearchAction","target":{"@type":"EntryPoint","urlTemplate":"https:\/\/www.ekonomit.fi\/sv\/?s={search_term_string}"},"query-input":{"@type":"PropertyValueSpecification","valueRequired":true,"valueName":"search_term_string"}}],"inLanguage":"sv-SE"},{"@type":"Organization","@id":"https:\/\/www.ekonomit.fi\/sv\/#organization","name":"Suomen Ekonomit","url":"https:\/\/www.ekonomit.fi\/sv\/","logo":{"@type":"ImageObject","inLanguage":"sv-SE","@id":"https:\/\/www.ekonomit.fi\/sv\/#\/schema\/logo\/image\/","url":"https:\/\/www.ekonomit.fi\/wp-content\/uploads\/2020\/05\/ekonomit-mer-nega.png","contentUrl":"https:\/\/www.ekonomit.fi\/wp-content\/uploads\/2020\/05\/ekonomit-mer-nega.png","width":870,"height":307,"caption":"Suomen Ekonomit"},"image":{"@id":"https:\/\/www.ekonomit.fi\/sv\/#\/schema\/logo\/image\/"}},{"@type":"Person","@id":"https:\/\/www.ekonomit.fi\/sv\/#\/schema\/person\/554e98e5e34c51fcdc89c46badffadbf","name":"idalevanen","image":{"@type":"ImageObject","inLanguage":"sv-SE","@id":"https:\/\/www.ekonomit.fi\/wp-content\/litespeed\/avatar\/632fbac5f499bf8a7bd6f3297b3dffdb.jpg?ver=1777366207","url":"https:\/\/www.ekonomit.fi\/wp-content\/litespeed\/avatar\/632fbac5f499bf8a7bd6f3297b3dffdb.jpg?ver=1777366207","contentUrl":"https:\/\/www.ekonomit.fi\/wp-content\/litespeed\/avatar\/632fbac5f499bf8a7bd6f3297b3dffdb.jpg?ver=1777366207","caption":"idalevanen"}}]}},"author_meta":{"display_name":"idalevanen","author_link":"https:\/\/www.ekonomit.fi\/sv\/author\/idalevanen\/"},"featured_img":"https:\/\/www.ekonomit.fi\/wp-content\/uploads\/2023\/11\/231116_Suomen-Ekonomit_Mielenterveyskampanja-2023-tunnus_Artikkelikuva-1610x1078px_SE-300x201.png","jetpack_featured_media_url":"https:\/\/www.ekonomit.fi\/wp-content\/uploads\/2023\/11\/231116_Suomen-Ekonomit_Mielenterveyskampanja-2023-tunnus_Artikkelikuva-1610x1078px_SE.png","coauthors":[],"tax_additional":{"categories":{"linked":["<a href=\"https:\/\/www.ekonomit.fi\/sv\/category\/pressmeddelande\/\" class=\"advgb-post-tax-term\">Pressmeddelande<\/a>"],"unlinked":["<span class=\"advgb-post-tax-term\">Pressmeddelande<\/span>"]},"tags":{"linked":["<a href=\"https:\/\/www.ekonomit.fi\/sv\/category\/pressmeddelande\/\" class=\"advgb-post-tax-term\">V\u00e4lbefinnande<\/a>"],"unlinked":["<span class=\"advgb-post-tax-term\">V\u00e4lbefinnande<\/span>"]}},"comment_count":0,"relative_dates":{"created":"Publicerad 2 \u00e5r sedan","modified":"Uppdaterad 2 \u00e5r sedan"},"absolute_dates":{"created":"Publicerat den 20 november 2023","modified":"Uppdaterad den 20 november 2023"},"absolute_dates_time":{"created":"Publicerat den 20 november 2023 08:13","modified":"Uppdaterad den 20 november 2023 08:13"},"featured_img_caption":"","series_order":"","jetpack_sharing_enabled":true,"_links":{"self":[{"href":"https:\/\/www.ekonomit.fi\/sv\/wp-json\/wp\/v2\/posts\/40202","targetHints":{"allow":["GET"]}}],"collection":[{"href":"https:\/\/www.ekonomit.fi\/sv\/wp-json\/wp\/v2\/posts"}],"about":[{"href":"https:\/\/www.ekonomit.fi\/sv\/wp-json\/wp\/v2\/types\/post"}],"author":[{"embeddable":true,"href":"https:\/\/www.ekonomit.fi\/sv\/wp-json\/wp\/v2\/users\/4"}],"replies":[{"embeddable":true,"href":"https:\/\/www.ekonomit.fi\/sv\/wp-json\/wp\/v2\/comments?post=40202"}],"version-history":[{"count":1,"href":"https:\/\/www.ekonomit.fi\/sv\/wp-json\/wp\/v2\/posts\/40202\/revisions"}],"predecessor-version":[{"id":40212,"href":"https:\/\/www.ekonomit.fi\/sv\/wp-json\/wp\/v2\/posts\/40202\/revisions\/40212"}],"wp:featuredmedia":[{"embeddable":true,"href":"https:\/\/www.ekonomit.fi\/sv\/wp-json\/wp\/v2\/media\/40209"}],"wp:attachment":[{"href":"https:\/\/www.ekonomit.fi\/sv\/wp-json\/wp\/v2\/media?parent=40202"}],"wp:term":[{"taxonomy":"category","embeddable":true,"href":"https:\/\/www.ekonomit.fi\/sv\/wp-json\/wp\/v2\/categories?post=40202"},{"taxonomy":"post_tag","embeddable":true,"href":"https:\/\/www.ekonomit.fi\/sv\/wp-json\/wp\/v2\/tags?post=40202"}],"curies":[{"name":"wp","href":"https:\/\/api.w.org\/{rel}","templated":true}]}}