{"id":41177,"date":"2023-12-13T08:00:00","date_gmt":"2023-12-13T06:00:00","guid":{"rendered":"https:\/\/www.ekonomit.fi\/aktuellt\/suomen-ekonomit-ei-osallistu-poliittisiin-mielenilmauksiin\/"},"modified":"2024-01-24T16:07:03","modified_gmt":"2024-01-24T14:07:03","slug":"suomen-ekonomit-ei-osallistu-poliittisiin-mielenilmauksiin","status":"publish","type":"post","link":"https:\/\/www.ekonomit.fi\/sv\/aktuellt\/suomen-ekonomit-ei-osallistu-poliittisiin-mielenilmauksiin\/","title":{"rendered":"Finlands Ekonomer deltar inte i politiska demonstrationer"},"content":{"rendered":"\n<figure class=\"wp-block-image size-large\"><img decoding=\"async\" width=\"1024\" height=\"685\" src=\"https:\/\/www.ekonomit.fi\/wp-content\/uploads\/2023\/12\/Ekonomit_gettys_7.jpg-1024x685.jpg\" alt=\"\" class=\"wp-image-40505\" srcset=\"https:\/\/www.ekonomit.fi\/wp-content\/uploads\/2023\/12\/Ekonomit_gettys_7.jpg-1024x685.jpg 1024w, https:\/\/www.ekonomit.fi\/wp-content\/uploads\/2023\/12\/Ekonomit_gettys_7.jpg-300x201.jpg 300w, https:\/\/www.ekonomit.fi\/wp-content\/uploads\/2023\/12\/Ekonomit_gettys_7.jpg-768x514.jpg 768w, https:\/\/www.ekonomit.fi\/wp-content\/uploads\/2023\/12\/Ekonomit_gettys_7.jpg-50x33.jpg 50w, https:\/\/www.ekonomit.fi\/wp-content\/uploads\/2023\/12\/Ekonomit_gettys_7.jpg-1600x1070.jpg 1600w, https:\/\/www.ekonomit.fi\/wp-content\/uploads\/2023\/12\/Ekonomit_gettys_7.jpg-1536x1027.jpg 1536w, https:\/\/www.ekonomit.fi\/wp-content\/uploads\/2023\/12\/Ekonomit_gettys_7.jpg.jpg 1610w\" sizes=\"(max-width: 1024px) 100vw, 1024px\" \/><\/figure>\n\n\n\n<p>Vi fr\u00e5gade v\u00e5ra medlemmar om Finlands Ekonomer som organisation b\u00f6r delta i en eventuell politisk demonstration som organiseras av Akava tillsammans med alla andra fackf\u00f6rbund i Akava. 2 947 ekonomer svarade p\u00e5 enk\u00e4ten.&nbsp;&nbsp;<\/p>\n\n\n\n<ul class=\"wp-block-list\">\n<li>57 % av respondenterna motsatte sig ett deltagande i demonstrationen&nbsp;<\/li>\n\n\n\n<li>36,7 % av respondenterna underst\u00f6dde ett deltagande i demonstrationen&nbsp;<\/li>\n\n\n\n<li>6,3 % kunde inte ta st\u00e4llning.&nbsp;<\/li>\n<\/ul>\n\n\n\n<p>N\u00e4r man fr\u00e5n respondenterna tog bort f\u00f6retagarna underst\u00f6dde 38,4 procent en demonstration och 55,1 procent motsatte sig den. Av respondenterna var omkring sju procent f\u00f6retagare och omkring 86 procent l\u00f6ntagare. Resterande sju procent var bland annat studenter och arbetsl\u00f6sa.&nbsp;<\/p>\n\n\n\n<p>Medlemmarna tillfr\u00e5gades ocks\u00e5 om deras egen beredskap att delta i en politisk demonstration med andra Akava-medlemmar, om en s\u00e5dan demonstration skulle \u00e4ga rum.&nbsp;<\/p>\n\n\n\n<ul class=\"wp-block-list\">\n<li>65 % av respondenterna var inte beredda att delta i n\u00e5gon form av politisk demonstration&nbsp;<\/li>\n\n\n\n<li>13 % av respondenterna var beredda att delta i en dagsl\u00e5ng demonstration&nbsp;<\/li>\n\n\n\n<li>6 % av respondenterna var beredda att delta i en demonstration p\u00e5 fritiden&nbsp;<\/li>\n\n\n\n<li>6 % av respondenterna var beredda att delta i en demonstration som varade n\u00e5gra timmar under arbetstid&nbsp;<\/li>\n\n\n\n<li>10 % av respondenterna kunde inte s\u00e4ga om de var beredda att sj\u00e4lva delta i en demonstration.&nbsp;<\/li>\n<\/ul>\n\n\n\n<h2 class=\"wp-block-heading\"><strong>Reformerna ger ocks\u00e5 anledning till oro<\/strong>&nbsp;<\/h2>\n\n\n\n<p><strong>Riku Salokannel<\/strong>, Finlands Ekonomers arbetsmarknadsdirekt\u00f6r, p\u00e5pekar att ett stort antal respondenter st\u00f6dde en demonstration, och att den \u00e5sikten ocks\u00e5 m\u00e5ste tas p\u00e5 allvar.&nbsp;<\/p>\n\n\n\n<p>I de \u00f6ppna svaren p\u00e5 enk\u00e4ten framkom tydligt till exempel oro \u00f6ver att upps\u00e4gningsgrunderna ska lindras samt \u00f6ver nedsk\u00e4rningar i den inkomstrelaterade dagpenningen. Om \u00e4ndringarna genomf\u00f6rs f\u00f6rsv\u00e5rar de ocks\u00e5 m\u00e5nga ekonomers vardag.&nbsp;<\/p>\n\n\n\n<p>\u201dVi har varit i direkt kontakt med de politiska beslutsfattarna och erbjudit alternativ till och justeringar i regeringens f\u00f6rslag. Till exempel n\u00e4r det g\u00e4ller det inkomstrelaterade utkomstskyddet f\u00f6r arbetsl\u00f6sa har vi konstaterat att det ska sporra till snabb syssels\u00e4ttning. En gradering \u00e4r okej, men st\u00f6det f\u00e5r inte sjunka f\u00f6r snabbt. Den nu planerade graderingen p\u00e5 tre m\u00e5nader \u00e4r mycket besv\u00e4rlig f\u00f6r v\u00e5ra medlemmar, eftersom enbart rekryteringsprocessen till sakkunniguppgifter mycket v\u00e4l kan ta lika l\u00e5ng tid. En aktiv arbetss\u00f6kande ska inte straffas.\u201d&nbsp;<\/p>\n\n\n\n<p>Arbetet med att p\u00e5verka regeringen forts\u00e4tter. Salokannel vet att saker inte framskrider genom att man trycker p\u00e5 bromsen. I st\u00e4llet m\u00e5ste man f\u00f6resl\u00e5 en alternativ v\u00e4g.&nbsp;&nbsp;<\/p>\n\n\n\n<p>M\u00e5nga fackf\u00f6rbund har under h\u00f6sten ordnat demonstrationer f\u00f6r att protestera mot de f\u00f6r\u00e4ndringar i arbetslivet som regeringen f\u00f6reslagit. \u00c4ven om Finlands Ekonomer som organisation inte deltar i demonstrationerna, kan medlemmarna, om de vill, delta i dem?&nbsp;<\/p>\n\n\n\n<p>\u201dV\u00e5r anvisning \u00e4r att ekonomerna ska utf\u00f6ra sitt arbete, om det p\u00e5 deras arbetsplats ordnas demonstrationer p\u00e5 arbetstid av andra fackf\u00f6rbund\u201d, s\u00e4ger Salokannel.&nbsp;<\/p>\n\n\n\n<p><\/p>\n<div class=\"rns\" data-title=\"Finlands Ekonomer deltar inte i politiska demonstrationer\" data-tags=\"\" data-categories=\"Aktuellt\" data-comments=\"0\" data-date=\"1702454400000\" data-author=\"idalevanen\" data-single=\"\" data-url=\"https:\/\/www.ekonomit.fi\/sv\/aktuellt\/suomen-ekonomit-ei-osallistu-poliittisiin-mielenilmauksiin\/\"><\/div> <!-- Check out https:\/\/reactandshare.com -->","protected":false},"excerpt":{"rendered":"<p>Vi fr\u00e5gade hur v\u00e5ra medlemmar ser p\u00e5 deltagandet i politiska demonstrationer. \u00c5sikterna var delade, men resultatet var tydligt: en klar majoritet av respondenterna st\u00f6dde inte ett deltagande. Utifr\u00e5n detta beslutade f\u00f6rbundsstyrelsen att Finlands Ekonomer inte deltar i politiska demonstrationer.<\/p>\n","protected":false},"author":4,"featured_media":40507,"comment_status":"closed","ping_status":"closed","sticky":false,"template":"","format":"standard","meta":{"_acf_changed":false,"inline_featured_image":false,"advgb_blocks_editor_width":"","advgb_blocks_columns_visual_guide":"","_jetpack_memberships_contains_paid_content":false,"footnotes":""},"categories":[110],"tags":[],"class_list":["post-41177","post","type-post","status-publish","format-standard","has-post-thumbnail","hentry","category-aktuellt"],"acf":[],"yoast_head":"<!-- This site is optimized with the Yoast SEO plugin v27.5 - https:\/\/yoast.com\/product\/yoast-seo-wordpress\/ -->\n<title>Finlands Ekonomer deltar inte i politiska demonstrationer - Suomen Ekonomit<\/title>\n<meta name=\"robots\" content=\"index, follow, max-snippet:-1, max-image-preview:large, max-video-preview:-1\" \/>\n<link rel=\"canonical\" href=\"https:\/\/www.ekonomit.fi\/sv\/aktuellt\/suomen-ekonomit-ei-osallistu-poliittisiin-mielenilmauksiin\/\" \/>\n<meta property=\"og:locale\" content=\"sv_SE\" \/>\n<meta property=\"og:type\" content=\"article\" \/>\n<meta property=\"og:title\" content=\"Finlands Ekonomer deltar inte i politiska demonstrationer - Suomen Ekonomit\" \/>\n<meta property=\"og:description\" content=\"Vi fr\u00e5gade hur v\u00e5ra medlemmar ser p\u00e5 deltagandet i politiska demonstrationer. \u00c5sikterna var delade, men resultatet var tydligt: en klar majoritet av respondenterna st\u00f6dde inte ett deltagande. Utifr\u00e5n detta beslutade f\u00f6rbundsstyrelsen att Finlands Ekonomer inte deltar i politiska demonstrationer.\" \/>\n<meta property=\"og:url\" content=\"https:\/\/www.ekonomit.fi\/sv\/aktuellt\/suomen-ekonomit-ei-osallistu-poliittisiin-mielenilmauksiin\/\" \/>\n<meta property=\"og:site_name\" content=\"Suomen Ekonomit\" \/>\n<meta property=\"article:published_time\" content=\"2023-12-13T06:00:00+00:00\" \/>\n<meta property=\"article:modified_time\" content=\"2024-01-24T14:07:03+00:00\" \/>\n<meta property=\"og:image\" content=\"https:\/\/www.ekonomit.fi\/wp-content\/uploads\/2023\/12\/Ekonomit_gettys_7.jpg.jpg\" \/>\n\t<meta property=\"og:image:width\" content=\"1610\" \/>\n\t<meta property=\"og:image:height\" content=\"1077\" \/>\n\t<meta property=\"og:image:type\" content=\"image\/jpeg\" \/>\n<meta name=\"author\" content=\"idalevanen\" \/>\n<meta name=\"twitter:card\" content=\"summary_large_image\" \/>\n<meta name=\"twitter:label1\" content=\"Skriven av\" \/>\n\t<meta name=\"twitter:data1\" content=\"idalevanen\" \/>\n\t<meta name=\"twitter:label2\" content=\"Ber\u00e4knad l\u00e4stid\" \/>\n\t<meta name=\"twitter:data2\" content=\"4 minuter\" \/>\n<script type=\"application\/ld+json\" class=\"yoast-schema-graph\">{\"@context\":\"https:\\\/\\\/schema.org\",\"@graph\":[{\"@type\":\"Article\",\"@id\":\"https:\\\/\\\/www.ekonomit.fi\\\/sv\\\/aktuellt\\\/suomen-ekonomit-ei-osallistu-poliittisiin-mielenilmauksiin\\\/#article\",\"isPartOf\":{\"@id\":\"https:\\\/\\\/www.ekonomit.fi\\\/sv\\\/aktuellt\\\/suomen-ekonomit-ei-osallistu-poliittisiin-mielenilmauksiin\\\/\"},\"author\":{\"name\":\"idalevanen\",\"@id\":\"https:\\\/\\\/www.ekonomit.fi\\\/sv\\\/#\\\/schema\\\/person\\\/554e98e5e34c51fcdc89c46badffadbf\"},\"headline\":\"Finlands Ekonomer deltar inte i politiska demonstrationer\",\"datePublished\":\"2023-12-13T06:00:00+00:00\",\"dateModified\":\"2024-01-24T14:07:03+00:00\",\"mainEntityOfPage\":{\"@id\":\"https:\\\/\\\/www.ekonomit.fi\\\/sv\\\/aktuellt\\\/suomen-ekonomit-ei-osallistu-poliittisiin-mielenilmauksiin\\\/\"},\"wordCount\":492,\"publisher\":{\"@id\":\"https:\\\/\\\/www.ekonomit.fi\\\/sv\\\/#organization\"},\"image\":{\"@id\":\"https:\\\/\\\/www.ekonomit.fi\\\/sv\\\/aktuellt\\\/suomen-ekonomit-ei-osallistu-poliittisiin-mielenilmauksiin\\\/#primaryimage\"},\"thumbnailUrl\":\"https:\\\/\\\/www.ekonomit.fi\\\/wp-content\\\/uploads\\\/2023\\\/12\\\/Ekonomit_gettys_7.jpg.jpg\",\"articleSection\":[\"Aktuellt\"],\"inLanguage\":\"sv-SE\"},{\"@type\":\"WebPage\",\"@id\":\"https:\\\/\\\/www.ekonomit.fi\\\/sv\\\/aktuellt\\\/suomen-ekonomit-ei-osallistu-poliittisiin-mielenilmauksiin\\\/\",\"url\":\"https:\\\/\\\/www.ekonomit.fi\\\/sv\\\/aktuellt\\\/suomen-ekonomit-ei-osallistu-poliittisiin-mielenilmauksiin\\\/\",\"name\":\"Finlands Ekonomer deltar inte i politiska demonstrationer - Suomen Ekonomit\",\"isPartOf\":{\"@id\":\"https:\\\/\\\/www.ekonomit.fi\\\/sv\\\/#website\"},\"primaryImageOfPage\":{\"@id\":\"https:\\\/\\\/www.ekonomit.fi\\\/sv\\\/aktuellt\\\/suomen-ekonomit-ei-osallistu-poliittisiin-mielenilmauksiin\\\/#primaryimage\"},\"image\":{\"@id\":\"https:\\\/\\\/www.ekonomit.fi\\\/sv\\\/aktuellt\\\/suomen-ekonomit-ei-osallistu-poliittisiin-mielenilmauksiin\\\/#primaryimage\"},\"thumbnailUrl\":\"https:\\\/\\\/www.ekonomit.fi\\\/wp-content\\\/uploads\\\/2023\\\/12\\\/Ekonomit_gettys_7.jpg.jpg\",\"datePublished\":\"2023-12-13T06:00:00+00:00\",\"dateModified\":\"2024-01-24T14:07:03+00:00\",\"breadcrumb\":{\"@id\":\"https:\\\/\\\/www.ekonomit.fi\\\/sv\\\/aktuellt\\\/suomen-ekonomit-ei-osallistu-poliittisiin-mielenilmauksiin\\\/#breadcrumb\"},\"inLanguage\":\"sv-SE\",\"potentialAction\":[{\"@type\":\"ReadAction\",\"target\":[\"https:\\\/\\\/www.ekonomit.fi\\\/sv\\\/aktuellt\\\/suomen-ekonomit-ei-osallistu-poliittisiin-mielenilmauksiin\\\/\"]}]},{\"@type\":\"ImageObject\",\"inLanguage\":\"sv-SE\",\"@id\":\"https:\\\/\\\/www.ekonomit.fi\\\/sv\\\/aktuellt\\\/suomen-ekonomit-ei-osallistu-poliittisiin-mielenilmauksiin\\\/#primaryimage\",\"url\":\"https:\\\/\\\/www.ekonomit.fi\\\/wp-content\\\/uploads\\\/2023\\\/12\\\/Ekonomit_gettys_7.jpg.jpg\",\"contentUrl\":\"https:\\\/\\\/www.ekonomit.fi\\\/wp-content\\\/uploads\\\/2023\\\/12\\\/Ekonomit_gettys_7.jpg.jpg\",\"width\":1610,\"height\":1077},{\"@type\":\"BreadcrumbList\",\"@id\":\"https:\\\/\\\/www.ekonomit.fi\\\/sv\\\/aktuellt\\\/suomen-ekonomit-ei-osallistu-poliittisiin-mielenilmauksiin\\\/#breadcrumb\",\"itemListElement\":[{\"@type\":\"ListItem\",\"position\":1,\"name\":\"Home\",\"item\":\"https:\\\/\\\/www.ekonomit.fi\\\/sv\\\/\"},{\"@type\":\"ListItem\",\"position\":2,\"name\":\"Finlands Ekonomer deltar inte i politiska demonstrationer\"}]},{\"@type\":\"WebSite\",\"@id\":\"https:\\\/\\\/www.ekonomit.fi\\\/sv\\\/#website\",\"url\":\"https:\\\/\\\/www.ekonomit.fi\\\/sv\\\/\",\"name\":\"Suomen Ekonomit\",\"description\":\"\",\"publisher\":{\"@id\":\"https:\\\/\\\/www.ekonomit.fi\\\/sv\\\/#organization\"},\"potentialAction\":[{\"@type\":\"SearchAction\",\"target\":{\"@type\":\"EntryPoint\",\"urlTemplate\":\"https:\\\/\\\/www.ekonomit.fi\\\/sv\\\/?s={search_term_string}\"},\"query-input\":{\"@type\":\"PropertyValueSpecification\",\"valueRequired\":true,\"valueName\":\"search_term_string\"}}],\"inLanguage\":\"sv-SE\"},{\"@type\":\"Organization\",\"@id\":\"https:\\\/\\\/www.ekonomit.fi\\\/sv\\\/#organization\",\"name\":\"Suomen Ekonomit\",\"url\":\"https:\\\/\\\/www.ekonomit.fi\\\/sv\\\/\",\"logo\":{\"@type\":\"ImageObject\",\"inLanguage\":\"sv-SE\",\"@id\":\"https:\\\/\\\/www.ekonomit.fi\\\/sv\\\/#\\\/schema\\\/logo\\\/image\\\/\",\"url\":\"https:\\\/\\\/www.ekonomit.fi\\\/wp-content\\\/uploads\\\/2020\\\/05\\\/ekonomit-mer-nega.png\",\"contentUrl\":\"https:\\\/\\\/www.ekonomit.fi\\\/wp-content\\\/uploads\\\/2020\\\/05\\\/ekonomit-mer-nega.png\",\"width\":870,\"height\":307,\"caption\":\"Suomen Ekonomit\"},\"image\":{\"@id\":\"https:\\\/\\\/www.ekonomit.fi\\\/sv\\\/#\\\/schema\\\/logo\\\/image\\\/\"}},{\"@type\":\"Person\",\"@id\":\"https:\\\/\\\/www.ekonomit.fi\\\/sv\\\/#\\\/schema\\\/person\\\/554e98e5e34c51fcdc89c46badffadbf\",\"name\":\"idalevanen\",\"image\":{\"@type\":\"ImageObject\",\"inLanguage\":\"sv-SE\",\"@id\":\"https:\\\/\\\/www.ekonomit.fi\\\/wp-content\\\/litespeed\\\/avatar\\\/632fbac5f499bf8a7bd6f3297b3dffdb.jpg?ver=1777366207\",\"url\":\"https:\\\/\\\/www.ekonomit.fi\\\/wp-content\\\/litespeed\\\/avatar\\\/632fbac5f499bf8a7bd6f3297b3dffdb.jpg?ver=1777366207\",\"contentUrl\":\"https:\\\/\\\/www.ekonomit.fi\\\/wp-content\\\/litespeed\\\/avatar\\\/632fbac5f499bf8a7bd6f3297b3dffdb.jpg?ver=1777366207\",\"caption\":\"idalevanen\"}}]}<\/script>\n<!-- \/ Yoast SEO plugin. -->","yoast_head_json":{"title":"Finlands Ekonomer deltar inte i politiska demonstrationer - Suomen Ekonomit","robots":{"index":"index","follow":"follow","max-snippet":"max-snippet:-1","max-image-preview":"max-image-preview:large","max-video-preview":"max-video-preview:-1"},"canonical":"https:\/\/www.ekonomit.fi\/sv\/aktuellt\/suomen-ekonomit-ei-osallistu-poliittisiin-mielenilmauksiin\/","og_locale":"sv_SE","og_type":"article","og_title":"Finlands Ekonomer deltar inte i politiska demonstrationer - Suomen Ekonomit","og_description":"Vi fr\u00e5gade hur v\u00e5ra medlemmar ser p\u00e5 deltagandet i politiska demonstrationer. \u00c5sikterna var delade, men resultatet var tydligt: en klar majoritet av respondenterna st\u00f6dde inte ett deltagande. Utifr\u00e5n detta beslutade f\u00f6rbundsstyrelsen att Finlands Ekonomer inte deltar i politiska demonstrationer.","og_url":"https:\/\/www.ekonomit.fi\/sv\/aktuellt\/suomen-ekonomit-ei-osallistu-poliittisiin-mielenilmauksiin\/","og_site_name":"Suomen Ekonomit","article_published_time":"2023-12-13T06:00:00+00:00","article_modified_time":"2024-01-24T14:07:03+00:00","og_image":[{"width":1610,"height":1077,"url":"https:\/\/www.ekonomit.fi\/wp-content\/uploads\/2023\/12\/Ekonomit_gettys_7.jpg.jpg","type":"image\/jpeg"}],"author":"idalevanen","twitter_card":"summary_large_image","twitter_misc":{"Skriven av":"idalevanen","Ber\u00e4knad l\u00e4stid":"4 minuter"},"schema":{"@context":"https:\/\/schema.org","@graph":[{"@type":"Article","@id":"https:\/\/www.ekonomit.fi\/sv\/aktuellt\/suomen-ekonomit-ei-osallistu-poliittisiin-mielenilmauksiin\/#article","isPartOf":{"@id":"https:\/\/www.ekonomit.fi\/sv\/aktuellt\/suomen-ekonomit-ei-osallistu-poliittisiin-mielenilmauksiin\/"},"author":{"name":"idalevanen","@id":"https:\/\/www.ekonomit.fi\/sv\/#\/schema\/person\/554e98e5e34c51fcdc89c46badffadbf"},"headline":"Finlands Ekonomer deltar inte i politiska demonstrationer","datePublished":"2023-12-13T06:00:00+00:00","dateModified":"2024-01-24T14:07:03+00:00","mainEntityOfPage":{"@id":"https:\/\/www.ekonomit.fi\/sv\/aktuellt\/suomen-ekonomit-ei-osallistu-poliittisiin-mielenilmauksiin\/"},"wordCount":492,"publisher":{"@id":"https:\/\/www.ekonomit.fi\/sv\/#organization"},"image":{"@id":"https:\/\/www.ekonomit.fi\/sv\/aktuellt\/suomen-ekonomit-ei-osallistu-poliittisiin-mielenilmauksiin\/#primaryimage"},"thumbnailUrl":"https:\/\/www.ekonomit.fi\/wp-content\/uploads\/2023\/12\/Ekonomit_gettys_7.jpg.jpg","articleSection":["Aktuellt"],"inLanguage":"sv-SE"},{"@type":"WebPage","@id":"https:\/\/www.ekonomit.fi\/sv\/aktuellt\/suomen-ekonomit-ei-osallistu-poliittisiin-mielenilmauksiin\/","url":"https:\/\/www.ekonomit.fi\/sv\/aktuellt\/suomen-ekonomit-ei-osallistu-poliittisiin-mielenilmauksiin\/","name":"Finlands Ekonomer deltar inte i politiska demonstrationer - Suomen Ekonomit","isPartOf":{"@id":"https:\/\/www.ekonomit.fi\/sv\/#website"},"primaryImageOfPage":{"@id":"https:\/\/www.ekonomit.fi\/sv\/aktuellt\/suomen-ekonomit-ei-osallistu-poliittisiin-mielenilmauksiin\/#primaryimage"},"image":{"@id":"https:\/\/www.ekonomit.fi\/sv\/aktuellt\/suomen-ekonomit-ei-osallistu-poliittisiin-mielenilmauksiin\/#primaryimage"},"thumbnailUrl":"https:\/\/www.ekonomit.fi\/wp-content\/uploads\/2023\/12\/Ekonomit_gettys_7.jpg.jpg","datePublished":"2023-12-13T06:00:00+00:00","dateModified":"2024-01-24T14:07:03+00:00","breadcrumb":{"@id":"https:\/\/www.ekonomit.fi\/sv\/aktuellt\/suomen-ekonomit-ei-osallistu-poliittisiin-mielenilmauksiin\/#breadcrumb"},"inLanguage":"sv-SE","potentialAction":[{"@type":"ReadAction","target":["https:\/\/www.ekonomit.fi\/sv\/aktuellt\/suomen-ekonomit-ei-osallistu-poliittisiin-mielenilmauksiin\/"]}]},{"@type":"ImageObject","inLanguage":"sv-SE","@id":"https:\/\/www.ekonomit.fi\/sv\/aktuellt\/suomen-ekonomit-ei-osallistu-poliittisiin-mielenilmauksiin\/#primaryimage","url":"https:\/\/www.ekonomit.fi\/wp-content\/uploads\/2023\/12\/Ekonomit_gettys_7.jpg.jpg","contentUrl":"https:\/\/www.ekonomit.fi\/wp-content\/uploads\/2023\/12\/Ekonomit_gettys_7.jpg.jpg","width":1610,"height":1077},{"@type":"BreadcrumbList","@id":"https:\/\/www.ekonomit.fi\/sv\/aktuellt\/suomen-ekonomit-ei-osallistu-poliittisiin-mielenilmauksiin\/#breadcrumb","itemListElement":[{"@type":"ListItem","position":1,"name":"Home","item":"https:\/\/www.ekonomit.fi\/sv\/"},{"@type":"ListItem","position":2,"name":"Finlands Ekonomer deltar inte i politiska demonstrationer"}]},{"@type":"WebSite","@id":"https:\/\/www.ekonomit.fi\/sv\/#website","url":"https:\/\/www.ekonomit.fi\/sv\/","name":"Suomen Ekonomit","description":"","publisher":{"@id":"https:\/\/www.ekonomit.fi\/sv\/#organization"},"potentialAction":[{"@type":"SearchAction","target":{"@type":"EntryPoint","urlTemplate":"https:\/\/www.ekonomit.fi\/sv\/?s={search_term_string}"},"query-input":{"@type":"PropertyValueSpecification","valueRequired":true,"valueName":"search_term_string"}}],"inLanguage":"sv-SE"},{"@type":"Organization","@id":"https:\/\/www.ekonomit.fi\/sv\/#organization","name":"Suomen Ekonomit","url":"https:\/\/www.ekonomit.fi\/sv\/","logo":{"@type":"ImageObject","inLanguage":"sv-SE","@id":"https:\/\/www.ekonomit.fi\/sv\/#\/schema\/logo\/image\/","url":"https:\/\/www.ekonomit.fi\/wp-content\/uploads\/2020\/05\/ekonomit-mer-nega.png","contentUrl":"https:\/\/www.ekonomit.fi\/wp-content\/uploads\/2020\/05\/ekonomit-mer-nega.png","width":870,"height":307,"caption":"Suomen Ekonomit"},"image":{"@id":"https:\/\/www.ekonomit.fi\/sv\/#\/schema\/logo\/image\/"}},{"@type":"Person","@id":"https:\/\/www.ekonomit.fi\/sv\/#\/schema\/person\/554e98e5e34c51fcdc89c46badffadbf","name":"idalevanen","image":{"@type":"ImageObject","inLanguage":"sv-SE","@id":"https:\/\/www.ekonomit.fi\/wp-content\/litespeed\/avatar\/632fbac5f499bf8a7bd6f3297b3dffdb.jpg?ver=1777366207","url":"https:\/\/www.ekonomit.fi\/wp-content\/litespeed\/avatar\/632fbac5f499bf8a7bd6f3297b3dffdb.jpg?ver=1777366207","contentUrl":"https:\/\/www.ekonomit.fi\/wp-content\/litespeed\/avatar\/632fbac5f499bf8a7bd6f3297b3dffdb.jpg?ver=1777366207","caption":"idalevanen"}}]}},"author_meta":{"display_name":"idalevanen","author_link":"https:\/\/www.ekonomit.fi\/sv\/author\/idalevanen\/"},"featured_img":"https:\/\/www.ekonomit.fi\/wp-content\/uploads\/2023\/12\/Ekonomit_gettys_7.jpg-300x201.jpg","jetpack_featured_media_url":"https:\/\/www.ekonomit.fi\/wp-content\/uploads\/2023\/12\/Ekonomit_gettys_7.jpg.jpg","coauthors":[],"tax_additional":{"categories":{"linked":["<a href=\"https:\/\/www.ekonomit.fi\/sv\/category\/aktuellt\/\" class=\"advgb-post-tax-term\">Aktuellt<\/a>"],"unlinked":["<span class=\"advgb-post-tax-term\">Aktuellt<\/span>"]}},"comment_count":0,"relative_dates":{"created":"Publicerad 2 \u00e5r sedan","modified":"Uppdaterad 2 \u00e5r sedan"},"absolute_dates":{"created":"Publicerat den 13 december 2023","modified":"Uppdaterad den 24 januari 2024"},"absolute_dates_time":{"created":"Publicerat den 13 december 2023 08:00","modified":"Uppdaterad den 24 januari 2024 16:07"},"featured_img_caption":"","series_order":"","jetpack_sharing_enabled":true,"_links":{"self":[{"href":"https:\/\/www.ekonomit.fi\/sv\/wp-json\/wp\/v2\/posts\/41177","targetHints":{"allow":["GET"]}}],"collection":[{"href":"https:\/\/www.ekonomit.fi\/sv\/wp-json\/wp\/v2\/posts"}],"about":[{"href":"https:\/\/www.ekonomit.fi\/sv\/wp-json\/wp\/v2\/types\/post"}],"author":[{"embeddable":true,"href":"https:\/\/www.ekonomit.fi\/sv\/wp-json\/wp\/v2\/users\/4"}],"replies":[{"embeddable":true,"href":"https:\/\/www.ekonomit.fi\/sv\/wp-json\/wp\/v2\/comments?post=41177"}],"version-history":[{"count":1,"href":"https:\/\/www.ekonomit.fi\/sv\/wp-json\/wp\/v2\/posts\/41177\/revisions"}],"predecessor-version":[{"id":41178,"href":"https:\/\/www.ekonomit.fi\/sv\/wp-json\/wp\/v2\/posts\/41177\/revisions\/41178"}],"wp:featuredmedia":[{"embeddable":true,"href":"https:\/\/www.ekonomit.fi\/sv\/wp-json\/wp\/v2\/media\/40507"}],"wp:attachment":[{"href":"https:\/\/www.ekonomit.fi\/sv\/wp-json\/wp\/v2\/media?parent=41177"}],"wp:term":[{"taxonomy":"category","embeddable":true,"href":"https:\/\/www.ekonomit.fi\/sv\/wp-json\/wp\/v2\/categories?post=41177"},{"taxonomy":"post_tag","embeddable":true,"href":"https:\/\/www.ekonomit.fi\/sv\/wp-json\/wp\/v2\/tags?post=41177"}],"curies":[{"name":"wp","href":"https:\/\/api.w.org\/{rel}","templated":true}]}}