{"id":44712,"date":"2025-01-14T13:54:46","date_gmt":"2025-01-14T11:54:46","guid":{"rendered":"https:\/\/www.ekonomit.fi\/?p=44712"},"modified":"2025-01-14T14:07:19","modified_gmt":"2025-01-14T12:07:19","slug":"ekonomit-90","status":"publish","type":"post","link":"https:\/\/www.ekonomit.fi\/sv\/gemenskap\/ekonomit-90\/","title":{"rendered":"Ekonomer 90 \u2013 vi firar i goda g\u00e4rningars tecken"},"content":{"rendered":"\n<figure class=\"wp-block-image size-large\"><img decoding=\"async\" width=\"1024\" height=\"424\" src=\"https:\/\/www.ekonomit.fi\/wp-content\/uploads\/2025\/01\/Suomen-Ekonomit_90-vuotta_CMYK_Musta-1024x424.png\" alt=\"\" class=\"wp-image-44706\" srcset=\"https:\/\/www.ekonomit.fi\/wp-content\/uploads\/2025\/01\/Suomen-Ekonomit_90-vuotta_CMYK_Musta-1024x424.png 1024w, https:\/\/www.ekonomit.fi\/wp-content\/uploads\/2025\/01\/Suomen-Ekonomit_90-vuotta_CMYK_Musta-300x124.png 300w, https:\/\/www.ekonomit.fi\/wp-content\/uploads\/2025\/01\/Suomen-Ekonomit_90-vuotta_CMYK_Musta-768x318.png 768w, https:\/\/www.ekonomit.fi\/wp-content\/uploads\/2025\/01\/Suomen-Ekonomit_90-vuotta_CMYK_Musta-50x21.png 50w, https:\/\/www.ekonomit.fi\/wp-content\/uploads\/2025\/01\/Suomen-Ekonomit_90-vuotta_CMYK_Musta-1600x662.png 1600w, https:\/\/www.ekonomit.fi\/wp-content\/uploads\/2025\/01\/Suomen-Ekonomit_90-vuotta_CMYK_Musta-1536x636.png 1536w, https:\/\/www.ekonomit.fi\/wp-content\/uploads\/2025\/01\/Suomen-Ekonomit_90-vuotta_CMYK_Musta-2048x848.png 2048w\" sizes=\"(max-width: 1024px) 100vw, 1024px\" \/><\/figure>\n\n\n\n<p>Vi ekonomer spelar en central roll som byggare av det finska samh\u00e4llet och m\u00f6jligg\u00f6rare av f\u00f6r\u00e4ndring. V\u00e5r ekonomgemenskap fyller i \u00e5r 90 \u00e5r, och vi vill fira v\u00e5rt jubileums\u00e5r p\u00e5 ett s\u00e4tt som st\u00e4rker gemenskap, ansvarstagande och v\u00e4lbefinnande.<\/p>\n\n\n\n<p>Temat f\u00f6r v\u00e5rt jubileums\u00e5r \u00e4r 90 goda g\u00e4rningar. V\u00e5rt m\u00e5l \u00e4r att med hj\u00e4lp av v\u00e5r ekonomi- och studerandegemenskap p\u00e5 n\u00e4stan 60 000 medlemmar genomf\u00f6ra minst nittio konkreta handlingar som sprider gl\u00e4dje och \u00e4r till nytta och hj\u00e4lp. Med dessa g\u00e4rningar st\u00e4rker vi ocks\u00e5 k\u00e4nslan av samh\u00f6righet och v\u00e4lbefinnande, eftersom vi tror att det b\u00e4sta s\u00e4ttet att bli lycklig \u00e4r att hj\u00e4lpa andra.<\/p>\n\n\n\n<p>Jubileums\u00e5ret ger varje medlem en m\u00f6jlighet att delta! F\u00f6lj din medlemsf\u00f6renings och Finlands Ekonomers evenemangskalender och uppt\u00e4ck goda g\u00e4rningar d\u00e4r du kan vara med. Du kan ocks\u00e5 f\u00f6resl\u00e5 egna goda g\u00e4rningar f\u00f6r din f\u00f6rening att genomf\u00f6ra tillsammans. Vi ses i goda g\u00e4rningars tecken under \u00e5r 2025!<\/p>\n\n\n\n<p><\/p>\n\n\n\n<h2 class=\"wp-block-heading\">Mer information:<\/h2>\n\n\n\t<div class=\"wp-block-cdl-person-block\">\n\t\t<div class=\"image\">\n\t\t\t<img decoding=\"async\" src=\"https:\/\/www.ekonomit.fi\/wp-content\/uploads\/2020\/06\/Ida_11_2022.jpg\">\n\t\t<\/div>\n\t\t<div class=\"info\">\n\t\t\t<div class=\"name\">\n\t\t\t\tLev\u00e4nen\t\t\t\tIda\t\t\t<\/div>\n\t\t\t<div class=\"job-title\">Kommunikations- och marknadschef, chefredakt\u00f6r<\/div>\n\t\t\t<div class=\"phone\">p. +358407674661<\/div>\n\t\t\t\t\t\t\t<div class=\"linkedin\">\n\t\t\t\t\t<i class=\"fab fa-linkedin\"><\/i>\n\t\t\t\t\t<a href=\"https:\/\/www.linkedin.com\/in\/idalevanen\/\">LinkedIn -profiili<\/a>\n\t\t\t\t<\/div>\n\t\t\t\t\t\t\t\t\t<div class=\"description\"><\/div>\n\t\t<\/div>\n\t<\/div>\n\t\n\n\n<figure class=\"wp-block-image size-large\"><img decoding=\"async\" width=\"1024\" height=\"171\" src=\"https:\/\/www.ekonomit.fi\/wp-content\/uploads\/2025\/01\/Suome-Ekonomit_Juhlavuoden-kuosi_RGB_3-1024x171.png\" alt=\"\" class=\"wp-image-44726\" srcset=\"https:\/\/www.ekonomit.fi\/wp-content\/uploads\/2025\/01\/Suome-Ekonomit_Juhlavuoden-kuosi_RGB_3-1024x171.png 1024w, https:\/\/www.ekonomit.fi\/wp-content\/uploads\/2025\/01\/Suome-Ekonomit_Juhlavuoden-kuosi_RGB_3-300x50.png 300w, https:\/\/www.ekonomit.fi\/wp-content\/uploads\/2025\/01\/Suome-Ekonomit_Juhlavuoden-kuosi_RGB_3-768x128.png 768w, https:\/\/www.ekonomit.fi\/wp-content\/uploads\/2025\/01\/Suome-Ekonomit_Juhlavuoden-kuosi_RGB_3-50x8.png 50w, https:\/\/www.ekonomit.fi\/wp-content\/uploads\/2025\/01\/Suome-Ekonomit_Juhlavuoden-kuosi_RGB_3-1600x267.png 1600w, https:\/\/www.ekonomit.fi\/wp-content\/uploads\/2025\/01\/Suome-Ekonomit_Juhlavuoden-kuosi_RGB_3-1536x256.png 1536w, https:\/\/www.ekonomit.fi\/wp-content\/uploads\/2025\/01\/Suome-Ekonomit_Juhlavuoden-kuosi_RGB_3-2048x342.png 2048w\" sizes=\"(max-width: 1024px) 100vw, 1024px\" \/><\/figure>\n<div class=\"rns\" data-title=\"Ekonomer 90 \u2013 vi firar i goda g\u00e4rningars tecken\" data-tags=\"\" data-categories=\"Gemenskap\" data-comments=\"0\" data-date=\"1736862886000\" data-author=\"idalevanen\" data-single=\"\" data-url=\"https:\/\/www.ekonomit.fi\/sv\/gemenskap\/ekonomit-90\/\"><\/div> <!-- Check out https:\/\/reactandshare.com -->","protected":false},"excerpt":{"rendered":"<p>Ekonomgemenskapen firar sitt 90-\u00e5rsjubileum med goda g\u00e4rningar och gemenskap. Under jubileums\u00e5ret genomf\u00f6rs minst 90 konkreta g\u00e4rningar som sprider gl\u00e4dje och v\u00e4lbefinnande. Kom med och g\u00f6r gott!<\/p>\n","protected":false},"author":4,"featured_media":44737,"comment_status":"closed","ping_status":"closed","sticky":false,"template":"","format":"standard","meta":{"_acf_changed":false,"inline_featured_image":false,"advgb_blocks_editor_width":"","advgb_blocks_columns_visual_guide":"","_jetpack_memberships_contains_paid_content":false,"footnotes":""},"categories":[109],"tags":[],"class_list":["post-44712","post","type-post","status-publish","format-standard","has-post-thumbnail","hentry","category-gemenskap"],"acf":[],"yoast_head":"<!-- This site is optimized with the Yoast SEO plugin v27.4 - https:\/\/yoast.com\/product\/yoast-seo-wordpress\/ -->\n<title>Ekonomer 90 \u2013 vi firar i goda g\u00e4rningars tecken - Suomen Ekonomit<\/title>\n<meta name=\"robots\" content=\"index, follow, max-snippet:-1, max-image-preview:large, max-video-preview:-1\" \/>\n<link rel=\"canonical\" href=\"https:\/\/www.ekonomit.fi\/sv\/gemenskap\/ekonomit-90\/\" \/>\n<meta property=\"og:locale\" content=\"sv_SE\" \/>\n<meta property=\"og:type\" content=\"article\" \/>\n<meta property=\"og:title\" content=\"Ekonomer 90 \u2013 vi firar i goda g\u00e4rningars tecken - Suomen Ekonomit\" \/>\n<meta property=\"og:description\" content=\"Ekonomgemenskapen firar sitt 90-\u00e5rsjubileum med goda g\u00e4rningar och gemenskap. Under jubileums\u00e5ret genomf\u00f6rs minst 90 konkreta g\u00e4rningar som sprider gl\u00e4dje och v\u00e4lbefinnande. Kom med och g\u00f6r gott!\" \/>\n<meta property=\"og:url\" content=\"https:\/\/www.ekonomit.fi\/sv\/gemenskap\/ekonomit-90\/\" \/>\n<meta property=\"og:site_name\" content=\"Suomen Ekonomit\" \/>\n<meta property=\"article:published_time\" content=\"2025-01-14T11:54:46+00:00\" \/>\n<meta property=\"article:modified_time\" content=\"2025-01-14T12:07:19+00:00\" \/>\n<meta property=\"og:image\" content=\"https:\/\/www.ekonomit.fi\/wp-content\/uploads\/2025\/01\/Kopio-169-1500x844-1.jpg\" \/>\n\t<meta property=\"og:image:width\" content=\"1500\" \/>\n\t<meta property=\"og:image:height\" content=\"844\" \/>\n\t<meta property=\"og:image:type\" content=\"image\/jpeg\" \/>\n<meta name=\"author\" content=\"idalevanen\" \/>\n<meta name=\"twitter:card\" content=\"summary_large_image\" \/>\n<meta name=\"twitter:label1\" content=\"Skriven av\" \/>\n\t<meta name=\"twitter:data1\" content=\"idalevanen\" \/>\n\t<meta name=\"twitter:label2\" content=\"Ber\u00e4knad l\u00e4stid\" \/>\n\t<meta name=\"twitter:data2\" content=\"2 minuter\" \/>\n<script type=\"application\/ld+json\" class=\"yoast-schema-graph\">{\"@context\":\"https:\\\/\\\/schema.org\",\"@graph\":[{\"@type\":\"Article\",\"@id\":\"https:\\\/\\\/www.ekonomit.fi\\\/sv\\\/gemenskap\\\/ekonomit-90\\\/#article\",\"isPartOf\":{\"@id\":\"https:\\\/\\\/www.ekonomit.fi\\\/sv\\\/gemenskap\\\/ekonomit-90\\\/\"},\"author\":{\"name\":\"idalevanen\",\"@id\":\"https:\\\/\\\/www.ekonomit.fi\\\/sv\\\/#\\\/schema\\\/person\\\/554e98e5e34c51fcdc89c46badffadbf\"},\"headline\":\"Ekonomer 90 \u2013 vi firar i goda g\u00e4rningars tecken\",\"datePublished\":\"2025-01-14T11:54:46+00:00\",\"dateModified\":\"2025-01-14T12:07:19+00:00\",\"mainEntityOfPage\":{\"@id\":\"https:\\\/\\\/www.ekonomit.fi\\\/sv\\\/gemenskap\\\/ekonomit-90\\\/\"},\"wordCount\":196,\"publisher\":{\"@id\":\"https:\\\/\\\/www.ekonomit.fi\\\/sv\\\/#organization\"},\"image\":{\"@id\":\"https:\\\/\\\/www.ekonomit.fi\\\/sv\\\/gemenskap\\\/ekonomit-90\\\/#primaryimage\"},\"thumbnailUrl\":\"https:\\\/\\\/www.ekonomit.fi\\\/wp-content\\\/uploads\\\/2025\\\/01\\\/Kopio-169-1500x844-1.jpg\",\"articleSection\":[\"Gemenskap\"],\"inLanguage\":\"sv-SE\"},{\"@type\":\"WebPage\",\"@id\":\"https:\\\/\\\/www.ekonomit.fi\\\/sv\\\/gemenskap\\\/ekonomit-90\\\/\",\"url\":\"https:\\\/\\\/www.ekonomit.fi\\\/sv\\\/gemenskap\\\/ekonomit-90\\\/\",\"name\":\"Ekonomer 90 \u2013 vi firar i goda g\u00e4rningars tecken - Suomen Ekonomit\",\"isPartOf\":{\"@id\":\"https:\\\/\\\/www.ekonomit.fi\\\/sv\\\/#website\"},\"primaryImageOfPage\":{\"@id\":\"https:\\\/\\\/www.ekonomit.fi\\\/sv\\\/gemenskap\\\/ekonomit-90\\\/#primaryimage\"},\"image\":{\"@id\":\"https:\\\/\\\/www.ekonomit.fi\\\/sv\\\/gemenskap\\\/ekonomit-90\\\/#primaryimage\"},\"thumbnailUrl\":\"https:\\\/\\\/www.ekonomit.fi\\\/wp-content\\\/uploads\\\/2025\\\/01\\\/Kopio-169-1500x844-1.jpg\",\"datePublished\":\"2025-01-14T11:54:46+00:00\",\"dateModified\":\"2025-01-14T12:07:19+00:00\",\"breadcrumb\":{\"@id\":\"https:\\\/\\\/www.ekonomit.fi\\\/sv\\\/gemenskap\\\/ekonomit-90\\\/#breadcrumb\"},\"inLanguage\":\"sv-SE\",\"potentialAction\":[{\"@type\":\"ReadAction\",\"target\":[\"https:\\\/\\\/www.ekonomit.fi\\\/sv\\\/gemenskap\\\/ekonomit-90\\\/\"]}]},{\"@type\":\"ImageObject\",\"inLanguage\":\"sv-SE\",\"@id\":\"https:\\\/\\\/www.ekonomit.fi\\\/sv\\\/gemenskap\\\/ekonomit-90\\\/#primaryimage\",\"url\":\"https:\\\/\\\/www.ekonomit.fi\\\/wp-content\\\/uploads\\\/2025\\\/01\\\/Kopio-169-1500x844-1.jpg\",\"contentUrl\":\"https:\\\/\\\/www.ekonomit.fi\\\/wp-content\\\/uploads\\\/2025\\\/01\\\/Kopio-169-1500x844-1.jpg\",\"width\":1500,\"height\":844},{\"@type\":\"BreadcrumbList\",\"@id\":\"https:\\\/\\\/www.ekonomit.fi\\\/sv\\\/gemenskap\\\/ekonomit-90\\\/#breadcrumb\",\"itemListElement\":[{\"@type\":\"ListItem\",\"position\":1,\"name\":\"Home\",\"item\":\"https:\\\/\\\/www.ekonomit.fi\\\/sv\\\/\"},{\"@type\":\"ListItem\",\"position\":2,\"name\":\"Ekonomer 90 \u2013 vi firar i goda g\u00e4rningars tecken\"}]},{\"@type\":\"WebSite\",\"@id\":\"https:\\\/\\\/www.ekonomit.fi\\\/sv\\\/#website\",\"url\":\"https:\\\/\\\/www.ekonomit.fi\\\/sv\\\/\",\"name\":\"Suomen Ekonomit\",\"description\":\"\",\"publisher\":{\"@id\":\"https:\\\/\\\/www.ekonomit.fi\\\/sv\\\/#organization\"},\"potentialAction\":[{\"@type\":\"SearchAction\",\"target\":{\"@type\":\"EntryPoint\",\"urlTemplate\":\"https:\\\/\\\/www.ekonomit.fi\\\/sv\\\/?s={search_term_string}\"},\"query-input\":{\"@type\":\"PropertyValueSpecification\",\"valueRequired\":true,\"valueName\":\"search_term_string\"}}],\"inLanguage\":\"sv-SE\"},{\"@type\":\"Organization\",\"@id\":\"https:\\\/\\\/www.ekonomit.fi\\\/sv\\\/#organization\",\"name\":\"Suomen Ekonomit\",\"url\":\"https:\\\/\\\/www.ekonomit.fi\\\/sv\\\/\",\"logo\":{\"@type\":\"ImageObject\",\"inLanguage\":\"sv-SE\",\"@id\":\"https:\\\/\\\/www.ekonomit.fi\\\/sv\\\/#\\\/schema\\\/logo\\\/image\\\/\",\"url\":\"https:\\\/\\\/www.ekonomit.fi\\\/wp-content\\\/uploads\\\/2020\\\/05\\\/ekonomit-mer-nega.png\",\"contentUrl\":\"https:\\\/\\\/www.ekonomit.fi\\\/wp-content\\\/uploads\\\/2020\\\/05\\\/ekonomit-mer-nega.png\",\"width\":870,\"height\":307,\"caption\":\"Suomen Ekonomit\"},\"image\":{\"@id\":\"https:\\\/\\\/www.ekonomit.fi\\\/sv\\\/#\\\/schema\\\/logo\\\/image\\\/\"}},{\"@type\":\"Person\",\"@id\":\"https:\\\/\\\/www.ekonomit.fi\\\/sv\\\/#\\\/schema\\\/person\\\/554e98e5e34c51fcdc89c46badffadbf\",\"name\":\"idalevanen\",\"image\":{\"@type\":\"ImageObject\",\"inLanguage\":\"sv-SE\",\"@id\":\"https:\\\/\\\/www.ekonomit.fi\\\/wp-content\\\/litespeed\\\/avatar\\\/632fbac5f499bf8a7bd6f3297b3dffdb.jpg?ver=1776760890\",\"url\":\"https:\\\/\\\/www.ekonomit.fi\\\/wp-content\\\/litespeed\\\/avatar\\\/632fbac5f499bf8a7bd6f3297b3dffdb.jpg?ver=1776760890\",\"contentUrl\":\"https:\\\/\\\/www.ekonomit.fi\\\/wp-content\\\/litespeed\\\/avatar\\\/632fbac5f499bf8a7bd6f3297b3dffdb.jpg?ver=1776760890\",\"caption\":\"idalevanen\"}}]}<\/script>\n<!-- \/ Yoast SEO plugin. -->","yoast_head_json":{"title":"Ekonomer 90 \u2013 vi firar i goda g\u00e4rningars tecken - Suomen Ekonomit","robots":{"index":"index","follow":"follow","max-snippet":"max-snippet:-1","max-image-preview":"max-image-preview:large","max-video-preview":"max-video-preview:-1"},"canonical":"https:\/\/www.ekonomit.fi\/sv\/gemenskap\/ekonomit-90\/","og_locale":"sv_SE","og_type":"article","og_title":"Ekonomer 90 \u2013 vi firar i goda g\u00e4rningars tecken - Suomen Ekonomit","og_description":"Ekonomgemenskapen firar sitt 90-\u00e5rsjubileum med goda g\u00e4rningar och gemenskap. Under jubileums\u00e5ret genomf\u00f6rs minst 90 konkreta g\u00e4rningar som sprider gl\u00e4dje och v\u00e4lbefinnande. Kom med och g\u00f6r gott!","og_url":"https:\/\/www.ekonomit.fi\/sv\/gemenskap\/ekonomit-90\/","og_site_name":"Suomen Ekonomit","article_published_time":"2025-01-14T11:54:46+00:00","article_modified_time":"2025-01-14T12:07:19+00:00","og_image":[{"width":1500,"height":844,"url":"https:\/\/www.ekonomit.fi\/wp-content\/uploads\/2025\/01\/Kopio-169-1500x844-1.jpg","type":"image\/jpeg"}],"author":"idalevanen","twitter_card":"summary_large_image","twitter_misc":{"Skriven av":"idalevanen","Ber\u00e4knad l\u00e4stid":"2 minuter"},"schema":{"@context":"https:\/\/schema.org","@graph":[{"@type":"Article","@id":"https:\/\/www.ekonomit.fi\/sv\/gemenskap\/ekonomit-90\/#article","isPartOf":{"@id":"https:\/\/www.ekonomit.fi\/sv\/gemenskap\/ekonomit-90\/"},"author":{"name":"idalevanen","@id":"https:\/\/www.ekonomit.fi\/sv\/#\/schema\/person\/554e98e5e34c51fcdc89c46badffadbf"},"headline":"Ekonomer 90 \u2013 vi firar i goda g\u00e4rningars tecken","datePublished":"2025-01-14T11:54:46+00:00","dateModified":"2025-01-14T12:07:19+00:00","mainEntityOfPage":{"@id":"https:\/\/www.ekonomit.fi\/sv\/gemenskap\/ekonomit-90\/"},"wordCount":196,"publisher":{"@id":"https:\/\/www.ekonomit.fi\/sv\/#organization"},"image":{"@id":"https:\/\/www.ekonomit.fi\/sv\/gemenskap\/ekonomit-90\/#primaryimage"},"thumbnailUrl":"https:\/\/www.ekonomit.fi\/wp-content\/uploads\/2025\/01\/Kopio-169-1500x844-1.jpg","articleSection":["Gemenskap"],"inLanguage":"sv-SE"},{"@type":"WebPage","@id":"https:\/\/www.ekonomit.fi\/sv\/gemenskap\/ekonomit-90\/","url":"https:\/\/www.ekonomit.fi\/sv\/gemenskap\/ekonomit-90\/","name":"Ekonomer 90 \u2013 vi firar i goda g\u00e4rningars tecken - Suomen Ekonomit","isPartOf":{"@id":"https:\/\/www.ekonomit.fi\/sv\/#website"},"primaryImageOfPage":{"@id":"https:\/\/www.ekonomit.fi\/sv\/gemenskap\/ekonomit-90\/#primaryimage"},"image":{"@id":"https:\/\/www.ekonomit.fi\/sv\/gemenskap\/ekonomit-90\/#primaryimage"},"thumbnailUrl":"https:\/\/www.ekonomit.fi\/wp-content\/uploads\/2025\/01\/Kopio-169-1500x844-1.jpg","datePublished":"2025-01-14T11:54:46+00:00","dateModified":"2025-01-14T12:07:19+00:00","breadcrumb":{"@id":"https:\/\/www.ekonomit.fi\/sv\/gemenskap\/ekonomit-90\/#breadcrumb"},"inLanguage":"sv-SE","potentialAction":[{"@type":"ReadAction","target":["https:\/\/www.ekonomit.fi\/sv\/gemenskap\/ekonomit-90\/"]}]},{"@type":"ImageObject","inLanguage":"sv-SE","@id":"https:\/\/www.ekonomit.fi\/sv\/gemenskap\/ekonomit-90\/#primaryimage","url":"https:\/\/www.ekonomit.fi\/wp-content\/uploads\/2025\/01\/Kopio-169-1500x844-1.jpg","contentUrl":"https:\/\/www.ekonomit.fi\/wp-content\/uploads\/2025\/01\/Kopio-169-1500x844-1.jpg","width":1500,"height":844},{"@type":"BreadcrumbList","@id":"https:\/\/www.ekonomit.fi\/sv\/gemenskap\/ekonomit-90\/#breadcrumb","itemListElement":[{"@type":"ListItem","position":1,"name":"Home","item":"https:\/\/www.ekonomit.fi\/sv\/"},{"@type":"ListItem","position":2,"name":"Ekonomer 90 \u2013 vi firar i goda g\u00e4rningars tecken"}]},{"@type":"WebSite","@id":"https:\/\/www.ekonomit.fi\/sv\/#website","url":"https:\/\/www.ekonomit.fi\/sv\/","name":"Suomen Ekonomit","description":"","publisher":{"@id":"https:\/\/www.ekonomit.fi\/sv\/#organization"},"potentialAction":[{"@type":"SearchAction","target":{"@type":"EntryPoint","urlTemplate":"https:\/\/www.ekonomit.fi\/sv\/?s={search_term_string}"},"query-input":{"@type":"PropertyValueSpecification","valueRequired":true,"valueName":"search_term_string"}}],"inLanguage":"sv-SE"},{"@type":"Organization","@id":"https:\/\/www.ekonomit.fi\/sv\/#organization","name":"Suomen Ekonomit","url":"https:\/\/www.ekonomit.fi\/sv\/","logo":{"@type":"ImageObject","inLanguage":"sv-SE","@id":"https:\/\/www.ekonomit.fi\/sv\/#\/schema\/logo\/image\/","url":"https:\/\/www.ekonomit.fi\/wp-content\/uploads\/2020\/05\/ekonomit-mer-nega.png","contentUrl":"https:\/\/www.ekonomit.fi\/wp-content\/uploads\/2020\/05\/ekonomit-mer-nega.png","width":870,"height":307,"caption":"Suomen Ekonomit"},"image":{"@id":"https:\/\/www.ekonomit.fi\/sv\/#\/schema\/logo\/image\/"}},{"@type":"Person","@id":"https:\/\/www.ekonomit.fi\/sv\/#\/schema\/person\/554e98e5e34c51fcdc89c46badffadbf","name":"idalevanen","image":{"@type":"ImageObject","inLanguage":"sv-SE","@id":"https:\/\/www.ekonomit.fi\/wp-content\/litespeed\/avatar\/632fbac5f499bf8a7bd6f3297b3dffdb.jpg?ver=1776760890","url":"https:\/\/www.ekonomit.fi\/wp-content\/litespeed\/avatar\/632fbac5f499bf8a7bd6f3297b3dffdb.jpg?ver=1776760890","contentUrl":"https:\/\/www.ekonomit.fi\/wp-content\/litespeed\/avatar\/632fbac5f499bf8a7bd6f3297b3dffdb.jpg?ver=1776760890","caption":"idalevanen"}}]}},"author_meta":{"display_name":"idalevanen","author_link":"https:\/\/www.ekonomit.fi\/sv\/author\/idalevanen\/"},"featured_img":"https:\/\/www.ekonomit.fi\/wp-content\/uploads\/2025\/01\/Kopio-169-1500x844-1-300x169.jpg","jetpack_featured_media_url":"https:\/\/www.ekonomit.fi\/wp-content\/uploads\/2025\/01\/Kopio-169-1500x844-1.jpg","coauthors":[],"tax_additional":{"categories":{"linked":["<a href=\"https:\/\/www.ekonomit.fi\/sv\/category\/gemenskap\/\" class=\"advgb-post-tax-term\">Gemenskap<\/a>"],"unlinked":["<span class=\"advgb-post-tax-term\">Gemenskap<\/span>"]}},"comment_count":0,"relative_dates":{"created":"Publicerad 1 \u00e5r sedan","modified":"Uppdaterad 1 \u00e5r sedan"},"absolute_dates":{"created":"Publicerat den 14 januari 2025","modified":"Uppdaterad den 14 januari 2025"},"absolute_dates_time":{"created":"Publicerat den 14 januari 2025 13:54","modified":"Uppdaterad den 14 januari 2025 14:07"},"featured_img_caption":"","series_order":"","jetpack_sharing_enabled":true,"_links":{"self":[{"href":"https:\/\/www.ekonomit.fi\/sv\/wp-json\/wp\/v2\/posts\/44712","targetHints":{"allow":["GET"]}}],"collection":[{"href":"https:\/\/www.ekonomit.fi\/sv\/wp-json\/wp\/v2\/posts"}],"about":[{"href":"https:\/\/www.ekonomit.fi\/sv\/wp-json\/wp\/v2\/types\/post"}],"author":[{"embeddable":true,"href":"https:\/\/www.ekonomit.fi\/sv\/wp-json\/wp\/v2\/users\/4"}],"replies":[{"embeddable":true,"href":"https:\/\/www.ekonomit.fi\/sv\/wp-json\/wp\/v2\/comments?post=44712"}],"version-history":[{"count":11,"href":"https:\/\/www.ekonomit.fi\/sv\/wp-json\/wp\/v2\/posts\/44712\/revisions"}],"predecessor-version":[{"id":46407,"href":"https:\/\/www.ekonomit.fi\/sv\/wp-json\/wp\/v2\/posts\/44712\/revisions\/46407"}],"wp:featuredmedia":[{"embeddable":true,"href":"https:\/\/www.ekonomit.fi\/sv\/wp-json\/wp\/v2\/media\/44737"}],"wp:attachment":[{"href":"https:\/\/www.ekonomit.fi\/sv\/wp-json\/wp\/v2\/media?parent=44712"}],"wp:term":[{"taxonomy":"category","embeddable":true,"href":"https:\/\/www.ekonomit.fi\/sv\/wp-json\/wp\/v2\/categories?post=44712"},{"taxonomy":"post_tag","embeddable":true,"href":"https:\/\/www.ekonomit.fi\/sv\/wp-json\/wp\/v2\/tags?post=44712"}],"curies":[{"name":"wp","href":"https:\/\/api.w.org\/{rel}","templated":true}]}}