{"id":44956,"date":"2025-01-24T11:16:51","date_gmt":"2025-01-24T09:16:51","guid":{"rendered":"https:\/\/www.ekonomit.fi\/?p=44956"},"modified":"2025-01-24T11:20:35","modified_gmt":"2025-01-24T09:20:35","slug":"suomen-ekonomeilla-paras-maine","status":"publish","type":"post","link":"https:\/\/www.ekonomit.fi\/sv\/aktuellt\/suomen-ekonomeilla-paras-maine\/","title":{"rendered":"Finlands Ekonomer har det b\u00e4sta ryktet"},"content":{"rendered":"\n<p>Ekonomernas rykte \u00e4r det b\u00e4sta bland arbetsmarknadsorganisationerna och h\u00e5ller en god niv\u00e5 \u00f6verlag, enligt unders\u00f6kningen F\u00f6rtroende &amp; Rykte 2024 Arbetsmarknadsorganisationer. Med i unders\u00f6kningen fanns organisationer fr\u00e5n Akava, STTK och FFC.<\/p>\n\n\n\n<p>Ekonomernas starkaste omr\u00e5den inom sitt rykte var interaktion med intressenter, \u00f6ppenhet och transparens i f\u00f6rvaltningen, stabil ekonomi samt en positiv arbetsgivarimage. \u00c4ven de andra omr\u00e5dena fick goda betyg, vilket inneb\u00e4r att ryktets struktur \u00e4r anm\u00e4rkningsv\u00e4rt j\u00e4mn.<\/p>\n\n\n\n<p>Unders\u00f6kningens syfte var att kartl\u00e4gga ryktet f\u00f6r arbetsmarknadsorganisationer i Finland bland medborgarna, och den genomf\u00f6rdes av T-Media. Totalt deltog 3 970 finl\u00e4ndare i unders\u00f6kningen, och svaren samlades in i augusti 2024.<\/p>\n\n\n\n<h2 class=\"wp-block-heading\"><strong>Mer information:<\/strong><\/h2>\n\n\n\t<div class=\"wp-block-cdl-person-block\">\n\t\t<div class=\"image\">\n\t\t\t<img decoding=\"async\" src=\"https:\/\/www.ekonomit.fi\/wp-content\/uploads\/2020\/06\/Ida_11_2022.jpg\">\n\t\t<\/div>\n\t\t<div class=\"info\">\n\t\t\t<div class=\"name\">\n\t\t\t\tLev\u00e4nen\t\t\t\tIda\t\t\t<\/div>\n\t\t\t<div class=\"job-title\">Kommunikations- och marknadschef, chefredakt\u00f6r<\/div>\n\t\t\t<div class=\"phone\">p. +358407674661<\/div>\n\t\t\t\t\t\t\t<div class=\"linkedin\">\n\t\t\t\t\t<i class=\"fab fa-linkedin\"><\/i>\n\t\t\t\t\t<a href=\"https:\/\/www.linkedin.com\/in\/idalevanen\/\">LinkedIn -profiili<\/a>\n\t\t\t\t<\/div>\n\t\t\t\t\t\t\t\t\t<div class=\"description\"><\/div>\n\t\t<\/div>\n\t<\/div>\n\t<div class=\"rns\" data-title=\"Finlands Ekonomer har det b\u00e4sta ryktet\" data-tags=\"\" data-categories=\"Aktuellt\" data-comments=\"0\" data-date=\"1737717411000\" data-author=\"idalevanen\" data-single=\"\" data-url=\"https:\/\/www.ekonomit.fi\/sv\/aktuellt\/suomen-ekonomeilla-paras-maine\/\"><\/div> <!-- Check out https:\/\/reactandshare.com -->","protected":false},"excerpt":{"rendered":"<p>Ekonomerna utm\u00e4rker sig bland arbetsmarknadsorganisationerna med sitt starka och balanserade rykte.<\/p>\n","protected":false},"author":4,"featured_media":44953,"comment_status":"closed","ping_status":"closed","sticky":false,"template":"","format":"standard","meta":{"_acf_changed":false,"inline_featured_image":false,"advgb_blocks_editor_width":"","advgb_blocks_columns_visual_guide":"","_jetpack_memberships_contains_paid_content":false,"footnotes":""},"categories":[110],"tags":[],"class_list":["post-44956","post","type-post","status-publish","format-standard","has-post-thumbnail","hentry","category-aktuellt"],"acf":[],"yoast_head":"<!-- This site is optimized with the Yoast SEO plugin v27.5 - https:\/\/yoast.com\/product\/yoast-seo-wordpress\/ -->\n<title>Finlands Ekonomer har det b\u00e4sta ryktet - Suomen Ekonomit<\/title>\n<meta name=\"robots\" content=\"index, follow, max-snippet:-1, max-image-preview:large, max-video-preview:-1\" \/>\n<link rel=\"canonical\" href=\"https:\/\/www.ekonomit.fi\/sv\/aktuellt\/suomen-ekonomeilla-paras-maine\/\" \/>\n<meta property=\"og:locale\" content=\"sv_SE\" \/>\n<meta property=\"og:type\" content=\"article\" \/>\n<meta property=\"og:title\" content=\"Finlands Ekonomer har det b\u00e4sta ryktet - Suomen Ekonomit\" \/>\n<meta property=\"og:description\" content=\"Ekonomerna utm\u00e4rker sig bland arbetsmarknadsorganisationerna med sitt starka och balanserade rykte.\" \/>\n<meta property=\"og:url\" content=\"https:\/\/www.ekonomit.fi\/sv\/aktuellt\/suomen-ekonomeilla-paras-maine\/\" \/>\n<meta property=\"og:site_name\" content=\"Suomen Ekonomit\" \/>\n<meta property=\"article:published_time\" content=\"2025-01-24T09:16:51+00:00\" \/>\n<meta property=\"article:modified_time\" content=\"2025-01-24T09:20:35+00:00\" \/>\n<meta property=\"og:image\" content=\"https:\/\/www.ekonomit.fi\/wp-content\/uploads\/2025\/01\/Nimeton-malli-4.jpg\" \/>\n\t<meta property=\"og:image:width\" content=\"1600\" \/>\n\t<meta property=\"og:image:height\" content=\"1067\" \/>\n\t<meta property=\"og:image:type\" content=\"image\/jpeg\" \/>\n<meta name=\"author\" content=\"idalevanen\" \/>\n<meta name=\"twitter:card\" content=\"summary_large_image\" \/>\n<meta name=\"twitter:label1\" content=\"Skriven av\" \/>\n\t<meta name=\"twitter:data1\" content=\"idalevanen\" \/>\n\t<meta name=\"twitter:label2\" content=\"Ber\u00e4knad l\u00e4stid\" \/>\n\t<meta name=\"twitter:data2\" content=\"1 minut\" \/>\n<script type=\"application\/ld+json\" class=\"yoast-schema-graph\">{\"@context\":\"https:\\\/\\\/schema.org\",\"@graph\":[{\"@type\":\"Article\",\"@id\":\"https:\\\/\\\/www.ekonomit.fi\\\/sv\\\/aktuellt\\\/suomen-ekonomeilla-paras-maine\\\/#article\",\"isPartOf\":{\"@id\":\"https:\\\/\\\/www.ekonomit.fi\\\/sv\\\/aktuellt\\\/suomen-ekonomeilla-paras-maine\\\/\"},\"author\":{\"name\":\"idalevanen\",\"@id\":\"https:\\\/\\\/www.ekonomit.fi\\\/sv\\\/#\\\/schema\\\/person\\\/554e98e5e34c51fcdc89c46badffadbf\"},\"headline\":\"Finlands Ekonomer har det b\u00e4sta ryktet\",\"datePublished\":\"2025-01-24T09:16:51+00:00\",\"dateModified\":\"2025-01-24T09:20:35+00:00\",\"mainEntityOfPage\":{\"@id\":\"https:\\\/\\\/www.ekonomit.fi\\\/sv\\\/aktuellt\\\/suomen-ekonomeilla-paras-maine\\\/\"},\"wordCount\":121,\"publisher\":{\"@id\":\"https:\\\/\\\/www.ekonomit.fi\\\/sv\\\/#organization\"},\"image\":{\"@id\":\"https:\\\/\\\/www.ekonomit.fi\\\/sv\\\/aktuellt\\\/suomen-ekonomeilla-paras-maine\\\/#primaryimage\"},\"thumbnailUrl\":\"https:\\\/\\\/www.ekonomit.fi\\\/wp-content\\\/uploads\\\/2025\\\/01\\\/Nimeton-malli-4.jpg\",\"articleSection\":[\"Aktuellt\"],\"inLanguage\":\"sv-SE\"},{\"@type\":\"WebPage\",\"@id\":\"https:\\\/\\\/www.ekonomit.fi\\\/sv\\\/aktuellt\\\/suomen-ekonomeilla-paras-maine\\\/\",\"url\":\"https:\\\/\\\/www.ekonomit.fi\\\/sv\\\/aktuellt\\\/suomen-ekonomeilla-paras-maine\\\/\",\"name\":\"Finlands Ekonomer har det b\u00e4sta ryktet - Suomen Ekonomit\",\"isPartOf\":{\"@id\":\"https:\\\/\\\/www.ekonomit.fi\\\/sv\\\/#website\"},\"primaryImageOfPage\":{\"@id\":\"https:\\\/\\\/www.ekonomit.fi\\\/sv\\\/aktuellt\\\/suomen-ekonomeilla-paras-maine\\\/#primaryimage\"},\"image\":{\"@id\":\"https:\\\/\\\/www.ekonomit.fi\\\/sv\\\/aktuellt\\\/suomen-ekonomeilla-paras-maine\\\/#primaryimage\"},\"thumbnailUrl\":\"https:\\\/\\\/www.ekonomit.fi\\\/wp-content\\\/uploads\\\/2025\\\/01\\\/Nimeton-malli-4.jpg\",\"datePublished\":\"2025-01-24T09:16:51+00:00\",\"dateModified\":\"2025-01-24T09:20:35+00:00\",\"breadcrumb\":{\"@id\":\"https:\\\/\\\/www.ekonomit.fi\\\/sv\\\/aktuellt\\\/suomen-ekonomeilla-paras-maine\\\/#breadcrumb\"},\"inLanguage\":\"sv-SE\",\"potentialAction\":[{\"@type\":\"ReadAction\",\"target\":[\"https:\\\/\\\/www.ekonomit.fi\\\/sv\\\/aktuellt\\\/suomen-ekonomeilla-paras-maine\\\/\"]}]},{\"@type\":\"ImageObject\",\"inLanguage\":\"sv-SE\",\"@id\":\"https:\\\/\\\/www.ekonomit.fi\\\/sv\\\/aktuellt\\\/suomen-ekonomeilla-paras-maine\\\/#primaryimage\",\"url\":\"https:\\\/\\\/www.ekonomit.fi\\\/wp-content\\\/uploads\\\/2025\\\/01\\\/Nimeton-malli-4.jpg\",\"contentUrl\":\"https:\\\/\\\/www.ekonomit.fi\\\/wp-content\\\/uploads\\\/2025\\\/01\\\/Nimeton-malli-4.jpg\",\"width\":1600,\"height\":1067},{\"@type\":\"BreadcrumbList\",\"@id\":\"https:\\\/\\\/www.ekonomit.fi\\\/sv\\\/aktuellt\\\/suomen-ekonomeilla-paras-maine\\\/#breadcrumb\",\"itemListElement\":[{\"@type\":\"ListItem\",\"position\":1,\"name\":\"Home\",\"item\":\"https:\\\/\\\/www.ekonomit.fi\\\/sv\\\/\"},{\"@type\":\"ListItem\",\"position\":2,\"name\":\"Finlands Ekonomer har det b\u00e4sta ryktet\"}]},{\"@type\":\"WebSite\",\"@id\":\"https:\\\/\\\/www.ekonomit.fi\\\/sv\\\/#website\",\"url\":\"https:\\\/\\\/www.ekonomit.fi\\\/sv\\\/\",\"name\":\"Suomen Ekonomit\",\"description\":\"\",\"publisher\":{\"@id\":\"https:\\\/\\\/www.ekonomit.fi\\\/sv\\\/#organization\"},\"potentialAction\":[{\"@type\":\"SearchAction\",\"target\":{\"@type\":\"EntryPoint\",\"urlTemplate\":\"https:\\\/\\\/www.ekonomit.fi\\\/sv\\\/?s={search_term_string}\"},\"query-input\":{\"@type\":\"PropertyValueSpecification\",\"valueRequired\":true,\"valueName\":\"search_term_string\"}}],\"inLanguage\":\"sv-SE\"},{\"@type\":\"Organization\",\"@id\":\"https:\\\/\\\/www.ekonomit.fi\\\/sv\\\/#organization\",\"name\":\"Suomen Ekonomit\",\"url\":\"https:\\\/\\\/www.ekonomit.fi\\\/sv\\\/\",\"logo\":{\"@type\":\"ImageObject\",\"inLanguage\":\"sv-SE\",\"@id\":\"https:\\\/\\\/www.ekonomit.fi\\\/sv\\\/#\\\/schema\\\/logo\\\/image\\\/\",\"url\":\"https:\\\/\\\/www.ekonomit.fi\\\/wp-content\\\/uploads\\\/2020\\\/05\\\/ekonomit-mer-nega.png\",\"contentUrl\":\"https:\\\/\\\/www.ekonomit.fi\\\/wp-content\\\/uploads\\\/2020\\\/05\\\/ekonomit-mer-nega.png\",\"width\":870,\"height\":307,\"caption\":\"Suomen Ekonomit\"},\"image\":{\"@id\":\"https:\\\/\\\/www.ekonomit.fi\\\/sv\\\/#\\\/schema\\\/logo\\\/image\\\/\"}},{\"@type\":\"Person\",\"@id\":\"https:\\\/\\\/www.ekonomit.fi\\\/sv\\\/#\\\/schema\\\/person\\\/554e98e5e34c51fcdc89c46badffadbf\",\"name\":\"idalevanen\",\"image\":{\"@type\":\"ImageObject\",\"inLanguage\":\"sv-SE\",\"@id\":\"https:\\\/\\\/www.ekonomit.fi\\\/wp-content\\\/litespeed\\\/avatar\\\/632fbac5f499bf8a7bd6f3297b3dffdb.jpg?ver=1777366207\",\"url\":\"https:\\\/\\\/www.ekonomit.fi\\\/wp-content\\\/litespeed\\\/avatar\\\/632fbac5f499bf8a7bd6f3297b3dffdb.jpg?ver=1777366207\",\"contentUrl\":\"https:\\\/\\\/www.ekonomit.fi\\\/wp-content\\\/litespeed\\\/avatar\\\/632fbac5f499bf8a7bd6f3297b3dffdb.jpg?ver=1777366207\",\"caption\":\"idalevanen\"}}]}<\/script>\n<!-- \/ Yoast SEO plugin. -->","yoast_head_json":{"title":"Finlands Ekonomer har det b\u00e4sta ryktet - Suomen Ekonomit","robots":{"index":"index","follow":"follow","max-snippet":"max-snippet:-1","max-image-preview":"max-image-preview:large","max-video-preview":"max-video-preview:-1"},"canonical":"https:\/\/www.ekonomit.fi\/sv\/aktuellt\/suomen-ekonomeilla-paras-maine\/","og_locale":"sv_SE","og_type":"article","og_title":"Finlands Ekonomer har det b\u00e4sta ryktet - Suomen Ekonomit","og_description":"Ekonomerna utm\u00e4rker sig bland arbetsmarknadsorganisationerna med sitt starka och balanserade rykte.","og_url":"https:\/\/www.ekonomit.fi\/sv\/aktuellt\/suomen-ekonomeilla-paras-maine\/","og_site_name":"Suomen Ekonomit","article_published_time":"2025-01-24T09:16:51+00:00","article_modified_time":"2025-01-24T09:20:35+00:00","og_image":[{"width":1600,"height":1067,"url":"https:\/\/www.ekonomit.fi\/wp-content\/uploads\/2025\/01\/Nimeton-malli-4.jpg","type":"image\/jpeg"}],"author":"idalevanen","twitter_card":"summary_large_image","twitter_misc":{"Skriven av":"idalevanen","Ber\u00e4knad l\u00e4stid":"1 minut"},"schema":{"@context":"https:\/\/schema.org","@graph":[{"@type":"Article","@id":"https:\/\/www.ekonomit.fi\/sv\/aktuellt\/suomen-ekonomeilla-paras-maine\/#article","isPartOf":{"@id":"https:\/\/www.ekonomit.fi\/sv\/aktuellt\/suomen-ekonomeilla-paras-maine\/"},"author":{"name":"idalevanen","@id":"https:\/\/www.ekonomit.fi\/sv\/#\/schema\/person\/554e98e5e34c51fcdc89c46badffadbf"},"headline":"Finlands Ekonomer har det b\u00e4sta ryktet","datePublished":"2025-01-24T09:16:51+00:00","dateModified":"2025-01-24T09:20:35+00:00","mainEntityOfPage":{"@id":"https:\/\/www.ekonomit.fi\/sv\/aktuellt\/suomen-ekonomeilla-paras-maine\/"},"wordCount":121,"publisher":{"@id":"https:\/\/www.ekonomit.fi\/sv\/#organization"},"image":{"@id":"https:\/\/www.ekonomit.fi\/sv\/aktuellt\/suomen-ekonomeilla-paras-maine\/#primaryimage"},"thumbnailUrl":"https:\/\/www.ekonomit.fi\/wp-content\/uploads\/2025\/01\/Nimeton-malli-4.jpg","articleSection":["Aktuellt"],"inLanguage":"sv-SE"},{"@type":"WebPage","@id":"https:\/\/www.ekonomit.fi\/sv\/aktuellt\/suomen-ekonomeilla-paras-maine\/","url":"https:\/\/www.ekonomit.fi\/sv\/aktuellt\/suomen-ekonomeilla-paras-maine\/","name":"Finlands Ekonomer har det b\u00e4sta ryktet - Suomen Ekonomit","isPartOf":{"@id":"https:\/\/www.ekonomit.fi\/sv\/#website"},"primaryImageOfPage":{"@id":"https:\/\/www.ekonomit.fi\/sv\/aktuellt\/suomen-ekonomeilla-paras-maine\/#primaryimage"},"image":{"@id":"https:\/\/www.ekonomit.fi\/sv\/aktuellt\/suomen-ekonomeilla-paras-maine\/#primaryimage"},"thumbnailUrl":"https:\/\/www.ekonomit.fi\/wp-content\/uploads\/2025\/01\/Nimeton-malli-4.jpg","datePublished":"2025-01-24T09:16:51+00:00","dateModified":"2025-01-24T09:20:35+00:00","breadcrumb":{"@id":"https:\/\/www.ekonomit.fi\/sv\/aktuellt\/suomen-ekonomeilla-paras-maine\/#breadcrumb"},"inLanguage":"sv-SE","potentialAction":[{"@type":"ReadAction","target":["https:\/\/www.ekonomit.fi\/sv\/aktuellt\/suomen-ekonomeilla-paras-maine\/"]}]},{"@type":"ImageObject","inLanguage":"sv-SE","@id":"https:\/\/www.ekonomit.fi\/sv\/aktuellt\/suomen-ekonomeilla-paras-maine\/#primaryimage","url":"https:\/\/www.ekonomit.fi\/wp-content\/uploads\/2025\/01\/Nimeton-malli-4.jpg","contentUrl":"https:\/\/www.ekonomit.fi\/wp-content\/uploads\/2025\/01\/Nimeton-malli-4.jpg","width":1600,"height":1067},{"@type":"BreadcrumbList","@id":"https:\/\/www.ekonomit.fi\/sv\/aktuellt\/suomen-ekonomeilla-paras-maine\/#breadcrumb","itemListElement":[{"@type":"ListItem","position":1,"name":"Home","item":"https:\/\/www.ekonomit.fi\/sv\/"},{"@type":"ListItem","position":2,"name":"Finlands Ekonomer har det b\u00e4sta ryktet"}]},{"@type":"WebSite","@id":"https:\/\/www.ekonomit.fi\/sv\/#website","url":"https:\/\/www.ekonomit.fi\/sv\/","name":"Suomen Ekonomit","description":"","publisher":{"@id":"https:\/\/www.ekonomit.fi\/sv\/#organization"},"potentialAction":[{"@type":"SearchAction","target":{"@type":"EntryPoint","urlTemplate":"https:\/\/www.ekonomit.fi\/sv\/?s={search_term_string}"},"query-input":{"@type":"PropertyValueSpecification","valueRequired":true,"valueName":"search_term_string"}}],"inLanguage":"sv-SE"},{"@type":"Organization","@id":"https:\/\/www.ekonomit.fi\/sv\/#organization","name":"Suomen Ekonomit","url":"https:\/\/www.ekonomit.fi\/sv\/","logo":{"@type":"ImageObject","inLanguage":"sv-SE","@id":"https:\/\/www.ekonomit.fi\/sv\/#\/schema\/logo\/image\/","url":"https:\/\/www.ekonomit.fi\/wp-content\/uploads\/2020\/05\/ekonomit-mer-nega.png","contentUrl":"https:\/\/www.ekonomit.fi\/wp-content\/uploads\/2020\/05\/ekonomit-mer-nega.png","width":870,"height":307,"caption":"Suomen Ekonomit"},"image":{"@id":"https:\/\/www.ekonomit.fi\/sv\/#\/schema\/logo\/image\/"}},{"@type":"Person","@id":"https:\/\/www.ekonomit.fi\/sv\/#\/schema\/person\/554e98e5e34c51fcdc89c46badffadbf","name":"idalevanen","image":{"@type":"ImageObject","inLanguage":"sv-SE","@id":"https:\/\/www.ekonomit.fi\/wp-content\/litespeed\/avatar\/632fbac5f499bf8a7bd6f3297b3dffdb.jpg?ver=1777366207","url":"https:\/\/www.ekonomit.fi\/wp-content\/litespeed\/avatar\/632fbac5f499bf8a7bd6f3297b3dffdb.jpg?ver=1777366207","contentUrl":"https:\/\/www.ekonomit.fi\/wp-content\/litespeed\/avatar\/632fbac5f499bf8a7bd6f3297b3dffdb.jpg?ver=1777366207","caption":"idalevanen"}}]}},"author_meta":{"display_name":"idalevanen","author_link":"https:\/\/www.ekonomit.fi\/sv\/author\/idalevanen\/"},"featured_img":"https:\/\/www.ekonomit.fi\/wp-content\/uploads\/2025\/01\/Nimeton-malli-4-300x200.jpg","jetpack_featured_media_url":"https:\/\/www.ekonomit.fi\/wp-content\/uploads\/2025\/01\/Nimeton-malli-4.jpg","coauthors":[],"tax_additional":{"categories":{"linked":["<a href=\"https:\/\/www.ekonomit.fi\/sv\/category\/aktuellt\/\" class=\"advgb-post-tax-term\">Aktuellt<\/a>"],"unlinked":["<span class=\"advgb-post-tax-term\">Aktuellt<\/span>"]}},"comment_count":0,"relative_dates":{"created":"Publicerad 1 \u00e5r sedan","modified":"Uppdaterad 1 \u00e5r sedan"},"absolute_dates":{"created":"Publicerat den 24 januari 2025","modified":"Uppdaterad den 24 januari 2025"},"absolute_dates_time":{"created":"Publicerat den 24 januari 2025 11:16","modified":"Uppdaterad den 24 januari 2025 11:20"},"featured_img_caption":"","series_order":"","jetpack_sharing_enabled":true,"_links":{"self":[{"href":"https:\/\/www.ekonomit.fi\/sv\/wp-json\/wp\/v2\/posts\/44956","targetHints":{"allow":["GET"]}}],"collection":[{"href":"https:\/\/www.ekonomit.fi\/sv\/wp-json\/wp\/v2\/posts"}],"about":[{"href":"https:\/\/www.ekonomit.fi\/sv\/wp-json\/wp\/v2\/types\/post"}],"author":[{"embeddable":true,"href":"https:\/\/www.ekonomit.fi\/sv\/wp-json\/wp\/v2\/users\/4"}],"replies":[{"embeddable":true,"href":"https:\/\/www.ekonomit.fi\/sv\/wp-json\/wp\/v2\/comments?post=44956"}],"version-history":[{"count":2,"href":"https:\/\/www.ekonomit.fi\/sv\/wp-json\/wp\/v2\/posts\/44956\/revisions"}],"predecessor-version":[{"id":44961,"href":"https:\/\/www.ekonomit.fi\/sv\/wp-json\/wp\/v2\/posts\/44956\/revisions\/44961"}],"wp:featuredmedia":[{"embeddable":true,"href":"https:\/\/www.ekonomit.fi\/sv\/wp-json\/wp\/v2\/media\/44953"}],"wp:attachment":[{"href":"https:\/\/www.ekonomit.fi\/sv\/wp-json\/wp\/v2\/media?parent=44956"}],"wp:term":[{"taxonomy":"category","embeddable":true,"href":"https:\/\/www.ekonomit.fi\/sv\/wp-json\/wp\/v2\/categories?post=44956"},{"taxonomy":"post_tag","embeddable":true,"href":"https:\/\/www.ekonomit.fi\/sv\/wp-json\/wp\/v2\/tags?post=44956"}],"curies":[{"name":"wp","href":"https:\/\/api.w.org\/{rel}","templated":true}]}}